{"id":1268,"date":"2016-07-19T16:21:46","date_gmt":"2016-07-19T19:21:46","guid":{"rendered":"https:\/\/golfinhorotador.org.br\/?p=1268"},"modified":"2025-08-08T01:35:29","modified_gmt":"2025-08-08T04:35:29","slug":"coordenador-financeiro-do-projeto-golfinho-rotador-conquista-medalha-no-desafio-das-serras-rn","status":"publish","type":"post","link":"https:\/\/golfinhorotador.org.br\/en\/2016\/07\/19\/coordenador-financeiro-do-projeto-golfinho-rotador-conquista-medalha-no-desafio-das-serras-rn\/","title":{"rendered":"Coordenador Financeiro do Projeto Golfinho Rotador conquista medalha no Desafio das Serras (RN)"},"content":{"rendered":"<figure id=\"attachment_1269\" aria-describedby=\"caption-attachment-1269\" style=\"width: 395px\" class=\"wp-caption alignleft\"><a href=\"https:\/\/golfinhorotador.org.br\/wp-content\/uploads\/2025\/08\/Ademir_Desafio_das_Serras.jpg\"><img fetchpriority=\"high\" decoding=\"async\" class=\"size-full wp-image-1269\" src=\"https:\/\/golfinhorotador.org.br\/wp-content\/uploads\/2025\/08\/Ademir_Desafio_das_Serras.jpg\" alt=\"\" width=\"395\" height=\"677\" srcset=\"https:\/\/golfinhorotador.org.br\/wp-content\/uploads\/2025\/08\/Ademir_Desafio_das_Serras.jpg 395w, https:\/\/golfinhorotador.org.br\/wp-content\/uploads\/2025\/08\/Ademir_Desafio_das_Serras-175x300.jpg 175w\" sizes=\"(max-width: 395px) 100vw, 395px\" \/><\/a><figcaption id=\"caption-attachment-1269\" class=\"wp-caption-text\">Ademir Ventura ficou em 3\u00ba lugar geral em sua primeira corrida fora da ilha. O atleta, que vem se destacando no esporte, foi escolhido como um dos condutores da tocha ol\u00edmpica em Noronha.<\/figcaption><\/figure>\n<p>Em sua primeira competi\u00e7\u00e3o fora do Arquip\u00e9lago de Fernando de Noronha, o atleta Ademir\u00a0 Ventura, que \u00e9 Coordenador Administrativo e Financeiro do Projeto Golfinho Rotador, conquistou o 3\u00ba lugar geral no Desafio das Serras \u2013 Etapa S\u00e3o Bento (RN) neste fim de semana. \u201cA competi\u00e7\u00e3o foi dur\u00edssima. O percurso foi muito t\u00e9cnico e o sol bem forte. Sem contar que o tempo estava abafado, tornando a competi\u00e7\u00e3o muito forte.\u201d, explicou Ademir sobre as dificuldades da corrida.<br \/>\nNo Desafio das Serras, que aconteceu neste domingo (17), Ademir correu pela equipe Trunk Noronha na categoria Trail Run 12 km e garantiu a medalha de bronze com o tempo l\u00edquido de 1 hora e 8 segundos. A primeira posi\u00e7\u00e3o ficou com Jos\u00e9 Eriberto Alves (equipe Sti Runner), que fez a prova em 53 minutos e 24 segundos. J\u00e1 a medalha de prata foi conquistada pelo atleta Pierluigi Milan (equipe Carn Atletismo), com o tempo de 59 minutos e 29 segundos. O Desafio das Serras contou ainda com disputas nas categorias Trail Run 6 km e Duathlon.<\/p>\n<p>Na ilha, Ademir divide seu tempo entre a fam\u00edlia, suas atividades do Projeto Golfinho Rotador e os treinos. Por se destacar na corrida, em junho deste ano, o atleta foi um dos escolhidos para conduzir o s\u00edmbolo m\u00e1ximo dos Jogos Ol\u00edmpicos do Rio 2016, a tocha ol\u00edmpica. Ademir finalizou o revezamento da tocha que ocorreu tamb\u00e9m em Fernando de Noronha.<\/p>\n<p>\u201cComo foi minha primeira competi\u00e7\u00e3o fora de Noronha, e n\u00e3o conhecia o percurso e nem os competidores, foi tudo muito dif\u00edcil. O 3\u00b0 lugar geral em uma competi\u00e7\u00e3o deste n\u00edvel s\u00f3 valoriza mais a coloca\u00e7\u00e3o. Estou muito feliz em todos os sentidos. Percebi que estou no caminho certo, em rela\u00e7\u00e3o aos treinos, e que mesmo treinando confinado na ilha, sem ter refer\u00eancias dos outros atletas, eu estou bem e posso melhorar. Agrade\u00e7o a todos que torceram por mim.\u201d, finalizou Ademir.<\/p>\n<p>A Equipe do Projeto Golfinho Rotador estava em Fernando de Noronha torcendo pelo corredor e tinha certeza, que ele traria medalha!<\/p>\n<p>O \u202aProjeto Golfinho Rotador tem \u200epatroc\u00ednio da Petrobras por meio do Programa Petrobras Socioambiental.<\/p>\n<p>Assessoria de Comunica\u00e7\u00e3o do Projeto Golfinho Rotador<\/p>\n","protected":false},"excerpt":{"rendered":"<p>Em sua primeira competi\u00e7\u00e3o fora do Arquip\u00e9lago de Fernando de Noronha, o atleta Ademir\u00a0 Ventura, que \u00e9 Coordenador Administrativo e Financeiro do Projeto Golfinho Rotador, conquistou o 3\u00ba lugar geral no Desafio das Serras \u2013 Etapa S\u00e3o Bento (RN) neste fim de semana. \u201cA competi\u00e7\u00e3o foi dur\u00edssima. O percurso foi muito t\u00e9cnico e o sol [&hellip;]<\/p>\n","protected":false},"author":2,"featured_media":1269,"comment_status":"open","ping_status":"open","sticky":false,"template":"","format":"standard","meta":{"_acf_changed":false,"footnotes":""},"categories":[9],"tags":[],"class_list":["post-1268","post","type-post","status-publish","format-standard","has-post-thumbnail","hentry","category-noticias"],"acf":{"exibir_imagem_destacada":"N\u00e3o"},"yoast_head":"<!-- This site is optimized with the Yoast SEO plugin v27.5 - https:\/\/yoast.com\/product\/yoast-seo-wordpress\/ -->\n<title>Coordenador Financeiro do Projeto Golfinho Rotador conquista medalha no Desafio das Serras (RN) - Projeto Golfinho Rotador<\/title>\n<meta name=\"robots\" content=\"index, follow, max-snippet:-1, max-image-preview:large, max-video-preview:-1\" \/>\n<link rel=\"canonical\" href=\"https:\/\/golfinhorotador.org.br\/2016\/07\/19\/coordenador-financeiro-do-projeto-golfinho-rotador-conquista-medalha-no-desafio-das-serras-rn\/\" \/>\n<meta property=\"og:locale\" content=\"en_US\" \/>\n<meta property=\"og:type\" content=\"article\" \/>\n<meta property=\"og:title\" content=\"Coordenador Financeiro do Projeto Golfinho Rotador conquista medalha no Desafio das Serras (RN) - Projeto Golfinho Rotador\" \/>\n<meta property=\"og:description\" content=\"Em sua primeira competi\u00e7\u00e3o fora do Arquip\u00e9lago de Fernando de Noronha, o atleta Ademir\u00a0 Ventura, que \u00e9 Coordenador Administrativo e Financeiro do Projeto Golfinho Rotador, conquistou o 3\u00ba lugar geral no Desafio das Serras \u2013 Etapa S\u00e3o Bento (RN) neste fim de semana. \u201cA competi\u00e7\u00e3o foi dur\u00edssima. O percurso foi muito t\u00e9cnico e o sol [&hellip;]\" \/>\n<meta property=\"og:url\" content=\"https:\/\/golfinhorotador.org.br\/2016\/07\/19\/coordenador-financeiro-do-projeto-golfinho-rotador-conquista-medalha-no-desafio-das-serras-rn\/\" \/>\n<meta property=\"og:site_name\" content=\"Projeto Golfinho Rotador\" \/>\n<meta property=\"article:publisher\" content=\"https:\/\/www.facebook.com\/Projeto-Golfinho-Rotador-155695874539813\" \/>\n<meta property=\"article:published_time\" content=\"2016-07-19T19:21:46+00:00\" \/>\n<meta property=\"article:modified_time\" content=\"2025-08-08T04:35:29+00:00\" \/>\n<meta property=\"og:image\" content=\"https:\/\/golfinhorotador.org.br\/wp-content\/uploads\/2025\/08\/Ademir_Desafio_das_Serras.jpg\" \/>\n\t<meta property=\"og:image:width\" content=\"395\" \/>\n\t<meta property=\"og:image:height\" content=\"677\" \/>\n\t<meta property=\"og:image:type\" content=\"image\/jpeg\" \/>\n<meta name=\"author\" content=\"Projeto Golfinho Rotador\" \/>\n<meta name=\"twitter:card\" content=\"summary_large_image\" \/>\n<meta name=\"twitter:creator\" content=\"@golfinhorotador\" \/>\n<meta name=\"twitter:site\" content=\"@golfinhorotador\" \/>\n<meta name=\"twitter:label1\" content=\"Written by\" \/>\n\t<meta name=\"twitter:data1\" content=\"Projeto Golfinho Rotador\" \/>\n\t<meta name=\"twitter:label2\" content=\"Est. reading time\" \/>\n\t<meta name=\"twitter:data2\" content=\"2 minutes\" \/>\n<script type=\"application\/ld+json\" class=\"yoast-schema-graph\">{\"@context\":\"https:\\\/\\\/schema.org\",\"@graph\":[{\"@type\":\"Article\",\"@id\":\"https:\\\/\\\/golfinhorotador.org.br\\\/2016\\\/07\\\/19\\\/coordenador-financeiro-do-projeto-golfinho-rotador-conquista-medalha-no-desafio-das-serras-rn\\\/#article\",\"isPartOf\":{\"@id\":\"https:\\\/\\\/golfinhorotador.org.br\\\/2016\\\/07\\\/19\\\/coordenador-financeiro-do-projeto-golfinho-rotador-conquista-medalha-no-desafio-das-serras-rn\\\/\"},\"author\":{\"name\":\"Projeto Golfinho Rotador\",\"@id\":\"https:\\\/\\\/golfinhorotador.org.br\\\/#\\\/schema\\\/person\\\/31c9f545fc127c9e21fc1c5f001269db\"},\"headline\":\"Coordenador Financeiro do Projeto Golfinho Rotador conquista medalha no Desafio das Serras (RN)\",\"datePublished\":\"2016-07-19T19:21:46+00:00\",\"dateModified\":\"2025-08-08T04:35:29+00:00\",\"mainEntityOfPage\":{\"@id\":\"https:\\\/\\\/golfinhorotador.org.br\\\/2016\\\/07\\\/19\\\/coordenador-financeiro-do-projeto-golfinho-rotador-conquista-medalha-no-desafio-das-serras-rn\\\/\"},\"wordCount\":420,\"commentCount\":0,\"publisher\":{\"@id\":\"https:\\\/\\\/golfinhorotador.org.br\\\/#organization\"},\"image\":{\"@id\":\"https:\\\/\\\/golfinhorotador.org.br\\\/2016\\\/07\\\/19\\\/coordenador-financeiro-do-projeto-golfinho-rotador-conquista-medalha-no-desafio-das-serras-rn\\\/#primaryimage\"},\"thumbnailUrl\":\"https:\\\/\\\/golfinhorotador.org.br\\\/wp-content\\\/uploads\\\/2025\\\/08\\\/Ademir_Desafio_das_Serras.jpg\",\"articleSection\":[\"Not\u00edcias\"],\"inLanguage\":\"en-US\",\"potentialAction\":[{\"@type\":\"CommentAction\",\"name\":\"Comment\",\"target\":[\"https:\\\/\\\/golfinhorotador.org.br\\\/2016\\\/07\\\/19\\\/coordenador-financeiro-do-projeto-golfinho-rotador-conquista-medalha-no-desafio-das-serras-rn\\\/#respond\"]}]},{\"@type\":\"WebPage\",\"@id\":\"https:\\\/\\\/golfinhorotador.org.br\\\/2016\\\/07\\\/19\\\/coordenador-financeiro-do-projeto-golfinho-rotador-conquista-medalha-no-desafio-das-serras-rn\\\/\",\"url\":\"https:\\\/\\\/golfinhorotador.org.br\\\/2016\\\/07\\\/19\\\/coordenador-financeiro-do-projeto-golfinho-rotador-conquista-medalha-no-desafio-das-serras-rn\\\/\",\"name\":\"Coordenador Financeiro do Projeto Golfinho Rotador conquista medalha no Desafio das Serras (RN) - Projeto Golfinho Rotador\",\"isPartOf\":{\"@id\":\"https:\\\/\\\/golfinhorotador.org.br\\\/#website\"},\"primaryImageOfPage\":{\"@id\":\"https:\\\/\\\/golfinhorotador.org.br\\\/2016\\\/07\\\/19\\\/coordenador-financeiro-do-projeto-golfinho-rotador-conquista-medalha-no-desafio-das-serras-rn\\\/#primaryimage\"},\"image\":{\"@id\":\"https:\\\/\\\/golfinhorotador.org.br\\\/2016\\\/07\\\/19\\\/coordenador-financeiro-do-projeto-golfinho-rotador-conquista-medalha-no-desafio-das-serras-rn\\\/#primaryimage\"},\"thumbnailUrl\":\"https:\\\/\\\/golfinhorotador.org.br\\\/wp-content\\\/uploads\\\/2025\\\/08\\\/Ademir_Desafio_das_Serras.jpg\",\"datePublished\":\"2016-07-19T19:21:46+00:00\",\"dateModified\":\"2025-08-08T04:35:29+00:00\",\"breadcrumb\":{\"@id\":\"https:\\\/\\\/golfinhorotador.org.br\\\/2016\\\/07\\\/19\\\/coordenador-financeiro-do-projeto-golfinho-rotador-conquista-medalha-no-desafio-das-serras-rn\\\/#breadcrumb\"},\"inLanguage\":\"en-US\",\"potentialAction\":[{\"@type\":\"ReadAction\",\"target\":[\"https:\\\/\\\/golfinhorotador.org.br\\\/2016\\\/07\\\/19\\\/coordenador-financeiro-do-projeto-golfinho-rotador-conquista-medalha-no-desafio-das-serras-rn\\\/\"]}]},{\"@type\":\"ImageObject\",\"inLanguage\":\"en-US\",\"@id\":\"https:\\\/\\\/golfinhorotador.org.br\\\/2016\\\/07\\\/19\\\/coordenador-financeiro-do-projeto-golfinho-rotador-conquista-medalha-no-desafio-das-serras-rn\\\/#primaryimage\",\"url\":\"https:\\\/\\\/golfinhorotador.org.br\\\/wp-content\\\/uploads\\\/2025\\\/08\\\/Ademir_Desafio_das_Serras.jpg\",\"contentUrl\":\"https:\\\/\\\/golfinhorotador.org.br\\\/wp-content\\\/uploads\\\/2025\\\/08\\\/Ademir_Desafio_das_Serras.jpg\",\"width\":395,\"height\":677,\"caption\":\"Ademir Ventura ficou em 3\u00ba lugar geral em sua primeira corrida fora da ilha. O atleta, que vem se destacando no esporte, foi escolhido como um dos condutores da tocha ol\u00edmpica em Noronha.\"},{\"@type\":\"BreadcrumbList\",\"@id\":\"https:\\\/\\\/golfinhorotador.org.br\\\/2016\\\/07\\\/19\\\/coordenador-financeiro-do-projeto-golfinho-rotador-conquista-medalha-no-desafio-das-serras-rn\\\/#breadcrumb\",\"itemListElement\":[{\"@type\":\"ListItem\",\"position\":1,\"name\":\"In\u00edcio\",\"item\":\"https:\\\/\\\/golfinhorotador.org.br\\\/en\\\/home\\\/\"},{\"@type\":\"ListItem\",\"position\":2,\"name\":\"Coordenador Financeiro do Projeto Golfinho Rotador conquista medalha no Desafio das Serras (RN)\"}]},{\"@type\":\"WebSite\",\"@id\":\"https:\\\/\\\/golfinhorotador.org.br\\\/#website\",\"url\":\"https:\\\/\\\/golfinhorotador.org.br\\\/\",\"name\":\"Projeto Golfinho Rotador\",\"description\":\"Fernando de Noronha\",\"publisher\":{\"@id\":\"https:\\\/\\\/golfinhorotador.org.br\\\/#organization\"},\"potentialAction\":[{\"@type\":\"SearchAction\",\"target\":{\"@type\":\"EntryPoint\",\"urlTemplate\":\"https:\\\/\\\/golfinhorotador.org.br\\\/?s={search_term_string}\"},\"query-input\":{\"@type\":\"PropertyValueSpecification\",\"valueRequired\":true,\"valueName\":\"search_term_string\"}}],\"inLanguage\":\"en-US\"},{\"@type\":\"Organization\",\"@id\":\"https:\\\/\\\/golfinhorotador.org.br\\\/#organization\",\"name\":\"Projeto Golfinho Rotador\",\"url\":\"https:\\\/\\\/golfinhorotador.org.br\\\/\",\"logo\":{\"@type\":\"ImageObject\",\"inLanguage\":\"en-US\",\"@id\":\"https:\\\/\\\/golfinhorotador.org.br\\\/#\\\/schema\\\/logo\\\/image\\\/\",\"url\":\"https:\\\/\\\/golfinhorotador.org.br\\\/wp-content\\\/uploads\\\/2025\\\/07\\\/Logo-PGR-2025-512.png\",\"contentUrl\":\"https:\\\/\\\/golfinhorotador.org.br\\\/wp-content\\\/uploads\\\/2025\\\/07\\\/Logo-PGR-2025-512.png\",\"width\":512,\"height\":512,\"caption\":\"Projeto Golfinho Rotador\"},\"image\":{\"@id\":\"https:\\\/\\\/golfinhorotador.org.br\\\/#\\\/schema\\\/logo\\\/image\\\/\"},\"sameAs\":[\"https:\\\/\\\/www.facebook.com\\\/Projeto-Golfinho-Rotador-155695874539813\",\"https:\\\/\\\/x.com\\\/golfinhorotador\",\"https:\\\/\\\/www.instagram.com\\\/golfinhorotador\\\/\",\"https:\\\/\\\/www.youtube.com\\\/channel\\\/UCYw-aMfBHbkUU_DimpWJzbw\",\"https:\\\/\\\/www.tiktok.com\\\/@golfinhorotador\"]},{\"@type\":\"Person\",\"@id\":\"https:\\\/\\\/golfinhorotador.org.br\\\/#\\\/schema\\\/person\\\/31c9f545fc127c9e21fc1c5f001269db\",\"name\":\"Projeto Golfinho Rotador\",\"image\":{\"@type\":\"ImageObject\",\"inLanguage\":\"en-US\",\"@id\":\"https:\\\/\\\/secure.gravatar.com\\\/avatar\\\/4e2f6bba9197287956dc1c931a4caed810b09aec9b8f38aa913bd11926fd05d2?s=96&d=mm&r=g\",\"url\":\"https:\\\/\\\/secure.gravatar.com\\\/avatar\\\/4e2f6bba9197287956dc1c931a4caed810b09aec9b8f38aa913bd11926fd05d2?s=96&d=mm&r=g\",\"contentUrl\":\"https:\\\/\\\/secure.gravatar.com\\\/avatar\\\/4e2f6bba9197287956dc1c931a4caed810b09aec9b8f38aa913bd11926fd05d2?s=96&d=mm&r=g\",\"caption\":\"Projeto Golfinho Rotador\"},\"url\":\"https:\\\/\\\/golfinhorotador.org.br\\\/en\\\/author\\\/projeto-golfinho-rotador\\\/\"}]}<\/script>\n<!-- \/ Yoast SEO plugin. -->","yoast_head_json":{"title":"Coordenador Financeiro do Projeto Golfinho Rotador conquista medalha no Desafio das Serras (RN) - Projeto Golfinho Rotador","robots":{"index":"index","follow":"follow","max-snippet":"max-snippet:-1","max-image-preview":"max-image-preview:large","max-video-preview":"max-video-preview:-1"},"canonical":"https:\/\/golfinhorotador.org.br\/2016\/07\/19\/coordenador-financeiro-do-projeto-golfinho-rotador-conquista-medalha-no-desafio-das-serras-rn\/","og_locale":"en_US","og_type":"article","og_title":"Coordenador Financeiro do Projeto Golfinho Rotador conquista medalha no Desafio das Serras (RN) - Projeto Golfinho Rotador","og_description":"Em sua primeira competi\u00e7\u00e3o fora do Arquip\u00e9lago de Fernando de Noronha, o atleta Ademir\u00a0 Ventura, que \u00e9 Coordenador Administrativo e Financeiro do Projeto Golfinho Rotador, conquistou o 3\u00ba lugar geral no Desafio das Serras \u2013 Etapa S\u00e3o Bento (RN) neste fim de semana. \u201cA competi\u00e7\u00e3o foi dur\u00edssima. O percurso foi muito t\u00e9cnico e o sol [&hellip;]","og_url":"https:\/\/golfinhorotador.org.br\/2016\/07\/19\/coordenador-financeiro-do-projeto-golfinho-rotador-conquista-medalha-no-desafio-das-serras-rn\/","og_site_name":"Projeto Golfinho Rotador","article_publisher":"https:\/\/www.facebook.com\/Projeto-Golfinho-Rotador-155695874539813","article_published_time":"2016-07-19T19:21:46+00:00","article_modified_time":"2025-08-08T04:35:29+00:00","og_image":[{"width":395,"height":677,"url":"https:\/\/golfinhorotador.org.br\/wp-content\/uploads\/2025\/08\/Ademir_Desafio_das_Serras.jpg","type":"image\/jpeg"}],"author":"Projeto Golfinho Rotador","twitter_card":"summary_large_image","twitter_creator":"@golfinhorotador","twitter_site":"@golfinhorotador","twitter_misc":{"Written by":"Projeto Golfinho Rotador","Est. reading time":"2 minutes"},"schema":{"@context":"https:\/\/schema.org","@graph":[{"@type":"Article","@id":"https:\/\/golfinhorotador.org.br\/2016\/07\/19\/coordenador-financeiro-do-projeto-golfinho-rotador-conquista-medalha-no-desafio-das-serras-rn\/#article","isPartOf":{"@id":"https:\/\/golfinhorotador.org.br\/2016\/07\/19\/coordenador-financeiro-do-projeto-golfinho-rotador-conquista-medalha-no-desafio-das-serras-rn\/"},"author":{"name":"Projeto Golfinho Rotador","@id":"https:\/\/golfinhorotador.org.br\/#\/schema\/person\/31c9f545fc127c9e21fc1c5f001269db"},"headline":"Coordenador Financeiro do Projeto Golfinho Rotador conquista medalha no Desafio das Serras (RN)","datePublished":"2016-07-19T19:21:46+00:00","dateModified":"2025-08-08T04:35:29+00:00","mainEntityOfPage":{"@id":"https:\/\/golfinhorotador.org.br\/2016\/07\/19\/coordenador-financeiro-do-projeto-golfinho-rotador-conquista-medalha-no-desafio-das-serras-rn\/"},"wordCount":420,"commentCount":0,"publisher":{"@id":"https:\/\/golfinhorotador.org.br\/#organization"},"image":{"@id":"https:\/\/golfinhorotador.org.br\/2016\/07\/19\/coordenador-financeiro-do-projeto-golfinho-rotador-conquista-medalha-no-desafio-das-serras-rn\/#primaryimage"},"thumbnailUrl":"https:\/\/golfinhorotador.org.br\/wp-content\/uploads\/2025\/08\/Ademir_Desafio_das_Serras.jpg","articleSection":["Not\u00edcias"],"inLanguage":"en-US","potentialAction":[{"@type":"CommentAction","name":"Comment","target":["https:\/\/golfinhorotador.org.br\/2016\/07\/19\/coordenador-financeiro-do-projeto-golfinho-rotador-conquista-medalha-no-desafio-das-serras-rn\/#respond"]}]},{"@type":"WebPage","@id":"https:\/\/golfinhorotador.org.br\/2016\/07\/19\/coordenador-financeiro-do-projeto-golfinho-rotador-conquista-medalha-no-desafio-das-serras-rn\/","url":"https:\/\/golfinhorotador.org.br\/2016\/07\/19\/coordenador-financeiro-do-projeto-golfinho-rotador-conquista-medalha-no-desafio-das-serras-rn\/","name":"Coordenador Financeiro do Projeto Golfinho Rotador conquista medalha no Desafio das Serras (RN) - Projeto Golfinho Rotador","isPartOf":{"@id":"https:\/\/golfinhorotador.org.br\/#website"},"primaryImageOfPage":{"@id":"https:\/\/golfinhorotador.org.br\/2016\/07\/19\/coordenador-financeiro-do-projeto-golfinho-rotador-conquista-medalha-no-desafio-das-serras-rn\/#primaryimage"},"image":{"@id":"https:\/\/golfinhorotador.org.br\/2016\/07\/19\/coordenador-financeiro-do-projeto-golfinho-rotador-conquista-medalha-no-desafio-das-serras-rn\/#primaryimage"},"thumbnailUrl":"https:\/\/golfinhorotador.org.br\/wp-content\/uploads\/2025\/08\/Ademir_Desafio_das_Serras.jpg","datePublished":"2016-07-19T19:21:46+00:00","dateModified":"2025-08-08T04:35:29+00:00","breadcrumb":{"@id":"https:\/\/golfinhorotador.org.br\/2016\/07\/19\/coordenador-financeiro-do-projeto-golfinho-rotador-conquista-medalha-no-desafio-das-serras-rn\/#breadcrumb"},"inLanguage":"en-US","potentialAction":[{"@type":"ReadAction","target":["https:\/\/golfinhorotador.org.br\/2016\/07\/19\/coordenador-financeiro-do-projeto-golfinho-rotador-conquista-medalha-no-desafio-das-serras-rn\/"]}]},{"@type":"ImageObject","inLanguage":"en-US","@id":"https:\/\/golfinhorotador.org.br\/2016\/07\/19\/coordenador-financeiro-do-projeto-golfinho-rotador-conquista-medalha-no-desafio-das-serras-rn\/#primaryimage","url":"https:\/\/golfinhorotador.org.br\/wp-content\/uploads\/2025\/08\/Ademir_Desafio_das_Serras.jpg","contentUrl":"https:\/\/golfinhorotador.org.br\/wp-content\/uploads\/2025\/08\/Ademir_Desafio_das_Serras.jpg","width":395,"height":677,"caption":"Ademir Ventura ficou em 3\u00ba lugar geral em sua primeira corrida fora da ilha. O atleta, que vem se destacando no esporte, foi escolhido como um dos condutores da tocha ol\u00edmpica em Noronha."},{"@type":"BreadcrumbList","@id":"https:\/\/golfinhorotador.org.br\/2016\/07\/19\/coordenador-financeiro-do-projeto-golfinho-rotador-conquista-medalha-no-desafio-das-serras-rn\/#breadcrumb","itemListElement":[{"@type":"ListItem","position":1,"name":"In\u00edcio","item":"https:\/\/golfinhorotador.org.br\/en\/home\/"},{"@type":"ListItem","position":2,"name":"Coordenador Financeiro do Projeto Golfinho Rotador conquista medalha no Desafio das Serras (RN)"}]},{"@type":"WebSite","@id":"https:\/\/golfinhorotador.org.br\/#website","url":"https:\/\/golfinhorotador.org.br\/","name":"Projeto Golfinho Rotador","description":"Fernando de Noronha","publisher":{"@id":"https:\/\/golfinhorotador.org.br\/#organization"},"potentialAction":[{"@type":"SearchAction","target":{"@type":"EntryPoint","urlTemplate":"https:\/\/golfinhorotador.org.br\/?s={search_term_string}"},"query-input":{"@type":"PropertyValueSpecification","valueRequired":true,"valueName":"search_term_string"}}],"inLanguage":"en-US"},{"@type":"Organization","@id":"https:\/\/golfinhorotador.org.br\/#organization","name":"Projeto Golfinho Rotador","url":"https:\/\/golfinhorotador.org.br\/","logo":{"@type":"ImageObject","inLanguage":"en-US","@id":"https:\/\/golfinhorotador.org.br\/#\/schema\/logo\/image\/","url":"https:\/\/golfinhorotador.org.br\/wp-content\/uploads\/2025\/07\/Logo-PGR-2025-512.png","contentUrl":"https:\/\/golfinhorotador.org.br\/wp-content\/uploads\/2025\/07\/Logo-PGR-2025-512.png","width":512,"height":512,"caption":"Projeto Golfinho Rotador"},"image":{"@id":"https:\/\/golfinhorotador.org.br\/#\/schema\/logo\/image\/"},"sameAs":["https:\/\/www.facebook.com\/Projeto-Golfinho-Rotador-155695874539813","https:\/\/x.com\/golfinhorotador","https:\/\/www.instagram.com\/golfinhorotador\/","https:\/\/www.youtube.com\/channel\/UCYw-aMfBHbkUU_DimpWJzbw","https:\/\/www.tiktok.com\/@golfinhorotador"]},{"@type":"Person","@id":"https:\/\/golfinhorotador.org.br\/#\/schema\/person\/31c9f545fc127c9e21fc1c5f001269db","name":"Projeto Golfinho Rotador","image":{"@type":"ImageObject","inLanguage":"en-US","@id":"https:\/\/secure.gravatar.com\/avatar\/4e2f6bba9197287956dc1c931a4caed810b09aec9b8f38aa913bd11926fd05d2?s=96&d=mm&r=g","url":"https:\/\/secure.gravatar.com\/avatar\/4e2f6bba9197287956dc1c931a4caed810b09aec9b8f38aa913bd11926fd05d2?s=96&d=mm&r=g","contentUrl":"https:\/\/secure.gravatar.com\/avatar\/4e2f6bba9197287956dc1c931a4caed810b09aec9b8f38aa913bd11926fd05d2?s=96&d=mm&r=g","caption":"Projeto Golfinho Rotador"},"url":"https:\/\/golfinhorotador.org.br\/en\/author\/projeto-golfinho-rotador\/"}]}},"_links":{"self":[{"href":"https:\/\/golfinhorotador.org.br\/en\/wp-json\/wp\/v2\/posts\/1268","targetHints":{"allow":["GET"]}}],"collection":[{"href":"https:\/\/golfinhorotador.org.br\/en\/wp-json\/wp\/v2\/posts"}],"about":[{"href":"https:\/\/golfinhorotador.org.br\/en\/wp-json\/wp\/v2\/types\/post"}],"author":[{"embeddable":true,"href":"https:\/\/golfinhorotador.org.br\/en\/wp-json\/wp\/v2\/users\/2"}],"replies":[{"embeddable":true,"href":"https:\/\/golfinhorotador.org.br\/en\/wp-json\/wp\/v2\/comments?post=1268"}],"version-history":[{"count":16,"href":"https:\/\/golfinhorotador.org.br\/en\/wp-json\/wp\/v2\/posts\/1268\/revisions"}],"predecessor-version":[{"id":1653,"href":"https:\/\/golfinhorotador.org.br\/en\/wp-json\/wp\/v2\/posts\/1268\/revisions\/1653"}],"wp:featuredmedia":[{"embeddable":true,"href":"https:\/\/golfinhorotador.org.br\/en\/wp-json\/wp\/v2\/media\/1269"}],"wp:attachment":[{"href":"https:\/\/golfinhorotador.org.br\/en\/wp-json\/wp\/v2\/media?parent=1268"}],"wp:term":[{"taxonomy":"category","embeddable":true,"href":"https:\/\/golfinhorotador.org.br\/en\/wp-json\/wp\/v2\/categories?post=1268"},{"taxonomy":"post_tag","embeddable":true,"href":"https:\/\/golfinhorotador.org.br\/en\/wp-json\/wp\/v2\/tags?post=1268"}],"curies":[{"name":"wp","href":"https:\/\/api.w.org\/{rel}","templated":true}]}}