{"id":1304,"date":"2016-07-25T16:52:24","date_gmt":"2016-07-25T19:52:24","guid":{"rendered":"https:\/\/golfinhorotador.org.br\/?p=1304"},"modified":"2025-08-08T01:36:57","modified_gmt":"2025-08-08T04:36:57","slug":"o-mar-e-um-bem-publico-e-eu-gostaria-que-o-meu-pedaco-de-mar-fosse-cheio-de-peixe","status":"publish","type":"post","link":"https:\/\/golfinhorotador.org.br\/en\/2016\/07\/25\/o-mar-e-um-bem-publico-e-eu-gostaria-que-o-meu-pedaco-de-mar-fosse-cheio-de-peixe\/","title":{"rendered":"\u2018O mar \u00e9 um bem p\u00fablico e eu gostaria que o meu peda\u00e7o de mar fosse cheio de peixe\u2019"},"content":{"rendered":"<p>A afirma\u00e7\u00e3o \u00e9 do doutor em Oceanografia Mauro Maida, da Universidade Federal de Pernambuco (UFPE). O professor abriu a programa\u00e7\u00e3o da Quinta da Boa Prosa do ICMBio no dia 21 de julho, com uma palestra no Centro de Visitantes do TAMAR em Fernando de Noronha sobre &#8220;Unidades de Conserva\u00e7\u00e3o e Produ\u00e7\u00e3o Pesqueira&#8221;, com dados alarmantes sobre os danos da pesca predat\u00f3ria aos oceanos e os benef\u00edcios das \u00e1reas protegidas para a pesca.<\/p>\n<p>\u201cNingu\u00e9m est\u00e1 produzindo peixe. Est\u00e1 extraindo peixe e com subs\u00eddios do Governo\u201d, disse Mauro sobre a atual situa\u00e7\u00e3o da atividade pesqueira no Brasil. De acordo com o professor, diferentemente da produ\u00e7\u00e3o bovina, por exemplo, existe um investimento na fase de produ\u00e7\u00e3o, mas, por outro lado, na atividade pesqueira inexiste essa etapa. \u201cNingu\u00e9m investe na fase de produ\u00e7\u00e3o. Se n\u00e3o investir na pr\u00e9-captura como ter\u00e1 produ\u00e7\u00e3o?\u201d<\/p>\n<p>Para explicar ainda de forma mais clara para o p\u00fablico, Mauro usou como exemplo o ciclo de vida do peixe conhecido como Dent\u00e3o.\u00a0 Ele mostrou a import\u00e2ncia da garantia de todas as fases do ciclo (nascimento, crescimento e reprodu\u00e7\u00e3o). Quando uma das etapas sofre algum tipo de altera\u00e7\u00e3o, o ciclo n\u00e3o se completa e temos como uma das consequ\u00eancias a diminui\u00e7\u00e3o do n\u00famero de peixes desta esp\u00e9cie. Que \u00e9 negativo tanto para o ecossistema quanto para o com\u00e9rcio pesqueiro.<\/p>\n<p>Outro dado preocupante apresentado por Mauro foi sobre a \u00e1rea total de preserva\u00e7\u00e3o do oceano, que corresponde apenas a 0,05%. Os outros 99,95% s\u00e3o completamente desprotegidos e desassistidos. \u00c9 literalmente um pontinho no oceano. \u201c\u00c9 uma burrice cr\u00f4nica que isso aconte\u00e7a. \u00c9 inaceit\u00e1vel a permissividade em rela\u00e7\u00e3o ao uso do mar\u201d, afirmou.<\/p>\n<p>Um conceito apresentado pelo ocean\u00f3grafo durante a palestra \u201c\u00c1reas Marinhas Protegidas e Produ\u00e7\u00e3o Pesqueira\u201d, foi o de Floresta Vazia. Que ocorre quando v\u00e1rias esp\u00e9cies de animais s\u00e3o retiradas de maneira desordenada do seu habitat natural deixando assim um ecossistema sem animais. Mas, n\u00e3o \u00e9 poss\u00edvel perceber esses danos olhando apenas de fora, por imagem a\u00e9rea ou de sat\u00e9lite, por exemplo. O mesmo acontece com os corais, que funcionam como florestas marinhas. De fora, \u00e9 poss\u00edvel ver a exist\u00eancia dos corais, mas por meio do mergulho \u00e9 que se v\u00ea a realidade: aus\u00eancia de v\u00e1rias esp\u00e9cies de peixes e at\u00e9 a morte dos corais.<\/p>\n<p>Em Tamandar\u00e9 (PE), a equipe de Mauro conseguiu recuperar \u00e1reas de recifes criando uma Zona de Exclus\u00e3o de Pesca na Costa dos Corais, uma \u00c1rea de Prote\u00e7\u00e3o Ambiental do ICMBio. \u201c\u00c9 um investimento muito barato. N\u00f3s damos espa\u00e7o para que a natureza tenha condi\u00e7\u00f5es de fechar o ciclo das esp\u00e9cies. Isso na verdade deveria ser uma pol\u00edtica nacional, com a cria\u00e7\u00e3o das \u00e1reas marinhas de prote\u00e7\u00e3o integral e \u00e1reas de exclus\u00e3o de pesca\u201d, finalizou.<\/p>\n<p>Mauro est\u00e1 em Noronha para realizar o projeto \u201cRecifes Profundos do Arquip\u00e9lago de Fernando de Noronha \u2013 Mapeamento, Conectividade e Prote\u00e7\u00e3o\u201d, patrocinado pela &#8220;Funda\u00e7\u00e3o O Botic\u00e1rio de Prote\u00e7\u00e3o \u00c0 Natureza&#8221;. A coordenadora do projeto,\u00a0 ocean\u00f3grafa e pesquisadora Mirella Costa, explicou que o objetivo da atividade \u00e9 \u201centender quais s\u00e3o os habitas da ilha, a conectividade entre os ambientes profundos e rasos para criar subs\u00eddios para a prote\u00e7\u00e3o\u201d. O estudo tem previs\u00e3o para finalizar em 2018.<\/p>\n<p>E, voc\u00ea, caro leitor, gostaria que seu peda\u00e7o tamb\u00e9m fosse cheio de peixe? Deixe sua opini\u00e3o!<\/p>\n<p>&nbsp;<\/p>\n<p>Assessoria de Comunica\u00e7\u00e3o do Projeto Golfinho Rotador<\/p>\n","protected":false},"excerpt":{"rendered":"<p>A afirma\u00e7\u00e3o \u00e9 do doutor em Oceanografia Mauro Maida, da Universidade Federal de Pernambuco (UFPE). O professor abriu a programa\u00e7\u00e3o da Quinta da Boa Prosa do ICMBio no dia 21 de julho, com uma palestra no Centro de Visitantes do TAMAR em Fernando de Noronha sobre &#8220;Unidades de Conserva\u00e7\u00e3o e Produ\u00e7\u00e3o Pesqueira&#8221;, com dados alarmantes [&hellip;]<\/p>\n","protected":false},"author":2,"featured_media":1305,"comment_status":"open","ping_status":"open","sticky":false,"template":"","format":"standard","meta":{"_acf_changed":false,"footnotes":""},"categories":[9],"tags":[],"class_list":["post-1304","post","type-post","status-publish","format-standard","has-post-thumbnail","hentry","category-noticias"],"acf":{"exibir_imagem_destacada":"Sim"},"yoast_head":"<!-- This site is optimized with the Yoast SEO plugin v27.5 - https:\/\/yoast.com\/product\/yoast-seo-wordpress\/ -->\n<title>\u2018O mar \u00e9 um bem p\u00fablico e eu gostaria que o meu peda\u00e7o de mar fosse cheio de peixe\u2019 - Projeto Golfinho Rotador<\/title>\n<meta name=\"robots\" content=\"index, follow, max-snippet:-1, max-image-preview:large, max-video-preview:-1\" \/>\n<link rel=\"canonical\" href=\"https:\/\/golfinhorotador.org.br\/2016\/07\/25\/o-mar-e-um-bem-publico-e-eu-gostaria-que-o-meu-pedaco-de-mar-fosse-cheio-de-peixe\/\" \/>\n<meta property=\"og:locale\" content=\"en_US\" \/>\n<meta property=\"og:type\" content=\"article\" \/>\n<meta property=\"og:title\" content=\"\u2018O mar \u00e9 um bem p\u00fablico e eu gostaria que o meu peda\u00e7o de mar fosse cheio de peixe\u2019 - Projeto Golfinho Rotador\" \/>\n<meta property=\"og:description\" content=\"A afirma\u00e7\u00e3o \u00e9 do doutor em Oceanografia Mauro Maida, da Universidade Federal de Pernambuco (UFPE). O professor abriu a programa\u00e7\u00e3o da Quinta da Boa Prosa do ICMBio no dia 21 de julho, com uma palestra no Centro de Visitantes do TAMAR em Fernando de Noronha sobre &#8220;Unidades de Conserva\u00e7\u00e3o e Produ\u00e7\u00e3o Pesqueira&#8221;, com dados alarmantes [&hellip;]\" \/>\n<meta property=\"og:url\" content=\"https:\/\/golfinhorotador.org.br\/2016\/07\/25\/o-mar-e-um-bem-publico-e-eu-gostaria-que-o-meu-pedaco-de-mar-fosse-cheio-de-peixe\/\" \/>\n<meta property=\"og:site_name\" content=\"Projeto Golfinho Rotador\" \/>\n<meta property=\"article:publisher\" content=\"https:\/\/www.facebook.com\/Projeto-Golfinho-Rotador-155695874539813\" \/>\n<meta property=\"article:published_time\" content=\"2016-07-25T19:52:24+00:00\" \/>\n<meta property=\"article:modified_time\" content=\"2025-08-08T04:36:57+00:00\" \/>\n<meta property=\"og:image\" content=\"https:\/\/golfinhorotador.org.br\/wp-content\/uploads\/2025\/08\/Palestra_Mauro1_Foto_Divulgacao_PGR-1.jpg\" \/>\n\t<meta property=\"og:image:width\" content=\"1000\" \/>\n\t<meta property=\"og:image:height\" content=\"563\" \/>\n\t<meta property=\"og:image:type\" content=\"image\/jpeg\" \/>\n<meta name=\"author\" content=\"Projeto Golfinho Rotador\" \/>\n<meta name=\"twitter:card\" content=\"summary_large_image\" \/>\n<meta name=\"twitter:creator\" content=\"@golfinhorotador\" \/>\n<meta name=\"twitter:site\" content=\"@golfinhorotador\" \/>\n<meta name=\"twitter:label1\" content=\"Written by\" \/>\n\t<meta name=\"twitter:data1\" content=\"Projeto Golfinho Rotador\" \/>\n\t<meta name=\"twitter:label2\" content=\"Est. reading time\" \/>\n\t<meta name=\"twitter:data2\" content=\"3 minutes\" \/>\n<script type=\"application\/ld+json\" class=\"yoast-schema-graph\">{\"@context\":\"https:\\\/\\\/schema.org\",\"@graph\":[{\"@type\":\"Article\",\"@id\":\"https:\\\/\\\/golfinhorotador.org.br\\\/2016\\\/07\\\/25\\\/o-mar-e-um-bem-publico-e-eu-gostaria-que-o-meu-pedaco-de-mar-fosse-cheio-de-peixe\\\/#article\",\"isPartOf\":{\"@id\":\"https:\\\/\\\/golfinhorotador.org.br\\\/2016\\\/07\\\/25\\\/o-mar-e-um-bem-publico-e-eu-gostaria-que-o-meu-pedaco-de-mar-fosse-cheio-de-peixe\\\/\"},\"author\":{\"name\":\"Projeto Golfinho Rotador\",\"@id\":\"https:\\\/\\\/golfinhorotador.org.br\\\/#\\\/schema\\\/person\\\/31c9f545fc127c9e21fc1c5f001269db\"},\"headline\":\"\u2018O mar \u00e9 um bem p\u00fablico e eu gostaria que o meu peda\u00e7o de mar fosse cheio de peixe\u2019\",\"datePublished\":\"2016-07-25T19:52:24+00:00\",\"dateModified\":\"2025-08-08T04:36:57+00:00\",\"mainEntityOfPage\":{\"@id\":\"https:\\\/\\\/golfinhorotador.org.br\\\/2016\\\/07\\\/25\\\/o-mar-e-um-bem-publico-e-eu-gostaria-que-o-meu-pedaco-de-mar-fosse-cheio-de-peixe\\\/\"},\"wordCount\":619,\"commentCount\":0,\"publisher\":{\"@id\":\"https:\\\/\\\/golfinhorotador.org.br\\\/#organization\"},\"image\":{\"@id\":\"https:\\\/\\\/golfinhorotador.org.br\\\/2016\\\/07\\\/25\\\/o-mar-e-um-bem-publico-e-eu-gostaria-que-o-meu-pedaco-de-mar-fosse-cheio-de-peixe\\\/#primaryimage\"},\"thumbnailUrl\":\"https:\\\/\\\/golfinhorotador.org.br\\\/wp-content\\\/uploads\\\/2025\\\/08\\\/Palestra_Mauro1_Foto_Divulgacao_PGR-1.jpg\",\"articleSection\":[\"Not\u00edcias\"],\"inLanguage\":\"en-US\",\"potentialAction\":[{\"@type\":\"CommentAction\",\"name\":\"Comment\",\"target\":[\"https:\\\/\\\/golfinhorotador.org.br\\\/2016\\\/07\\\/25\\\/o-mar-e-um-bem-publico-e-eu-gostaria-que-o-meu-pedaco-de-mar-fosse-cheio-de-peixe\\\/#respond\"]}]},{\"@type\":\"WebPage\",\"@id\":\"https:\\\/\\\/golfinhorotador.org.br\\\/2016\\\/07\\\/25\\\/o-mar-e-um-bem-publico-e-eu-gostaria-que-o-meu-pedaco-de-mar-fosse-cheio-de-peixe\\\/\",\"url\":\"https:\\\/\\\/golfinhorotador.org.br\\\/2016\\\/07\\\/25\\\/o-mar-e-um-bem-publico-e-eu-gostaria-que-o-meu-pedaco-de-mar-fosse-cheio-de-peixe\\\/\",\"name\":\"\u2018O mar \u00e9 um bem p\u00fablico e eu gostaria que o meu peda\u00e7o de mar fosse cheio de peixe\u2019 - Projeto Golfinho Rotador\",\"isPartOf\":{\"@id\":\"https:\\\/\\\/golfinhorotador.org.br\\\/#website\"},\"primaryImageOfPage\":{\"@id\":\"https:\\\/\\\/golfinhorotador.org.br\\\/2016\\\/07\\\/25\\\/o-mar-e-um-bem-publico-e-eu-gostaria-que-o-meu-pedaco-de-mar-fosse-cheio-de-peixe\\\/#primaryimage\"},\"image\":{\"@id\":\"https:\\\/\\\/golfinhorotador.org.br\\\/2016\\\/07\\\/25\\\/o-mar-e-um-bem-publico-e-eu-gostaria-que-o-meu-pedaco-de-mar-fosse-cheio-de-peixe\\\/#primaryimage\"},\"thumbnailUrl\":\"https:\\\/\\\/golfinhorotador.org.br\\\/wp-content\\\/uploads\\\/2025\\\/08\\\/Palestra_Mauro1_Foto_Divulgacao_PGR-1.jpg\",\"datePublished\":\"2016-07-25T19:52:24+00:00\",\"dateModified\":\"2025-08-08T04:36:57+00:00\",\"breadcrumb\":{\"@id\":\"https:\\\/\\\/golfinhorotador.org.br\\\/2016\\\/07\\\/25\\\/o-mar-e-um-bem-publico-e-eu-gostaria-que-o-meu-pedaco-de-mar-fosse-cheio-de-peixe\\\/#breadcrumb\"},\"inLanguage\":\"en-US\",\"potentialAction\":[{\"@type\":\"ReadAction\",\"target\":[\"https:\\\/\\\/golfinhorotador.org.br\\\/2016\\\/07\\\/25\\\/o-mar-e-um-bem-publico-e-eu-gostaria-que-o-meu-pedaco-de-mar-fosse-cheio-de-peixe\\\/\"]}]},{\"@type\":\"ImageObject\",\"inLanguage\":\"en-US\",\"@id\":\"https:\\\/\\\/golfinhorotador.org.br\\\/2016\\\/07\\\/25\\\/o-mar-e-um-bem-publico-e-eu-gostaria-que-o-meu-pedaco-de-mar-fosse-cheio-de-peixe\\\/#primaryimage\",\"url\":\"https:\\\/\\\/golfinhorotador.org.br\\\/wp-content\\\/uploads\\\/2025\\\/08\\\/Palestra_Mauro1_Foto_Divulgacao_PGR-1.jpg\",\"contentUrl\":\"https:\\\/\\\/golfinhorotador.org.br\\\/wp-content\\\/uploads\\\/2025\\\/08\\\/Palestra_Mauro1_Foto_Divulgacao_PGR-1.jpg\",\"width\":1000,\"height\":563,\"caption\":\"Mauro Maida durante a palestra em Fernando de Noronha\"},{\"@type\":\"BreadcrumbList\",\"@id\":\"https:\\\/\\\/golfinhorotador.org.br\\\/2016\\\/07\\\/25\\\/o-mar-e-um-bem-publico-e-eu-gostaria-que-o-meu-pedaco-de-mar-fosse-cheio-de-peixe\\\/#breadcrumb\",\"itemListElement\":[{\"@type\":\"ListItem\",\"position\":1,\"name\":\"In\u00edcio\",\"item\":\"https:\\\/\\\/golfinhorotador.org.br\\\/en\\\/home\\\/\"},{\"@type\":\"ListItem\",\"position\":2,\"name\":\"\u2018O mar \u00e9 um bem p\u00fablico e eu gostaria que o meu peda\u00e7o de mar fosse cheio de peixe\u2019\"}]},{\"@type\":\"WebSite\",\"@id\":\"https:\\\/\\\/golfinhorotador.org.br\\\/#website\",\"url\":\"https:\\\/\\\/golfinhorotador.org.br\\\/\",\"name\":\"Projeto Golfinho Rotador\",\"description\":\"Fernando de Noronha\",\"publisher\":{\"@id\":\"https:\\\/\\\/golfinhorotador.org.br\\\/#organization\"},\"potentialAction\":[{\"@type\":\"SearchAction\",\"target\":{\"@type\":\"EntryPoint\",\"urlTemplate\":\"https:\\\/\\\/golfinhorotador.org.br\\\/?s={search_term_string}\"},\"query-input\":{\"@type\":\"PropertyValueSpecification\",\"valueRequired\":true,\"valueName\":\"search_term_string\"}}],\"inLanguage\":\"en-US\"},{\"@type\":\"Organization\",\"@id\":\"https:\\\/\\\/golfinhorotador.org.br\\\/#organization\",\"name\":\"Projeto Golfinho Rotador\",\"url\":\"https:\\\/\\\/golfinhorotador.org.br\\\/\",\"logo\":{\"@type\":\"ImageObject\",\"inLanguage\":\"en-US\",\"@id\":\"https:\\\/\\\/golfinhorotador.org.br\\\/#\\\/schema\\\/logo\\\/image\\\/\",\"url\":\"https:\\\/\\\/golfinhorotador.org.br\\\/wp-content\\\/uploads\\\/2025\\\/07\\\/Logo-PGR-2025-512.png\",\"contentUrl\":\"https:\\\/\\\/golfinhorotador.org.br\\\/wp-content\\\/uploads\\\/2025\\\/07\\\/Logo-PGR-2025-512.png\",\"width\":512,\"height\":512,\"caption\":\"Projeto Golfinho Rotador\"},\"image\":{\"@id\":\"https:\\\/\\\/golfinhorotador.org.br\\\/#\\\/schema\\\/logo\\\/image\\\/\"},\"sameAs\":[\"https:\\\/\\\/www.facebook.com\\\/Projeto-Golfinho-Rotador-155695874539813\",\"https:\\\/\\\/x.com\\\/golfinhorotador\",\"https:\\\/\\\/www.instagram.com\\\/golfinhorotador\\\/\",\"https:\\\/\\\/www.youtube.com\\\/channel\\\/UCYw-aMfBHbkUU_DimpWJzbw\",\"https:\\\/\\\/www.tiktok.com\\\/@golfinhorotador\"]},{\"@type\":\"Person\",\"@id\":\"https:\\\/\\\/golfinhorotador.org.br\\\/#\\\/schema\\\/person\\\/31c9f545fc127c9e21fc1c5f001269db\",\"name\":\"Projeto Golfinho Rotador\",\"image\":{\"@type\":\"ImageObject\",\"inLanguage\":\"en-US\",\"@id\":\"https:\\\/\\\/secure.gravatar.com\\\/avatar\\\/4e2f6bba9197287956dc1c931a4caed810b09aec9b8f38aa913bd11926fd05d2?s=96&d=mm&r=g\",\"url\":\"https:\\\/\\\/secure.gravatar.com\\\/avatar\\\/4e2f6bba9197287956dc1c931a4caed810b09aec9b8f38aa913bd11926fd05d2?s=96&d=mm&r=g\",\"contentUrl\":\"https:\\\/\\\/secure.gravatar.com\\\/avatar\\\/4e2f6bba9197287956dc1c931a4caed810b09aec9b8f38aa913bd11926fd05d2?s=96&d=mm&r=g\",\"caption\":\"Projeto Golfinho Rotador\"},\"url\":\"https:\\\/\\\/golfinhorotador.org.br\\\/en\\\/author\\\/projeto-golfinho-rotador\\\/\"}]}<\/script>\n<!-- \/ Yoast SEO plugin. -->","yoast_head_json":{"title":"\u2018O mar \u00e9 um bem p\u00fablico e eu gostaria que o meu peda\u00e7o de mar fosse cheio de peixe\u2019 - Projeto Golfinho Rotador","robots":{"index":"index","follow":"follow","max-snippet":"max-snippet:-1","max-image-preview":"max-image-preview:large","max-video-preview":"max-video-preview:-1"},"canonical":"https:\/\/golfinhorotador.org.br\/2016\/07\/25\/o-mar-e-um-bem-publico-e-eu-gostaria-que-o-meu-pedaco-de-mar-fosse-cheio-de-peixe\/","og_locale":"en_US","og_type":"article","og_title":"\u2018O mar \u00e9 um bem p\u00fablico e eu gostaria que o meu peda\u00e7o de mar fosse cheio de peixe\u2019 - Projeto Golfinho Rotador","og_description":"A afirma\u00e7\u00e3o \u00e9 do doutor em Oceanografia Mauro Maida, da Universidade Federal de Pernambuco (UFPE). O professor abriu a programa\u00e7\u00e3o da Quinta da Boa Prosa do ICMBio no dia 21 de julho, com uma palestra no Centro de Visitantes do TAMAR em Fernando de Noronha sobre &#8220;Unidades de Conserva\u00e7\u00e3o e Produ\u00e7\u00e3o Pesqueira&#8221;, com dados alarmantes [&hellip;]","og_url":"https:\/\/golfinhorotador.org.br\/2016\/07\/25\/o-mar-e-um-bem-publico-e-eu-gostaria-que-o-meu-pedaco-de-mar-fosse-cheio-de-peixe\/","og_site_name":"Projeto Golfinho Rotador","article_publisher":"https:\/\/www.facebook.com\/Projeto-Golfinho-Rotador-155695874539813","article_published_time":"2016-07-25T19:52:24+00:00","article_modified_time":"2025-08-08T04:36:57+00:00","og_image":[{"width":1000,"height":563,"url":"https:\/\/golfinhorotador.org.br\/wp-content\/uploads\/2025\/08\/Palestra_Mauro1_Foto_Divulgacao_PGR-1.jpg","type":"image\/jpeg"}],"author":"Projeto Golfinho Rotador","twitter_card":"summary_large_image","twitter_creator":"@golfinhorotador","twitter_site":"@golfinhorotador","twitter_misc":{"Written by":"Projeto Golfinho Rotador","Est. reading time":"3 minutes"},"schema":{"@context":"https:\/\/schema.org","@graph":[{"@type":"Article","@id":"https:\/\/golfinhorotador.org.br\/2016\/07\/25\/o-mar-e-um-bem-publico-e-eu-gostaria-que-o-meu-pedaco-de-mar-fosse-cheio-de-peixe\/#article","isPartOf":{"@id":"https:\/\/golfinhorotador.org.br\/2016\/07\/25\/o-mar-e-um-bem-publico-e-eu-gostaria-que-o-meu-pedaco-de-mar-fosse-cheio-de-peixe\/"},"author":{"name":"Projeto Golfinho Rotador","@id":"https:\/\/golfinhorotador.org.br\/#\/schema\/person\/31c9f545fc127c9e21fc1c5f001269db"},"headline":"\u2018O mar \u00e9 um bem p\u00fablico e eu gostaria que o meu peda\u00e7o de mar fosse cheio de peixe\u2019","datePublished":"2016-07-25T19:52:24+00:00","dateModified":"2025-08-08T04:36:57+00:00","mainEntityOfPage":{"@id":"https:\/\/golfinhorotador.org.br\/2016\/07\/25\/o-mar-e-um-bem-publico-e-eu-gostaria-que-o-meu-pedaco-de-mar-fosse-cheio-de-peixe\/"},"wordCount":619,"commentCount":0,"publisher":{"@id":"https:\/\/golfinhorotador.org.br\/#organization"},"image":{"@id":"https:\/\/golfinhorotador.org.br\/2016\/07\/25\/o-mar-e-um-bem-publico-e-eu-gostaria-que-o-meu-pedaco-de-mar-fosse-cheio-de-peixe\/#primaryimage"},"thumbnailUrl":"https:\/\/golfinhorotador.org.br\/wp-content\/uploads\/2025\/08\/Palestra_Mauro1_Foto_Divulgacao_PGR-1.jpg","articleSection":["Not\u00edcias"],"inLanguage":"en-US","potentialAction":[{"@type":"CommentAction","name":"Comment","target":["https:\/\/golfinhorotador.org.br\/2016\/07\/25\/o-mar-e-um-bem-publico-e-eu-gostaria-que-o-meu-pedaco-de-mar-fosse-cheio-de-peixe\/#respond"]}]},{"@type":"WebPage","@id":"https:\/\/golfinhorotador.org.br\/2016\/07\/25\/o-mar-e-um-bem-publico-e-eu-gostaria-que-o-meu-pedaco-de-mar-fosse-cheio-de-peixe\/","url":"https:\/\/golfinhorotador.org.br\/2016\/07\/25\/o-mar-e-um-bem-publico-e-eu-gostaria-que-o-meu-pedaco-de-mar-fosse-cheio-de-peixe\/","name":"\u2018O mar \u00e9 um bem p\u00fablico e eu gostaria que o meu peda\u00e7o de mar fosse cheio de peixe\u2019 - Projeto Golfinho Rotador","isPartOf":{"@id":"https:\/\/golfinhorotador.org.br\/#website"},"primaryImageOfPage":{"@id":"https:\/\/golfinhorotador.org.br\/2016\/07\/25\/o-mar-e-um-bem-publico-e-eu-gostaria-que-o-meu-pedaco-de-mar-fosse-cheio-de-peixe\/#primaryimage"},"image":{"@id":"https:\/\/golfinhorotador.org.br\/2016\/07\/25\/o-mar-e-um-bem-publico-e-eu-gostaria-que-o-meu-pedaco-de-mar-fosse-cheio-de-peixe\/#primaryimage"},"thumbnailUrl":"https:\/\/golfinhorotador.org.br\/wp-content\/uploads\/2025\/08\/Palestra_Mauro1_Foto_Divulgacao_PGR-1.jpg","datePublished":"2016-07-25T19:52:24+00:00","dateModified":"2025-08-08T04:36:57+00:00","breadcrumb":{"@id":"https:\/\/golfinhorotador.org.br\/2016\/07\/25\/o-mar-e-um-bem-publico-e-eu-gostaria-que-o-meu-pedaco-de-mar-fosse-cheio-de-peixe\/#breadcrumb"},"inLanguage":"en-US","potentialAction":[{"@type":"ReadAction","target":["https:\/\/golfinhorotador.org.br\/2016\/07\/25\/o-mar-e-um-bem-publico-e-eu-gostaria-que-o-meu-pedaco-de-mar-fosse-cheio-de-peixe\/"]}]},{"@type":"ImageObject","inLanguage":"en-US","@id":"https:\/\/golfinhorotador.org.br\/2016\/07\/25\/o-mar-e-um-bem-publico-e-eu-gostaria-que-o-meu-pedaco-de-mar-fosse-cheio-de-peixe\/#primaryimage","url":"https:\/\/golfinhorotador.org.br\/wp-content\/uploads\/2025\/08\/Palestra_Mauro1_Foto_Divulgacao_PGR-1.jpg","contentUrl":"https:\/\/golfinhorotador.org.br\/wp-content\/uploads\/2025\/08\/Palestra_Mauro1_Foto_Divulgacao_PGR-1.jpg","width":1000,"height":563,"caption":"Mauro Maida durante a palestra em Fernando de Noronha"},{"@type":"BreadcrumbList","@id":"https:\/\/golfinhorotador.org.br\/2016\/07\/25\/o-mar-e-um-bem-publico-e-eu-gostaria-que-o-meu-pedaco-de-mar-fosse-cheio-de-peixe\/#breadcrumb","itemListElement":[{"@type":"ListItem","position":1,"name":"In\u00edcio","item":"https:\/\/golfinhorotador.org.br\/en\/home\/"},{"@type":"ListItem","position":2,"name":"\u2018O mar \u00e9 um bem p\u00fablico e eu gostaria que o meu peda\u00e7o de mar fosse cheio de peixe\u2019"}]},{"@type":"WebSite","@id":"https:\/\/golfinhorotador.org.br\/#website","url":"https:\/\/golfinhorotador.org.br\/","name":"Projeto Golfinho Rotador","description":"Fernando de Noronha","publisher":{"@id":"https:\/\/golfinhorotador.org.br\/#organization"},"potentialAction":[{"@type":"SearchAction","target":{"@type":"EntryPoint","urlTemplate":"https:\/\/golfinhorotador.org.br\/?s={search_term_string}"},"query-input":{"@type":"PropertyValueSpecification","valueRequired":true,"valueName":"search_term_string"}}],"inLanguage":"en-US"},{"@type":"Organization","@id":"https:\/\/golfinhorotador.org.br\/#organization","name":"Projeto Golfinho Rotador","url":"https:\/\/golfinhorotador.org.br\/","logo":{"@type":"ImageObject","inLanguage":"en-US","@id":"https:\/\/golfinhorotador.org.br\/#\/schema\/logo\/image\/","url":"https:\/\/golfinhorotador.org.br\/wp-content\/uploads\/2025\/07\/Logo-PGR-2025-512.png","contentUrl":"https:\/\/golfinhorotador.org.br\/wp-content\/uploads\/2025\/07\/Logo-PGR-2025-512.png","width":512,"height":512,"caption":"Projeto Golfinho Rotador"},"image":{"@id":"https:\/\/golfinhorotador.org.br\/#\/schema\/logo\/image\/"},"sameAs":["https:\/\/www.facebook.com\/Projeto-Golfinho-Rotador-155695874539813","https:\/\/x.com\/golfinhorotador","https:\/\/www.instagram.com\/golfinhorotador\/","https:\/\/www.youtube.com\/channel\/UCYw-aMfBHbkUU_DimpWJzbw","https:\/\/www.tiktok.com\/@golfinhorotador"]},{"@type":"Person","@id":"https:\/\/golfinhorotador.org.br\/#\/schema\/person\/31c9f545fc127c9e21fc1c5f001269db","name":"Projeto Golfinho Rotador","image":{"@type":"ImageObject","inLanguage":"en-US","@id":"https:\/\/secure.gravatar.com\/avatar\/4e2f6bba9197287956dc1c931a4caed810b09aec9b8f38aa913bd11926fd05d2?s=96&d=mm&r=g","url":"https:\/\/secure.gravatar.com\/avatar\/4e2f6bba9197287956dc1c931a4caed810b09aec9b8f38aa913bd11926fd05d2?s=96&d=mm&r=g","contentUrl":"https:\/\/secure.gravatar.com\/avatar\/4e2f6bba9197287956dc1c931a4caed810b09aec9b8f38aa913bd11926fd05d2?s=96&d=mm&r=g","caption":"Projeto Golfinho Rotador"},"url":"https:\/\/golfinhorotador.org.br\/en\/author\/projeto-golfinho-rotador\/"}]}},"_links":{"self":[{"href":"https:\/\/golfinhorotador.org.br\/en\/wp-json\/wp\/v2\/posts\/1304","targetHints":{"allow":["GET"]}}],"collection":[{"href":"https:\/\/golfinhorotador.org.br\/en\/wp-json\/wp\/v2\/posts"}],"about":[{"href":"https:\/\/golfinhorotador.org.br\/en\/wp-json\/wp\/v2\/types\/post"}],"author":[{"embeddable":true,"href":"https:\/\/golfinhorotador.org.br\/en\/wp-json\/wp\/v2\/users\/2"}],"replies":[{"embeddable":true,"href":"https:\/\/golfinhorotador.org.br\/en\/wp-json\/wp\/v2\/comments?post=1304"}],"version-history":[{"count":1,"href":"https:\/\/golfinhorotador.org.br\/en\/wp-json\/wp\/v2\/posts\/1304\/revisions"}],"predecessor-version":[{"id":1306,"href":"https:\/\/golfinhorotador.org.br\/en\/wp-json\/wp\/v2\/posts\/1304\/revisions\/1306"}],"wp:featuredmedia":[{"embeddable":true,"href":"https:\/\/golfinhorotador.org.br\/en\/wp-json\/wp\/v2\/media\/1305"}],"wp:attachment":[{"href":"https:\/\/golfinhorotador.org.br\/en\/wp-json\/wp\/v2\/media?parent=1304"}],"wp:term":[{"taxonomy":"category","embeddable":true,"href":"https:\/\/golfinhorotador.org.br\/en\/wp-json\/wp\/v2\/categories?post=1304"},{"taxonomy":"post_tag","embeddable":true,"href":"https:\/\/golfinhorotador.org.br\/en\/wp-json\/wp\/v2\/tags?post=1304"}],"curies":[{"name":"wp","href":"https:\/\/api.w.org\/{rel}","templated":true}]}}