{"id":1370,"date":"2016-08-15T22:35:40","date_gmt":"2016-08-16T01:35:40","guid":{"rendered":"https:\/\/golfinhorotador.org.br\/?p=1370"},"modified":"2025-08-07T22:43:58","modified_gmt":"2025-08-08T01:43:58","slug":"funcionario-do-projeto-golfinho-rotador-quebra-recorde-pessoal-em-corrida-de-rua","status":"publish","type":"post","link":"https:\/\/golfinhorotador.org.br\/en\/2016\/08\/15\/funcionario-do-projeto-golfinho-rotador-quebra-recorde-pessoal-em-corrida-de-rua\/","title":{"rendered":"Funcion\u00e1rio do Projeto Golfinho Rotador quebra recorde pessoal em Corrida de Rua"},"content":{"rendered":"<p><img fetchpriority=\"high\" decoding=\"async\" class=\"alignright wp-image-1371\" src=\"https:\/\/golfinhorotador.org.br\/wp-content\/uploads\/2025\/08\/Ademir_Felipe_PGR-300x255.jpg\" alt=\"\" width=\"400\" height=\"340\" srcset=\"https:\/\/golfinhorotador.org.br\/wp-content\/uploads\/2025\/08\/Ademir_Felipe_PGR-300x255.jpg 300w, https:\/\/golfinhorotador.org.br\/wp-content\/uploads\/2025\/08\/Ademir_Felipe_PGR-768x652.jpg 768w, https:\/\/golfinhorotador.org.br\/wp-content\/uploads\/2025\/08\/Ademir_Felipe_PGR.jpg 1000w\" sizes=\"(max-width: 400px) 100vw, 400px\" \/>Ademir Ventura, Coordenador Administrativo e Financeiro do Projeto Golfinho Rotador, conquistou medalha de ouro na 5\u00aa Corrida de Rua de Fernando de Noronha \u2013 Ren\u00ea Jer\u00f4nimo, no s\u00e1bado (13), no Porto de Santo Ant\u00f4nio. Ademir, que \u00e9 bicampe\u00e3o na prova, ainda quebrou seu recorde pessoal na categoria 14 quil\u00f4metros. Felipe Rog\u00e9rio, atleta tamb\u00e9m apoiado pelo Projeto Golfinho Rotador, conquistou o quarto lugar, na categoria 5 km masculino. J\u00e1 Ina\u00ea Teles, Assessora de Comunica\u00e7\u00e3o do Projeto Golfinho Rotador, finalizou a prova em quarto lugar, na categoria 5km feminino. A competi\u00e7\u00e3o fez parte da programa\u00e7\u00e3o especial em comemora\u00e7\u00e3o aos 513 anos de Fernando de Noronha, que ocorreu no dia 10 de agosto.<\/p>\n<p>Ademir concluiu a prova em 1:02:59 e afirmou que foi um privil\u00e9gio competir em Fernando de Noronha. \u201cSenti uma emo\u00e7\u00e3o muito grande em quebrar meu recorde pessoal em uma prova aqui em Fernando de Noronha, que \u00e9 a minha casa. \u00c9 uma satisfa\u00e7\u00e3o enorme por ver, aqui na competi\u00e7\u00e3o, o resultado positivo dos meus treinos e tamb\u00e9m por saber que estou no caminho certo\u201d, disse o atleta.<\/p>\n<figure id=\"attachment_1375\" aria-describedby=\"caption-attachment-1375\" style=\"width: 400px\" class=\"wp-caption alignleft\"><img decoding=\"async\" class=\"wp-image-1375\" src=\"https:\/\/golfinhorotador.org.br\/wp-content\/uploads\/2025\/08\/Felipe_Rene_Ademir_Corrida_de_Rua_PGR.jpg\" alt=\"\" width=\"400\" height=\"348\" srcset=\"https:\/\/golfinhorotador.org.br\/wp-content\/uploads\/2025\/08\/Felipe_Rene_Ademir_Corrida_de_Rua_PGR.jpg 1000w, https:\/\/golfinhorotador.org.br\/wp-content\/uploads\/2025\/08\/Felipe_Rene_Ademir_Corrida_de_Rua_PGR-300x261.jpg 300w, https:\/\/golfinhorotador.org.br\/wp-content\/uploads\/2025\/08\/Felipe_Rene_Ademir_Corrida_de_Rua_PGR-768x668.jpg 768w\" sizes=\"(max-width: 400px) 100vw, 400px\" \/><figcaption id=\"caption-attachment-1375\" class=\"wp-caption-text\">Na foto, Felipe Rog\u00e9rio, Ren\u00ea Jer\u00f4nimo e Ademir Ventura. Os atletas agora se preparam para Meia Maratona, que acontece em novembro, em Noronha.<\/figcaption><\/figure>\n<p>A Corrida de Rua de Fernando de Noronha homenageia o atleta e cidad\u00e3o noronhense Ren\u00ea Jer\u00f4nimo, um dos grandes incentivadores do esporte no Arquip\u00e9lago. Ren\u00ea Jer\u00f4nimo, de 75 anos, \u00e9 presidente da Associa\u00e7\u00e3o dos Atletas de Fernando de Noronha (AADFN), respons\u00e1vel pela organiza\u00e7\u00e3o do evento. Ele tamb\u00e9m participou da corrida na categoria 14 km e concluiu o percurso na oitava posi\u00e7\u00e3o, com o tempo de 1:25:24. \u201cPara mim, o esporte \u00e9 tudo. Eu acredito que, o corpo parado, adoece. Eu estou muito feliz com o resultado da corrida\u201d, afirmou.<\/p>\n<p>Felipe Rog\u00e9rio ficou em quarto lugar, com tempo de 21 minutos e 10 segundos, na categoria 5km masculino. \u201cA prova foi bacana. Meu desempenho foi bom, estava em terceiro lugar, mas no <em>sprint<\/em> final, fui ultrapassado\u201d, esclareceu Felipe Rog\u00e9rio. J\u00e1 Ina\u00ea Teles conclui a prova em 32 minutos e 24 segundos, e conquistou o quarto lugar na categoria 5 km feminino. \u201cEstou muito feliz por participar de um evento, que valoriza o esporte, aqui em Noronha, que \u00e9 um lugar lindo\u201d, disse.<\/p>\n<p>Carlos Alexandria, da UP Tempo, empresa respons\u00e1vel pelo monitoramento dos atletas na competi\u00e7\u00e3o, afirmou que ficou satisfeito com o saldo final da Corrida de Rua de Fernando de Noronha. \u201cNa minha vis\u00e3o, o evento estimula diversas pr\u00e1ticas saud\u00e1veis e traz benef\u00edcios inestim\u00e1veis para os participantes\u201d, concluiu. Os atletas Ademir Ventura e Felipe Rog\u00e9rio treinam para meia maratona, que acontece em novembro, tamb\u00e9m em Fernando de Noronha.<\/p>\n<p>&nbsp;<\/p>\n<p>O Projeto Golfinho Rotador \u00e9 executado pela ONG Centro Golfinho Rotador, tem coordena\u00e7\u00e3o do ICMBio e patroc\u00ednio oficial da Petrobras, por meio do Programa Petrobras Socioambiental.<\/p>\n<p>&nbsp;<\/p>\n<p>&nbsp;<\/p>\n<h5 style=\"text-align: center;\">SEJA AMIG@ DOS GOLFINHOS!<\/h5>\n<p style=\"text-align: center;\">Torne-se s\u00f3cio colaborador para ajudar a pesquisa e conserva\u00e7\u00e3o dos\u00a0golfinhos-rotadores e de Fernando de Noronha!<\/p>\n<p style=\"text-align: center;\">Saiba como acessando <a href=\"https:\/\/golfinhorotador.org.br\/seja-amigo-dos-golfinhos\/\">https:\/\/golfinhorotador.org.br\/seja-amigo-dos-golfinhos\/<\/a><\/p>\n<p><em>Assessoria de Comunica\u00e7\u00e3o do Projeto Golfinho Rotador<\/em><\/p>\n","protected":false},"excerpt":{"rendered":"<p>Ademir Ventura, Coordenador Administrativo e Financeiro do Projeto Golfinho Rotador, conquistou medalha de ouro na 5\u00aa Corrida de Rua de Fernando de Noronha \u2013 Ren\u00ea Jer\u00f4nimo, no s\u00e1bado (13), no Porto de Santo Ant\u00f4nio. Ademir, que \u00e9 bicampe\u00e3o na prova, ainda quebrou seu recorde pessoal na categoria 14 quil\u00f4metros. Felipe Rog\u00e9rio, atleta tamb\u00e9m apoiado pelo [&hellip;]<\/p>\n","protected":false},"author":2,"featured_media":1372,"comment_status":"open","ping_status":"open","sticky":false,"template":"","format":"standard","meta":{"_acf_changed":false,"footnotes":""},"categories":[9],"tags":[],"class_list":["post-1370","post","type-post","status-publish","format-standard","has-post-thumbnail","hentry","category-noticias"],"acf":{"exibir_imagem_destacada":"N\u00e3o"},"yoast_head":"<!-- This site is optimized with the Yoast SEO plugin v27.5 - https:\/\/yoast.com\/product\/yoast-seo-wordpress\/ -->\n<title>Funcion\u00e1rio do Projeto Golfinho Rotador quebra recorde pessoal em Corrida de Rua - Projeto Golfinho Rotador<\/title>\n<meta name=\"robots\" content=\"index, follow, max-snippet:-1, max-image-preview:large, max-video-preview:-1\" \/>\n<link rel=\"canonical\" href=\"https:\/\/golfinhorotador.org.br\/2016\/08\/15\/funcionario-do-projeto-golfinho-rotador-quebra-recorde-pessoal-em-corrida-de-rua\/\" \/>\n<meta property=\"og:locale\" content=\"en_US\" \/>\n<meta property=\"og:type\" content=\"article\" \/>\n<meta property=\"og:title\" content=\"Funcion\u00e1rio do Projeto Golfinho Rotador quebra recorde pessoal em Corrida de Rua - Projeto Golfinho Rotador\" \/>\n<meta property=\"og:description\" content=\"Ademir Ventura, Coordenador Administrativo e Financeiro do Projeto Golfinho Rotador, conquistou medalha de ouro na 5\u00aa Corrida de Rua de Fernando de Noronha \u2013 Ren\u00ea Jer\u00f4nimo, no s\u00e1bado (13), no Porto de Santo Ant\u00f4nio. Ademir, que \u00e9 bicampe\u00e3o na prova, ainda quebrou seu recorde pessoal na categoria 14 quil\u00f4metros. Felipe Rog\u00e9rio, atleta tamb\u00e9m apoiado pelo [&hellip;]\" \/>\n<meta property=\"og:url\" content=\"https:\/\/golfinhorotador.org.br\/2016\/08\/15\/funcionario-do-projeto-golfinho-rotador-quebra-recorde-pessoal-em-corrida-de-rua\/\" \/>\n<meta property=\"og:site_name\" content=\"Projeto Golfinho Rotador\" \/>\n<meta property=\"article:publisher\" content=\"https:\/\/www.facebook.com\/Projeto-Golfinho-Rotador-155695874539813\" \/>\n<meta property=\"article:published_time\" content=\"2016-08-16T01:35:40+00:00\" \/>\n<meta property=\"article:modified_time\" content=\"2025-08-08T01:43:58+00:00\" \/>\n<meta property=\"og:image\" content=\"https:\/\/golfinhorotador.org.br\/wp-content\/uploads\/2025\/08\/Ademir_Felipe_PGR_DESTAQUE.jpg\" \/>\n\t<meta property=\"og:image:width\" content=\"540\" \/>\n\t<meta property=\"og:image:height\" content=\"303\" \/>\n\t<meta property=\"og:image:type\" content=\"image\/jpeg\" \/>\n<meta name=\"author\" content=\"Projeto Golfinho Rotador\" \/>\n<meta name=\"twitter:card\" content=\"summary_large_image\" \/>\n<meta name=\"twitter:creator\" content=\"@golfinhorotador\" \/>\n<meta name=\"twitter:site\" content=\"@golfinhorotador\" \/>\n<meta name=\"twitter:label1\" content=\"Written by\" \/>\n\t<meta name=\"twitter:data1\" content=\"Projeto Golfinho Rotador\" \/>\n\t<meta name=\"twitter:label2\" content=\"Est. reading time\" \/>\n\t<meta name=\"twitter:data2\" content=\"3 minutes\" \/>\n<script type=\"application\/ld+json\" class=\"yoast-schema-graph\">{\"@context\":\"https:\\\/\\\/schema.org\",\"@graph\":[{\"@type\":\"Article\",\"@id\":\"https:\\\/\\\/golfinhorotador.org.br\\\/2016\\\/08\\\/15\\\/funcionario-do-projeto-golfinho-rotador-quebra-recorde-pessoal-em-corrida-de-rua\\\/#article\",\"isPartOf\":{\"@id\":\"https:\\\/\\\/golfinhorotador.org.br\\\/2016\\\/08\\\/15\\\/funcionario-do-projeto-golfinho-rotador-quebra-recorde-pessoal-em-corrida-de-rua\\\/\"},\"author\":{\"name\":\"Projeto Golfinho Rotador\",\"@id\":\"https:\\\/\\\/golfinhorotador.org.br\\\/#\\\/schema\\\/person\\\/31c9f545fc127c9e21fc1c5f001269db\"},\"headline\":\"Funcion\u00e1rio do Projeto Golfinho Rotador quebra recorde pessoal em Corrida de Rua\",\"datePublished\":\"2016-08-16T01:35:40+00:00\",\"dateModified\":\"2025-08-08T01:43:58+00:00\",\"mainEntityOfPage\":{\"@id\":\"https:\\\/\\\/golfinhorotador.org.br\\\/2016\\\/08\\\/15\\\/funcionario-do-projeto-golfinho-rotador-quebra-recorde-pessoal-em-corrida-de-rua\\\/\"},\"wordCount\":541,\"commentCount\":0,\"publisher\":{\"@id\":\"https:\\\/\\\/golfinhorotador.org.br\\\/#organization\"},\"image\":{\"@id\":\"https:\\\/\\\/golfinhorotador.org.br\\\/2016\\\/08\\\/15\\\/funcionario-do-projeto-golfinho-rotador-quebra-recorde-pessoal-em-corrida-de-rua\\\/#primaryimage\"},\"thumbnailUrl\":\"https:\\\/\\\/golfinhorotador.org.br\\\/wp-content\\\/uploads\\\/2025\\\/08\\\/Ademir_Felipe_PGR_DESTAQUE.jpg\",\"articleSection\":[\"Not\u00edcias\"],\"inLanguage\":\"en-US\",\"potentialAction\":[{\"@type\":\"CommentAction\",\"name\":\"Comment\",\"target\":[\"https:\\\/\\\/golfinhorotador.org.br\\\/2016\\\/08\\\/15\\\/funcionario-do-projeto-golfinho-rotador-quebra-recorde-pessoal-em-corrida-de-rua\\\/#respond\"]}]},{\"@type\":\"WebPage\",\"@id\":\"https:\\\/\\\/golfinhorotador.org.br\\\/2016\\\/08\\\/15\\\/funcionario-do-projeto-golfinho-rotador-quebra-recorde-pessoal-em-corrida-de-rua\\\/\",\"url\":\"https:\\\/\\\/golfinhorotador.org.br\\\/2016\\\/08\\\/15\\\/funcionario-do-projeto-golfinho-rotador-quebra-recorde-pessoal-em-corrida-de-rua\\\/\",\"name\":\"Funcion\u00e1rio do Projeto Golfinho Rotador quebra recorde pessoal em Corrida de Rua - Projeto Golfinho Rotador\",\"isPartOf\":{\"@id\":\"https:\\\/\\\/golfinhorotador.org.br\\\/#website\"},\"primaryImageOfPage\":{\"@id\":\"https:\\\/\\\/golfinhorotador.org.br\\\/2016\\\/08\\\/15\\\/funcionario-do-projeto-golfinho-rotador-quebra-recorde-pessoal-em-corrida-de-rua\\\/#primaryimage\"},\"image\":{\"@id\":\"https:\\\/\\\/golfinhorotador.org.br\\\/2016\\\/08\\\/15\\\/funcionario-do-projeto-golfinho-rotador-quebra-recorde-pessoal-em-corrida-de-rua\\\/#primaryimage\"},\"thumbnailUrl\":\"https:\\\/\\\/golfinhorotador.org.br\\\/wp-content\\\/uploads\\\/2025\\\/08\\\/Ademir_Felipe_PGR_DESTAQUE.jpg\",\"datePublished\":\"2016-08-16T01:35:40+00:00\",\"dateModified\":\"2025-08-08T01:43:58+00:00\",\"breadcrumb\":{\"@id\":\"https:\\\/\\\/golfinhorotador.org.br\\\/2016\\\/08\\\/15\\\/funcionario-do-projeto-golfinho-rotador-quebra-recorde-pessoal-em-corrida-de-rua\\\/#breadcrumb\"},\"inLanguage\":\"en-US\",\"potentialAction\":[{\"@type\":\"ReadAction\",\"target\":[\"https:\\\/\\\/golfinhorotador.org.br\\\/2016\\\/08\\\/15\\\/funcionario-do-projeto-golfinho-rotador-quebra-recorde-pessoal-em-corrida-de-rua\\\/\"]}]},{\"@type\":\"ImageObject\",\"inLanguage\":\"en-US\",\"@id\":\"https:\\\/\\\/golfinhorotador.org.br\\\/2016\\\/08\\\/15\\\/funcionario-do-projeto-golfinho-rotador-quebra-recorde-pessoal-em-corrida-de-rua\\\/#primaryimage\",\"url\":\"https:\\\/\\\/golfinhorotador.org.br\\\/wp-content\\\/uploads\\\/2025\\\/08\\\/Ademir_Felipe_PGR_DESTAQUE.jpg\",\"contentUrl\":\"https:\\\/\\\/golfinhorotador.org.br\\\/wp-content\\\/uploads\\\/2025\\\/08\\\/Ademir_Felipe_PGR_DESTAQUE.jpg\",\"width\":540,\"height\":303},{\"@type\":\"BreadcrumbList\",\"@id\":\"https:\\\/\\\/golfinhorotador.org.br\\\/2016\\\/08\\\/15\\\/funcionario-do-projeto-golfinho-rotador-quebra-recorde-pessoal-em-corrida-de-rua\\\/#breadcrumb\",\"itemListElement\":[{\"@type\":\"ListItem\",\"position\":1,\"name\":\"In\u00edcio\",\"item\":\"https:\\\/\\\/golfinhorotador.org.br\\\/en\\\/home\\\/\"},{\"@type\":\"ListItem\",\"position\":2,\"name\":\"Funcion\u00e1rio do Projeto Golfinho Rotador quebra recorde pessoal em Corrida de Rua\"}]},{\"@type\":\"WebSite\",\"@id\":\"https:\\\/\\\/golfinhorotador.org.br\\\/#website\",\"url\":\"https:\\\/\\\/golfinhorotador.org.br\\\/\",\"name\":\"Projeto Golfinho Rotador\",\"description\":\"Fernando de Noronha\",\"publisher\":{\"@id\":\"https:\\\/\\\/golfinhorotador.org.br\\\/#organization\"},\"potentialAction\":[{\"@type\":\"SearchAction\",\"target\":{\"@type\":\"EntryPoint\",\"urlTemplate\":\"https:\\\/\\\/golfinhorotador.org.br\\\/?s={search_term_string}\"},\"query-input\":{\"@type\":\"PropertyValueSpecification\",\"valueRequired\":true,\"valueName\":\"search_term_string\"}}],\"inLanguage\":\"en-US\"},{\"@type\":\"Organization\",\"@id\":\"https:\\\/\\\/golfinhorotador.org.br\\\/#organization\",\"name\":\"Projeto Golfinho Rotador\",\"url\":\"https:\\\/\\\/golfinhorotador.org.br\\\/\",\"logo\":{\"@type\":\"ImageObject\",\"inLanguage\":\"en-US\",\"@id\":\"https:\\\/\\\/golfinhorotador.org.br\\\/#\\\/schema\\\/logo\\\/image\\\/\",\"url\":\"https:\\\/\\\/golfinhorotador.org.br\\\/wp-content\\\/uploads\\\/2025\\\/07\\\/Logo-PGR-2025-512.png\",\"contentUrl\":\"https:\\\/\\\/golfinhorotador.org.br\\\/wp-content\\\/uploads\\\/2025\\\/07\\\/Logo-PGR-2025-512.png\",\"width\":512,\"height\":512,\"caption\":\"Projeto Golfinho Rotador\"},\"image\":{\"@id\":\"https:\\\/\\\/golfinhorotador.org.br\\\/#\\\/schema\\\/logo\\\/image\\\/\"},\"sameAs\":[\"https:\\\/\\\/www.facebook.com\\\/Projeto-Golfinho-Rotador-155695874539813\",\"https:\\\/\\\/x.com\\\/golfinhorotador\",\"https:\\\/\\\/www.instagram.com\\\/golfinhorotador\\\/\",\"https:\\\/\\\/www.youtube.com\\\/channel\\\/UCYw-aMfBHbkUU_DimpWJzbw\",\"https:\\\/\\\/www.tiktok.com\\\/@golfinhorotador\"]},{\"@type\":\"Person\",\"@id\":\"https:\\\/\\\/golfinhorotador.org.br\\\/#\\\/schema\\\/person\\\/31c9f545fc127c9e21fc1c5f001269db\",\"name\":\"Projeto Golfinho Rotador\",\"image\":{\"@type\":\"ImageObject\",\"inLanguage\":\"en-US\",\"@id\":\"https:\\\/\\\/secure.gravatar.com\\\/avatar\\\/4e2f6bba9197287956dc1c931a4caed810b09aec9b8f38aa913bd11926fd05d2?s=96&d=mm&r=g\",\"url\":\"https:\\\/\\\/secure.gravatar.com\\\/avatar\\\/4e2f6bba9197287956dc1c931a4caed810b09aec9b8f38aa913bd11926fd05d2?s=96&d=mm&r=g\",\"contentUrl\":\"https:\\\/\\\/secure.gravatar.com\\\/avatar\\\/4e2f6bba9197287956dc1c931a4caed810b09aec9b8f38aa913bd11926fd05d2?s=96&d=mm&r=g\",\"caption\":\"Projeto Golfinho Rotador\"},\"url\":\"https:\\\/\\\/golfinhorotador.org.br\\\/en\\\/author\\\/projeto-golfinho-rotador\\\/\"}]}<\/script>\n<!-- \/ Yoast SEO plugin. -->","yoast_head_json":{"title":"Funcion\u00e1rio do Projeto Golfinho Rotador quebra recorde pessoal em Corrida de Rua - Projeto Golfinho Rotador","robots":{"index":"index","follow":"follow","max-snippet":"max-snippet:-1","max-image-preview":"max-image-preview:large","max-video-preview":"max-video-preview:-1"},"canonical":"https:\/\/golfinhorotador.org.br\/2016\/08\/15\/funcionario-do-projeto-golfinho-rotador-quebra-recorde-pessoal-em-corrida-de-rua\/","og_locale":"en_US","og_type":"article","og_title":"Funcion\u00e1rio do Projeto Golfinho Rotador quebra recorde pessoal em Corrida de Rua - Projeto Golfinho Rotador","og_description":"Ademir Ventura, Coordenador Administrativo e Financeiro do Projeto Golfinho Rotador, conquistou medalha de ouro na 5\u00aa Corrida de Rua de Fernando de Noronha \u2013 Ren\u00ea Jer\u00f4nimo, no s\u00e1bado (13), no Porto de Santo Ant\u00f4nio. Ademir, que \u00e9 bicampe\u00e3o na prova, ainda quebrou seu recorde pessoal na categoria 14 quil\u00f4metros. Felipe Rog\u00e9rio, atleta tamb\u00e9m apoiado pelo [&hellip;]","og_url":"https:\/\/golfinhorotador.org.br\/2016\/08\/15\/funcionario-do-projeto-golfinho-rotador-quebra-recorde-pessoal-em-corrida-de-rua\/","og_site_name":"Projeto Golfinho Rotador","article_publisher":"https:\/\/www.facebook.com\/Projeto-Golfinho-Rotador-155695874539813","article_published_time":"2016-08-16T01:35:40+00:00","article_modified_time":"2025-08-08T01:43:58+00:00","og_image":[{"width":540,"height":303,"url":"https:\/\/golfinhorotador.org.br\/wp-content\/uploads\/2025\/08\/Ademir_Felipe_PGR_DESTAQUE.jpg","type":"image\/jpeg"}],"author":"Projeto Golfinho Rotador","twitter_card":"summary_large_image","twitter_creator":"@golfinhorotador","twitter_site":"@golfinhorotador","twitter_misc":{"Written by":"Projeto Golfinho Rotador","Est. reading time":"3 minutes"},"schema":{"@context":"https:\/\/schema.org","@graph":[{"@type":"Article","@id":"https:\/\/golfinhorotador.org.br\/2016\/08\/15\/funcionario-do-projeto-golfinho-rotador-quebra-recorde-pessoal-em-corrida-de-rua\/#article","isPartOf":{"@id":"https:\/\/golfinhorotador.org.br\/2016\/08\/15\/funcionario-do-projeto-golfinho-rotador-quebra-recorde-pessoal-em-corrida-de-rua\/"},"author":{"name":"Projeto Golfinho Rotador","@id":"https:\/\/golfinhorotador.org.br\/#\/schema\/person\/31c9f545fc127c9e21fc1c5f001269db"},"headline":"Funcion\u00e1rio do Projeto Golfinho Rotador quebra recorde pessoal em Corrida de Rua","datePublished":"2016-08-16T01:35:40+00:00","dateModified":"2025-08-08T01:43:58+00:00","mainEntityOfPage":{"@id":"https:\/\/golfinhorotador.org.br\/2016\/08\/15\/funcionario-do-projeto-golfinho-rotador-quebra-recorde-pessoal-em-corrida-de-rua\/"},"wordCount":541,"commentCount":0,"publisher":{"@id":"https:\/\/golfinhorotador.org.br\/#organization"},"image":{"@id":"https:\/\/golfinhorotador.org.br\/2016\/08\/15\/funcionario-do-projeto-golfinho-rotador-quebra-recorde-pessoal-em-corrida-de-rua\/#primaryimage"},"thumbnailUrl":"https:\/\/golfinhorotador.org.br\/wp-content\/uploads\/2025\/08\/Ademir_Felipe_PGR_DESTAQUE.jpg","articleSection":["Not\u00edcias"],"inLanguage":"en-US","potentialAction":[{"@type":"CommentAction","name":"Comment","target":["https:\/\/golfinhorotador.org.br\/2016\/08\/15\/funcionario-do-projeto-golfinho-rotador-quebra-recorde-pessoal-em-corrida-de-rua\/#respond"]}]},{"@type":"WebPage","@id":"https:\/\/golfinhorotador.org.br\/2016\/08\/15\/funcionario-do-projeto-golfinho-rotador-quebra-recorde-pessoal-em-corrida-de-rua\/","url":"https:\/\/golfinhorotador.org.br\/2016\/08\/15\/funcionario-do-projeto-golfinho-rotador-quebra-recorde-pessoal-em-corrida-de-rua\/","name":"Funcion\u00e1rio do Projeto Golfinho Rotador quebra recorde pessoal em Corrida de Rua - Projeto Golfinho Rotador","isPartOf":{"@id":"https:\/\/golfinhorotador.org.br\/#website"},"primaryImageOfPage":{"@id":"https:\/\/golfinhorotador.org.br\/2016\/08\/15\/funcionario-do-projeto-golfinho-rotador-quebra-recorde-pessoal-em-corrida-de-rua\/#primaryimage"},"image":{"@id":"https:\/\/golfinhorotador.org.br\/2016\/08\/15\/funcionario-do-projeto-golfinho-rotador-quebra-recorde-pessoal-em-corrida-de-rua\/#primaryimage"},"thumbnailUrl":"https:\/\/golfinhorotador.org.br\/wp-content\/uploads\/2025\/08\/Ademir_Felipe_PGR_DESTAQUE.jpg","datePublished":"2016-08-16T01:35:40+00:00","dateModified":"2025-08-08T01:43:58+00:00","breadcrumb":{"@id":"https:\/\/golfinhorotador.org.br\/2016\/08\/15\/funcionario-do-projeto-golfinho-rotador-quebra-recorde-pessoal-em-corrida-de-rua\/#breadcrumb"},"inLanguage":"en-US","potentialAction":[{"@type":"ReadAction","target":["https:\/\/golfinhorotador.org.br\/2016\/08\/15\/funcionario-do-projeto-golfinho-rotador-quebra-recorde-pessoal-em-corrida-de-rua\/"]}]},{"@type":"ImageObject","inLanguage":"en-US","@id":"https:\/\/golfinhorotador.org.br\/2016\/08\/15\/funcionario-do-projeto-golfinho-rotador-quebra-recorde-pessoal-em-corrida-de-rua\/#primaryimage","url":"https:\/\/golfinhorotador.org.br\/wp-content\/uploads\/2025\/08\/Ademir_Felipe_PGR_DESTAQUE.jpg","contentUrl":"https:\/\/golfinhorotador.org.br\/wp-content\/uploads\/2025\/08\/Ademir_Felipe_PGR_DESTAQUE.jpg","width":540,"height":303},{"@type":"BreadcrumbList","@id":"https:\/\/golfinhorotador.org.br\/2016\/08\/15\/funcionario-do-projeto-golfinho-rotador-quebra-recorde-pessoal-em-corrida-de-rua\/#breadcrumb","itemListElement":[{"@type":"ListItem","position":1,"name":"In\u00edcio","item":"https:\/\/golfinhorotador.org.br\/en\/home\/"},{"@type":"ListItem","position":2,"name":"Funcion\u00e1rio do Projeto Golfinho Rotador quebra recorde pessoal em Corrida de Rua"}]},{"@type":"WebSite","@id":"https:\/\/golfinhorotador.org.br\/#website","url":"https:\/\/golfinhorotador.org.br\/","name":"Projeto Golfinho Rotador","description":"Fernando de Noronha","publisher":{"@id":"https:\/\/golfinhorotador.org.br\/#organization"},"potentialAction":[{"@type":"SearchAction","target":{"@type":"EntryPoint","urlTemplate":"https:\/\/golfinhorotador.org.br\/?s={search_term_string}"},"query-input":{"@type":"PropertyValueSpecification","valueRequired":true,"valueName":"search_term_string"}}],"inLanguage":"en-US"},{"@type":"Organization","@id":"https:\/\/golfinhorotador.org.br\/#organization","name":"Projeto Golfinho Rotador","url":"https:\/\/golfinhorotador.org.br\/","logo":{"@type":"ImageObject","inLanguage":"en-US","@id":"https:\/\/golfinhorotador.org.br\/#\/schema\/logo\/image\/","url":"https:\/\/golfinhorotador.org.br\/wp-content\/uploads\/2025\/07\/Logo-PGR-2025-512.png","contentUrl":"https:\/\/golfinhorotador.org.br\/wp-content\/uploads\/2025\/07\/Logo-PGR-2025-512.png","width":512,"height":512,"caption":"Projeto Golfinho Rotador"},"image":{"@id":"https:\/\/golfinhorotador.org.br\/#\/schema\/logo\/image\/"},"sameAs":["https:\/\/www.facebook.com\/Projeto-Golfinho-Rotador-155695874539813","https:\/\/x.com\/golfinhorotador","https:\/\/www.instagram.com\/golfinhorotador\/","https:\/\/www.youtube.com\/channel\/UCYw-aMfBHbkUU_DimpWJzbw","https:\/\/www.tiktok.com\/@golfinhorotador"]},{"@type":"Person","@id":"https:\/\/golfinhorotador.org.br\/#\/schema\/person\/31c9f545fc127c9e21fc1c5f001269db","name":"Projeto Golfinho Rotador","image":{"@type":"ImageObject","inLanguage":"en-US","@id":"https:\/\/secure.gravatar.com\/avatar\/4e2f6bba9197287956dc1c931a4caed810b09aec9b8f38aa913bd11926fd05d2?s=96&d=mm&r=g","url":"https:\/\/secure.gravatar.com\/avatar\/4e2f6bba9197287956dc1c931a4caed810b09aec9b8f38aa913bd11926fd05d2?s=96&d=mm&r=g","contentUrl":"https:\/\/secure.gravatar.com\/avatar\/4e2f6bba9197287956dc1c931a4caed810b09aec9b8f38aa913bd11926fd05d2?s=96&d=mm&r=g","caption":"Projeto Golfinho Rotador"},"url":"https:\/\/golfinhorotador.org.br\/en\/author\/projeto-golfinho-rotador\/"}]}},"_links":{"self":[{"href":"https:\/\/golfinhorotador.org.br\/en\/wp-json\/wp\/v2\/posts\/1370","targetHints":{"allow":["GET"]}}],"collection":[{"href":"https:\/\/golfinhorotador.org.br\/en\/wp-json\/wp\/v2\/posts"}],"about":[{"href":"https:\/\/golfinhorotador.org.br\/en\/wp-json\/wp\/v2\/types\/post"}],"author":[{"embeddable":true,"href":"https:\/\/golfinhorotador.org.br\/en\/wp-json\/wp\/v2\/users\/2"}],"replies":[{"embeddable":true,"href":"https:\/\/golfinhorotador.org.br\/en\/wp-json\/wp\/v2\/comments?post=1370"}],"version-history":[{"count":4,"href":"https:\/\/golfinhorotador.org.br\/en\/wp-json\/wp\/v2\/posts\/1370\/revisions"}],"predecessor-version":[{"id":1377,"href":"https:\/\/golfinhorotador.org.br\/en\/wp-json\/wp\/v2\/posts\/1370\/revisions\/1377"}],"wp:featuredmedia":[{"embeddable":true,"href":"https:\/\/golfinhorotador.org.br\/en\/wp-json\/wp\/v2\/media\/1372"}],"wp:attachment":[{"href":"https:\/\/golfinhorotador.org.br\/en\/wp-json\/wp\/v2\/media?parent=1370"}],"wp:term":[{"taxonomy":"category","embeddable":true,"href":"https:\/\/golfinhorotador.org.br\/en\/wp-json\/wp\/v2\/categories?post=1370"},{"taxonomy":"post_tag","embeddable":true,"href":"https:\/\/golfinhorotador.org.br\/en\/wp-json\/wp\/v2\/tags?post=1370"}],"curies":[{"name":"wp","href":"https:\/\/api.w.org\/{rel}","templated":true}]}}