{"id":1386,"date":"2016-08-24T22:47:18","date_gmt":"2016-08-25T01:47:18","guid":{"rendered":"https:\/\/golfinhorotador.org.br\/?p=1386"},"modified":"2025-08-07T22:50:59","modified_gmt":"2025-08-08T01:50:59","slug":"golfinhos-fazem-a-festa-no-26o-aniversario-do-projeto-golfinho-rotador","status":"publish","type":"post","link":"https:\/\/golfinhorotador.org.br\/en\/2016\/08\/24\/golfinhos-fazem-a-festa-no-26o-aniversario-do-projeto-golfinho-rotador\/","title":{"rendered":"Golfinhos fazem a festa no 26\u00ba anivers\u00e1rio do Projeto Golfinho Rotador"},"content":{"rendered":"<p><img fetchpriority=\"high\" decoding=\"async\" class=\"wp-image-1387 alignright\" src=\"https:\/\/golfinhorotador.org.br\/wp-content\/uploads\/2025\/08\/pgr_26_anos.jpg\" alt=\"\" width=\"500\" height=\"335\" srcset=\"https:\/\/golfinhorotador.org.br\/wp-content\/uploads\/2025\/08\/pgr_26_anos.jpg 960w, https:\/\/golfinhorotador.org.br\/wp-content\/uploads\/2025\/08\/pgr_26_anos-300x201.jpg 300w, https:\/\/golfinhorotador.org.br\/wp-content\/uploads\/2025\/08\/pgr_26_anos-768x514.jpg 768w\" sizes=\"(max-width: 500px) 100vw, 500px\" \/>Os golfinhos fizeram a festa nesta segunda-feira (22), na Ba\u00eda dos Golfinhos, em Fernando de Noronha (FN). No total, 1.046 golfinhos-rotadores ficaram, simultaneamente por quatro horas, desenvolvendo diversas atividades a\u00e9reas e de c\u00f3pula. Um grupo assim t\u00e3o numeroso, e que permanecesse tanto tempo na Ba\u00eda dos Golfinhos, foi registrado pela \u00faltima vez, pelos pesquisadores do Projeto Golfinho Rotador, em janeiro de 2014.<\/p>\n<p>Para os pesquisadores, o dia at\u00edpico foi na verdade um grande presente antecipado que os golfinhos proporcionaram ao Projeto Golfinho Rotador, que completa 26 anos nesta ter\u00e7a-feira (23).<\/p>\n<p>\u201cFoi um dia que rendeu e eu fiquei muito empolgada. Consegui registrar diversos tipos de comportamentos dos rotadores. A Ba\u00eda dos Golfinhos estava realmente linda. O dia de hoje foi um grande presente. Uma oportunidade \u00fanica de ver tantos golfinhos juntos\u201d, explicou Rita de Carli, bi\u00f3loga e pesquisadora do Projeto Golfinho Rotador.<\/p>\n<figure id=\"attachment_1388\" aria-describedby=\"caption-attachment-1388\" style=\"width: 300px\" class=\"wp-caption alignleft\"><img decoding=\"async\" class=\"wp-image-1388 size-full\" src=\"https:\/\/golfinhorotador.org.br\/wp-content\/uploads\/2025\/08\/golfinho_baia_ok-300x265-1.jpg\" alt=\"\" width=\"300\" height=\"265\" \/><figcaption id=\"caption-attachment-1388\" class=\"wp-caption-text\">A pesquisadora Rita de Carli registrou o momento da aglomera\u00e7\u00e3o de golfinhos, na segunda-feira (22), na Ba\u00eda dos Golfinhos.<\/figcaption><\/figure>\n<p>No Mirante da Ba\u00eda dos Golfinhos, os pesquisadores do Projeto Golfinho Rotador realizam o monitoramento dos golfinhos de segunda a s\u00e1bado desde 1990. Nesta segunda-feira, os golfinhos chegaram \u00e0s 7h55 e permaneceram at\u00e9 as 12hs. O mirante \u00e9 aberto para visita\u00e7\u00e3o das 6h30 \u00e0s 16hs. No total, foram registrados 1.040 rotadores, mas o grupo que permaneceu por quatro horas contava com 1.046 indiv\u00edduos.<\/p>\n<p>Apesar de os golfinhos estarem permanecendo muito menos tempo na Ba\u00eda dos Golfinhos, a probabilidade de se encontrar golfinhos em Fernando de Noronha \u00e9 a mesma desde 1990. A estat\u00edstica positiva \u00e9 resultado das a\u00e7\u00f5es de preserva\u00e7\u00e3o desenvolvidas pelo ICMBio e Projeto Golfinho Rotador.<\/p>\n<p>O Projeto Golfinho Rotador, coordenado pelo ICMBio, executado pelo Centro Golfinho Rotador e tendo a Petrobras como patrocinador oficial, por meio do Programa Petrobras Socioambiental, executa suas a\u00e7\u00f5es por meio de quatro programas: pesquisa, educa\u00e7\u00e3o ambiental, envolvimento comunit\u00e1rio e sustentabilidade.<\/p>\n","protected":false},"excerpt":{"rendered":"<p>Os golfinhos fizeram a festa nesta segunda-feira (22), na Ba\u00eda dos Golfinhos, em Fernando de Noronha (FN). No total, 1.046 golfinhos-rotadores ficaram, simultaneamente por quatro horas, desenvolvendo diversas atividades a\u00e9reas e de c\u00f3pula. Um grupo assim t\u00e3o numeroso, e que permanecesse tanto tempo na Ba\u00eda dos Golfinhos, foi registrado pela \u00faltima vez, pelos pesquisadores do [&hellip;]<\/p>\n","protected":false},"author":2,"featured_media":1387,"comment_status":"open","ping_status":"open","sticky":false,"template":"","format":"standard","meta":{"_acf_changed":false,"footnotes":""},"categories":[9],"tags":[],"class_list":["post-1386","post","type-post","status-publish","format-standard","has-post-thumbnail","hentry","category-noticias"],"acf":{"exibir_imagem_destacada":"N\u00e3o"},"yoast_head":"<!-- This site is optimized with the Yoast SEO plugin v27.5 - https:\/\/yoast.com\/product\/yoast-seo-wordpress\/ -->\n<title>Golfinhos fazem a festa no 26\u00ba anivers\u00e1rio do Projeto Golfinho Rotador - Projeto Golfinho Rotador<\/title>\n<meta name=\"robots\" content=\"index, follow, max-snippet:-1, max-image-preview:large, max-video-preview:-1\" \/>\n<link rel=\"canonical\" href=\"https:\/\/golfinhorotador.org.br\/2016\/08\/24\/golfinhos-fazem-a-festa-no-26o-aniversario-do-projeto-golfinho-rotador\/\" \/>\n<meta property=\"og:locale\" content=\"en_US\" \/>\n<meta property=\"og:type\" content=\"article\" \/>\n<meta property=\"og:title\" content=\"Golfinhos fazem a festa no 26\u00ba anivers\u00e1rio do Projeto Golfinho Rotador - Projeto Golfinho Rotador\" \/>\n<meta property=\"og:description\" content=\"Os golfinhos fizeram a festa nesta segunda-feira (22), na Ba\u00eda dos Golfinhos, em Fernando de Noronha (FN). No total, 1.046 golfinhos-rotadores ficaram, simultaneamente por quatro horas, desenvolvendo diversas atividades a\u00e9reas e de c\u00f3pula. Um grupo assim t\u00e3o numeroso, e que permanecesse tanto tempo na Ba\u00eda dos Golfinhos, foi registrado pela \u00faltima vez, pelos pesquisadores do [&hellip;]\" \/>\n<meta property=\"og:url\" content=\"https:\/\/golfinhorotador.org.br\/2016\/08\/24\/golfinhos-fazem-a-festa-no-26o-aniversario-do-projeto-golfinho-rotador\/\" \/>\n<meta property=\"og:site_name\" content=\"Projeto Golfinho Rotador\" \/>\n<meta property=\"article:publisher\" content=\"https:\/\/www.facebook.com\/Projeto-Golfinho-Rotador-155695874539813\" \/>\n<meta property=\"article:published_time\" content=\"2016-08-25T01:47:18+00:00\" \/>\n<meta property=\"article:modified_time\" content=\"2025-08-08T01:50:59+00:00\" \/>\n<meta property=\"og:image\" content=\"https:\/\/golfinhorotador.org.br\/wp-content\/uploads\/2025\/08\/pgr_26_anos.jpg\" \/>\n\t<meta property=\"og:image:width\" content=\"960\" \/>\n\t<meta property=\"og:image:height\" content=\"643\" \/>\n\t<meta property=\"og:image:type\" content=\"image\/jpeg\" \/>\n<meta name=\"author\" content=\"Projeto Golfinho Rotador\" \/>\n<meta name=\"twitter:card\" content=\"summary_large_image\" \/>\n<meta name=\"twitter:creator\" content=\"@golfinhorotador\" \/>\n<meta name=\"twitter:site\" content=\"@golfinhorotador\" \/>\n<meta name=\"twitter:label1\" content=\"Written by\" \/>\n\t<meta name=\"twitter:data1\" content=\"Projeto Golfinho Rotador\" \/>\n\t<meta name=\"twitter:label2\" content=\"Est. reading time\" \/>\n\t<meta name=\"twitter:data2\" content=\"2 minutes\" \/>\n<script type=\"application\/ld+json\" class=\"yoast-schema-graph\">{\"@context\":\"https:\\\/\\\/schema.org\",\"@graph\":[{\"@type\":\"Article\",\"@id\":\"https:\\\/\\\/golfinhorotador.org.br\\\/2016\\\/08\\\/24\\\/golfinhos-fazem-a-festa-no-26o-aniversario-do-projeto-golfinho-rotador\\\/#article\",\"isPartOf\":{\"@id\":\"https:\\\/\\\/golfinhorotador.org.br\\\/2016\\\/08\\\/24\\\/golfinhos-fazem-a-festa-no-26o-aniversario-do-projeto-golfinho-rotador\\\/\"},\"author\":{\"name\":\"Projeto Golfinho Rotador\",\"@id\":\"https:\\\/\\\/golfinhorotador.org.br\\\/#\\\/schema\\\/person\\\/31c9f545fc127c9e21fc1c5f001269db\"},\"headline\":\"Golfinhos fazem a festa no 26\u00ba anivers\u00e1rio do Projeto Golfinho Rotador\",\"datePublished\":\"2016-08-25T01:47:18+00:00\",\"dateModified\":\"2025-08-08T01:50:59+00:00\",\"mainEntityOfPage\":{\"@id\":\"https:\\\/\\\/golfinhorotador.org.br\\\/2016\\\/08\\\/24\\\/golfinhos-fazem-a-festa-no-26o-aniversario-do-projeto-golfinho-rotador\\\/\"},\"wordCount\":335,\"commentCount\":0,\"publisher\":{\"@id\":\"https:\\\/\\\/golfinhorotador.org.br\\\/#organization\"},\"image\":{\"@id\":\"https:\\\/\\\/golfinhorotador.org.br\\\/2016\\\/08\\\/24\\\/golfinhos-fazem-a-festa-no-26o-aniversario-do-projeto-golfinho-rotador\\\/#primaryimage\"},\"thumbnailUrl\":\"https:\\\/\\\/golfinhorotador.org.br\\\/wp-content\\\/uploads\\\/2025\\\/08\\\/pgr_26_anos.jpg\",\"articleSection\":[\"Not\u00edcias\"],\"inLanguage\":\"en-US\",\"potentialAction\":[{\"@type\":\"CommentAction\",\"name\":\"Comment\",\"target\":[\"https:\\\/\\\/golfinhorotador.org.br\\\/2016\\\/08\\\/24\\\/golfinhos-fazem-a-festa-no-26o-aniversario-do-projeto-golfinho-rotador\\\/#respond\"]}]},{\"@type\":\"WebPage\",\"@id\":\"https:\\\/\\\/golfinhorotador.org.br\\\/2016\\\/08\\\/24\\\/golfinhos-fazem-a-festa-no-26o-aniversario-do-projeto-golfinho-rotador\\\/\",\"url\":\"https:\\\/\\\/golfinhorotador.org.br\\\/2016\\\/08\\\/24\\\/golfinhos-fazem-a-festa-no-26o-aniversario-do-projeto-golfinho-rotador\\\/\",\"name\":\"Golfinhos fazem a festa no 26\u00ba anivers\u00e1rio do Projeto Golfinho Rotador - Projeto Golfinho Rotador\",\"isPartOf\":{\"@id\":\"https:\\\/\\\/golfinhorotador.org.br\\\/#website\"},\"primaryImageOfPage\":{\"@id\":\"https:\\\/\\\/golfinhorotador.org.br\\\/2016\\\/08\\\/24\\\/golfinhos-fazem-a-festa-no-26o-aniversario-do-projeto-golfinho-rotador\\\/#primaryimage\"},\"image\":{\"@id\":\"https:\\\/\\\/golfinhorotador.org.br\\\/2016\\\/08\\\/24\\\/golfinhos-fazem-a-festa-no-26o-aniversario-do-projeto-golfinho-rotador\\\/#primaryimage\"},\"thumbnailUrl\":\"https:\\\/\\\/golfinhorotador.org.br\\\/wp-content\\\/uploads\\\/2025\\\/08\\\/pgr_26_anos.jpg\",\"datePublished\":\"2016-08-25T01:47:18+00:00\",\"dateModified\":\"2025-08-08T01:50:59+00:00\",\"breadcrumb\":{\"@id\":\"https:\\\/\\\/golfinhorotador.org.br\\\/2016\\\/08\\\/24\\\/golfinhos-fazem-a-festa-no-26o-aniversario-do-projeto-golfinho-rotador\\\/#breadcrumb\"},\"inLanguage\":\"en-US\",\"potentialAction\":[{\"@type\":\"ReadAction\",\"target\":[\"https:\\\/\\\/golfinhorotador.org.br\\\/2016\\\/08\\\/24\\\/golfinhos-fazem-a-festa-no-26o-aniversario-do-projeto-golfinho-rotador\\\/\"]}]},{\"@type\":\"ImageObject\",\"inLanguage\":\"en-US\",\"@id\":\"https:\\\/\\\/golfinhorotador.org.br\\\/2016\\\/08\\\/24\\\/golfinhos-fazem-a-festa-no-26o-aniversario-do-projeto-golfinho-rotador\\\/#primaryimage\",\"url\":\"https:\\\/\\\/golfinhorotador.org.br\\\/wp-content\\\/uploads\\\/2025\\\/08\\\/pgr_26_anos.jpg\",\"contentUrl\":\"https:\\\/\\\/golfinhorotador.org.br\\\/wp-content\\\/uploads\\\/2025\\\/08\\\/pgr_26_anos.jpg\",\"width\":960,\"height\":643},{\"@type\":\"BreadcrumbList\",\"@id\":\"https:\\\/\\\/golfinhorotador.org.br\\\/2016\\\/08\\\/24\\\/golfinhos-fazem-a-festa-no-26o-aniversario-do-projeto-golfinho-rotador\\\/#breadcrumb\",\"itemListElement\":[{\"@type\":\"ListItem\",\"position\":1,\"name\":\"In\u00edcio\",\"item\":\"https:\\\/\\\/golfinhorotador.org.br\\\/en\\\/home\\\/\"},{\"@type\":\"ListItem\",\"position\":2,\"name\":\"Golfinhos fazem a festa no 26\u00ba anivers\u00e1rio do Projeto Golfinho Rotador\"}]},{\"@type\":\"WebSite\",\"@id\":\"https:\\\/\\\/golfinhorotador.org.br\\\/#website\",\"url\":\"https:\\\/\\\/golfinhorotador.org.br\\\/\",\"name\":\"Projeto Golfinho Rotador\",\"description\":\"Fernando de Noronha\",\"publisher\":{\"@id\":\"https:\\\/\\\/golfinhorotador.org.br\\\/#organization\"},\"potentialAction\":[{\"@type\":\"SearchAction\",\"target\":{\"@type\":\"EntryPoint\",\"urlTemplate\":\"https:\\\/\\\/golfinhorotador.org.br\\\/?s={search_term_string}\"},\"query-input\":{\"@type\":\"PropertyValueSpecification\",\"valueRequired\":true,\"valueName\":\"search_term_string\"}}],\"inLanguage\":\"en-US\"},{\"@type\":\"Organization\",\"@id\":\"https:\\\/\\\/golfinhorotador.org.br\\\/#organization\",\"name\":\"Projeto Golfinho Rotador\",\"url\":\"https:\\\/\\\/golfinhorotador.org.br\\\/\",\"logo\":{\"@type\":\"ImageObject\",\"inLanguage\":\"en-US\",\"@id\":\"https:\\\/\\\/golfinhorotador.org.br\\\/#\\\/schema\\\/logo\\\/image\\\/\",\"url\":\"https:\\\/\\\/golfinhorotador.org.br\\\/wp-content\\\/uploads\\\/2025\\\/07\\\/Logo-PGR-2025-512.png\",\"contentUrl\":\"https:\\\/\\\/golfinhorotador.org.br\\\/wp-content\\\/uploads\\\/2025\\\/07\\\/Logo-PGR-2025-512.png\",\"width\":512,\"height\":512,\"caption\":\"Projeto Golfinho Rotador\"},\"image\":{\"@id\":\"https:\\\/\\\/golfinhorotador.org.br\\\/#\\\/schema\\\/logo\\\/image\\\/\"},\"sameAs\":[\"https:\\\/\\\/www.facebook.com\\\/Projeto-Golfinho-Rotador-155695874539813\",\"https:\\\/\\\/x.com\\\/golfinhorotador\",\"https:\\\/\\\/www.instagram.com\\\/golfinhorotador\\\/\",\"https:\\\/\\\/www.youtube.com\\\/channel\\\/UCYw-aMfBHbkUU_DimpWJzbw\",\"https:\\\/\\\/www.tiktok.com\\\/@golfinhorotador\"]},{\"@type\":\"Person\",\"@id\":\"https:\\\/\\\/golfinhorotador.org.br\\\/#\\\/schema\\\/person\\\/31c9f545fc127c9e21fc1c5f001269db\",\"name\":\"Projeto Golfinho Rotador\",\"image\":{\"@type\":\"ImageObject\",\"inLanguage\":\"en-US\",\"@id\":\"https:\\\/\\\/secure.gravatar.com\\\/avatar\\\/4e2f6bba9197287956dc1c931a4caed810b09aec9b8f38aa913bd11926fd05d2?s=96&d=mm&r=g\",\"url\":\"https:\\\/\\\/secure.gravatar.com\\\/avatar\\\/4e2f6bba9197287956dc1c931a4caed810b09aec9b8f38aa913bd11926fd05d2?s=96&d=mm&r=g\",\"contentUrl\":\"https:\\\/\\\/secure.gravatar.com\\\/avatar\\\/4e2f6bba9197287956dc1c931a4caed810b09aec9b8f38aa913bd11926fd05d2?s=96&d=mm&r=g\",\"caption\":\"Projeto Golfinho Rotador\"},\"url\":\"https:\\\/\\\/golfinhorotador.org.br\\\/en\\\/author\\\/projeto-golfinho-rotador\\\/\"}]}<\/script>\n<!-- \/ Yoast SEO plugin. -->","yoast_head_json":{"title":"Golfinhos fazem a festa no 26\u00ba anivers\u00e1rio do Projeto Golfinho Rotador - Projeto Golfinho Rotador","robots":{"index":"index","follow":"follow","max-snippet":"max-snippet:-1","max-image-preview":"max-image-preview:large","max-video-preview":"max-video-preview:-1"},"canonical":"https:\/\/golfinhorotador.org.br\/2016\/08\/24\/golfinhos-fazem-a-festa-no-26o-aniversario-do-projeto-golfinho-rotador\/","og_locale":"en_US","og_type":"article","og_title":"Golfinhos fazem a festa no 26\u00ba anivers\u00e1rio do Projeto Golfinho Rotador - Projeto Golfinho Rotador","og_description":"Os golfinhos fizeram a festa nesta segunda-feira (22), na Ba\u00eda dos Golfinhos, em Fernando de Noronha (FN). No total, 1.046 golfinhos-rotadores ficaram, simultaneamente por quatro horas, desenvolvendo diversas atividades a\u00e9reas e de c\u00f3pula. Um grupo assim t\u00e3o numeroso, e que permanecesse tanto tempo na Ba\u00eda dos Golfinhos, foi registrado pela \u00faltima vez, pelos pesquisadores do [&hellip;]","og_url":"https:\/\/golfinhorotador.org.br\/2016\/08\/24\/golfinhos-fazem-a-festa-no-26o-aniversario-do-projeto-golfinho-rotador\/","og_site_name":"Projeto Golfinho Rotador","article_publisher":"https:\/\/www.facebook.com\/Projeto-Golfinho-Rotador-155695874539813","article_published_time":"2016-08-25T01:47:18+00:00","article_modified_time":"2025-08-08T01:50:59+00:00","og_image":[{"width":960,"height":643,"url":"https:\/\/golfinhorotador.org.br\/wp-content\/uploads\/2025\/08\/pgr_26_anos.jpg","type":"image\/jpeg"}],"author":"Projeto Golfinho Rotador","twitter_card":"summary_large_image","twitter_creator":"@golfinhorotador","twitter_site":"@golfinhorotador","twitter_misc":{"Written by":"Projeto Golfinho Rotador","Est. reading time":"2 minutes"},"schema":{"@context":"https:\/\/schema.org","@graph":[{"@type":"Article","@id":"https:\/\/golfinhorotador.org.br\/2016\/08\/24\/golfinhos-fazem-a-festa-no-26o-aniversario-do-projeto-golfinho-rotador\/#article","isPartOf":{"@id":"https:\/\/golfinhorotador.org.br\/2016\/08\/24\/golfinhos-fazem-a-festa-no-26o-aniversario-do-projeto-golfinho-rotador\/"},"author":{"name":"Projeto Golfinho Rotador","@id":"https:\/\/golfinhorotador.org.br\/#\/schema\/person\/31c9f545fc127c9e21fc1c5f001269db"},"headline":"Golfinhos fazem a festa no 26\u00ba anivers\u00e1rio do Projeto Golfinho Rotador","datePublished":"2016-08-25T01:47:18+00:00","dateModified":"2025-08-08T01:50:59+00:00","mainEntityOfPage":{"@id":"https:\/\/golfinhorotador.org.br\/2016\/08\/24\/golfinhos-fazem-a-festa-no-26o-aniversario-do-projeto-golfinho-rotador\/"},"wordCount":335,"commentCount":0,"publisher":{"@id":"https:\/\/golfinhorotador.org.br\/#organization"},"image":{"@id":"https:\/\/golfinhorotador.org.br\/2016\/08\/24\/golfinhos-fazem-a-festa-no-26o-aniversario-do-projeto-golfinho-rotador\/#primaryimage"},"thumbnailUrl":"https:\/\/golfinhorotador.org.br\/wp-content\/uploads\/2025\/08\/pgr_26_anos.jpg","articleSection":["Not\u00edcias"],"inLanguage":"en-US","potentialAction":[{"@type":"CommentAction","name":"Comment","target":["https:\/\/golfinhorotador.org.br\/2016\/08\/24\/golfinhos-fazem-a-festa-no-26o-aniversario-do-projeto-golfinho-rotador\/#respond"]}]},{"@type":"WebPage","@id":"https:\/\/golfinhorotador.org.br\/2016\/08\/24\/golfinhos-fazem-a-festa-no-26o-aniversario-do-projeto-golfinho-rotador\/","url":"https:\/\/golfinhorotador.org.br\/2016\/08\/24\/golfinhos-fazem-a-festa-no-26o-aniversario-do-projeto-golfinho-rotador\/","name":"Golfinhos fazem a festa no 26\u00ba anivers\u00e1rio do Projeto Golfinho Rotador - Projeto Golfinho Rotador","isPartOf":{"@id":"https:\/\/golfinhorotador.org.br\/#website"},"primaryImageOfPage":{"@id":"https:\/\/golfinhorotador.org.br\/2016\/08\/24\/golfinhos-fazem-a-festa-no-26o-aniversario-do-projeto-golfinho-rotador\/#primaryimage"},"image":{"@id":"https:\/\/golfinhorotador.org.br\/2016\/08\/24\/golfinhos-fazem-a-festa-no-26o-aniversario-do-projeto-golfinho-rotador\/#primaryimage"},"thumbnailUrl":"https:\/\/golfinhorotador.org.br\/wp-content\/uploads\/2025\/08\/pgr_26_anos.jpg","datePublished":"2016-08-25T01:47:18+00:00","dateModified":"2025-08-08T01:50:59+00:00","breadcrumb":{"@id":"https:\/\/golfinhorotador.org.br\/2016\/08\/24\/golfinhos-fazem-a-festa-no-26o-aniversario-do-projeto-golfinho-rotador\/#breadcrumb"},"inLanguage":"en-US","potentialAction":[{"@type":"ReadAction","target":["https:\/\/golfinhorotador.org.br\/2016\/08\/24\/golfinhos-fazem-a-festa-no-26o-aniversario-do-projeto-golfinho-rotador\/"]}]},{"@type":"ImageObject","inLanguage":"en-US","@id":"https:\/\/golfinhorotador.org.br\/2016\/08\/24\/golfinhos-fazem-a-festa-no-26o-aniversario-do-projeto-golfinho-rotador\/#primaryimage","url":"https:\/\/golfinhorotador.org.br\/wp-content\/uploads\/2025\/08\/pgr_26_anos.jpg","contentUrl":"https:\/\/golfinhorotador.org.br\/wp-content\/uploads\/2025\/08\/pgr_26_anos.jpg","width":960,"height":643},{"@type":"BreadcrumbList","@id":"https:\/\/golfinhorotador.org.br\/2016\/08\/24\/golfinhos-fazem-a-festa-no-26o-aniversario-do-projeto-golfinho-rotador\/#breadcrumb","itemListElement":[{"@type":"ListItem","position":1,"name":"In\u00edcio","item":"https:\/\/golfinhorotador.org.br\/en\/home\/"},{"@type":"ListItem","position":2,"name":"Golfinhos fazem a festa no 26\u00ba anivers\u00e1rio do Projeto Golfinho Rotador"}]},{"@type":"WebSite","@id":"https:\/\/golfinhorotador.org.br\/#website","url":"https:\/\/golfinhorotador.org.br\/","name":"Projeto Golfinho Rotador","description":"Fernando de Noronha","publisher":{"@id":"https:\/\/golfinhorotador.org.br\/#organization"},"potentialAction":[{"@type":"SearchAction","target":{"@type":"EntryPoint","urlTemplate":"https:\/\/golfinhorotador.org.br\/?s={search_term_string}"},"query-input":{"@type":"PropertyValueSpecification","valueRequired":true,"valueName":"search_term_string"}}],"inLanguage":"en-US"},{"@type":"Organization","@id":"https:\/\/golfinhorotador.org.br\/#organization","name":"Projeto Golfinho Rotador","url":"https:\/\/golfinhorotador.org.br\/","logo":{"@type":"ImageObject","inLanguage":"en-US","@id":"https:\/\/golfinhorotador.org.br\/#\/schema\/logo\/image\/","url":"https:\/\/golfinhorotador.org.br\/wp-content\/uploads\/2025\/07\/Logo-PGR-2025-512.png","contentUrl":"https:\/\/golfinhorotador.org.br\/wp-content\/uploads\/2025\/07\/Logo-PGR-2025-512.png","width":512,"height":512,"caption":"Projeto Golfinho Rotador"},"image":{"@id":"https:\/\/golfinhorotador.org.br\/#\/schema\/logo\/image\/"},"sameAs":["https:\/\/www.facebook.com\/Projeto-Golfinho-Rotador-155695874539813","https:\/\/x.com\/golfinhorotador","https:\/\/www.instagram.com\/golfinhorotador\/","https:\/\/www.youtube.com\/channel\/UCYw-aMfBHbkUU_DimpWJzbw","https:\/\/www.tiktok.com\/@golfinhorotador"]},{"@type":"Person","@id":"https:\/\/golfinhorotador.org.br\/#\/schema\/person\/31c9f545fc127c9e21fc1c5f001269db","name":"Projeto Golfinho Rotador","image":{"@type":"ImageObject","inLanguage":"en-US","@id":"https:\/\/secure.gravatar.com\/avatar\/4e2f6bba9197287956dc1c931a4caed810b09aec9b8f38aa913bd11926fd05d2?s=96&d=mm&r=g","url":"https:\/\/secure.gravatar.com\/avatar\/4e2f6bba9197287956dc1c931a4caed810b09aec9b8f38aa913bd11926fd05d2?s=96&d=mm&r=g","contentUrl":"https:\/\/secure.gravatar.com\/avatar\/4e2f6bba9197287956dc1c931a4caed810b09aec9b8f38aa913bd11926fd05d2?s=96&d=mm&r=g","caption":"Projeto Golfinho Rotador"},"url":"https:\/\/golfinhorotador.org.br\/en\/author\/projeto-golfinho-rotador\/"}]}},"_links":{"self":[{"href":"https:\/\/golfinhorotador.org.br\/en\/wp-json\/wp\/v2\/posts\/1386","targetHints":{"allow":["GET"]}}],"collection":[{"href":"https:\/\/golfinhorotador.org.br\/en\/wp-json\/wp\/v2\/posts"}],"about":[{"href":"https:\/\/golfinhorotador.org.br\/en\/wp-json\/wp\/v2\/types\/post"}],"author":[{"embeddable":true,"href":"https:\/\/golfinhorotador.org.br\/en\/wp-json\/wp\/v2\/users\/2"}],"replies":[{"embeddable":true,"href":"https:\/\/golfinhorotador.org.br\/en\/wp-json\/wp\/v2\/comments?post=1386"}],"version-history":[{"count":3,"href":"https:\/\/golfinhorotador.org.br\/en\/wp-json\/wp\/v2\/posts\/1386\/revisions"}],"predecessor-version":[{"id":1391,"href":"https:\/\/golfinhorotador.org.br\/en\/wp-json\/wp\/v2\/posts\/1386\/revisions\/1391"}],"wp:featuredmedia":[{"embeddable":true,"href":"https:\/\/golfinhorotador.org.br\/en\/wp-json\/wp\/v2\/media\/1387"}],"wp:attachment":[{"href":"https:\/\/golfinhorotador.org.br\/en\/wp-json\/wp\/v2\/media?parent=1386"}],"wp:term":[{"taxonomy":"category","embeddable":true,"href":"https:\/\/golfinhorotador.org.br\/en\/wp-json\/wp\/v2\/categories?post=1386"},{"taxonomy":"post_tag","embeddable":true,"href":"https:\/\/golfinhorotador.org.br\/en\/wp-json\/wp\/v2\/tags?post=1386"}],"curies":[{"name":"wp","href":"https:\/\/api.w.org\/{rel}","templated":true}]}}