{"id":1422,"date":"2016-09-13T23:11:29","date_gmt":"2016-09-14T02:11:29","guid":{"rendered":"https:\/\/golfinhorotador.org.br\/?p=1422"},"modified":"2025-08-07T23:14:30","modified_gmt":"2025-08-08T02:14:30","slug":"parnamar-de-noronha-comemora-28o-aniversario","status":"publish","type":"post","link":"https:\/\/golfinhorotador.org.br\/en\/2016\/09\/13\/parnamar-de-noronha-comemora-28o-aniversario\/","title":{"rendered":"PARNAMAR de Noronha Comemora 28\u00ba Anivers\u00e1rio"},"content":{"rendered":"<p>O Parque Nacional Marinho de Fernando de Noronha (Parnamar-FN), que comemora 28 anos em 14 de setembro, foi criado pelo Decreto Federal n\u00ba 96.693\/1988. O Parnamar-FN \u00e9 gerido pelo N\u00facleo de Gest\u00e3o Integrada de FN do Instituto Chico Mendes de Conserva\u00e7\u00e3o da Biodiversidade (ICMBio) e tem a \u00e1rea total do Parnamar-FN \u00e9 de 11.270 hectares, sendo 85% no mar. Os 15% terrestres correspondem a aproximadamente 64% das terras do Arquip\u00e9lago, compreendendo todas as ilhas e 53% dos 17 km2 da Ilha Fernando de Noronha.<\/p>\n<p><a href=\"https:\/\/golfinhorotador.org.br\/wp-content\/uploads\/2025\/08\/MapaFN_localiza_PGR-2.jpg\" target=\"_blank\" rel=\"noopener\"><img fetchpriority=\"high\" decoding=\"async\" class=\"aligncenter wp-image-1424 size-full\" src=\"https:\/\/golfinhorotador.org.br\/wp-content\/uploads\/2025\/08\/MapaFN_localiza_PGR-2.jpg\" alt=\"\" width=\"1088\" height=\"858\" srcset=\"https:\/\/golfinhorotador.org.br\/wp-content\/uploads\/2025\/08\/MapaFN_localiza_PGR-2.jpg 1088w, https:\/\/golfinhorotador.org.br\/wp-content\/uploads\/2025\/08\/MapaFN_localiza_PGR-2-300x237.jpg 300w, https:\/\/golfinhorotador.org.br\/wp-content\/uploads\/2025\/08\/MapaFN_localiza_PGR-2-1024x808.jpg 1024w, https:\/\/golfinhorotador.org.br\/wp-content\/uploads\/2025\/08\/MapaFN_localiza_PGR-2-768x606.jpg 768w\" sizes=\"(max-width: 1088px) 100vw, 1088px\" \/><\/a><\/p>\n<p>O Parnamar-FN foi criado com o objetivo de valorizar os ambientes naturais e a beleza c\u00eanica local,\u00a0 protegendo os ecossistemas marinhos e terrestres, preservando a fauna, a flora e os demais recursos naturais. O parque proporciona oportunidades controladas de visita\u00e7\u00e3o, lazer, educa\u00e7\u00e3o ambiental e pesquisa cient\u00edfica e tamb\u00e9m contribui para a preserva\u00e7\u00e3o dos s\u00edtios hist\u00f3ricos.<\/p>\n<p>A proposta de cria\u00e7\u00e3o do Parnamar-FN foi uma rea\u00e7\u00e3o ao projeto de desenvolvimento do turismo do Estado Maior das For\u00e7as Armadas para Fernando de Noronha de Russell Coffin e Jos\u00e9 Truda, que criaram o Comit\u00ea Pr\u00f3-Parque Nacional Marinho de Fernando de Noronha com o apoio da Coaliz\u00e3o Internacional da Vida Silvestre (IWC).<\/p>\n<p>Os argumentos ambientais utilizados para a cria\u00e7\u00e3o de um Parque Nacional em Fernando de Noronha foram sua situa\u00e7\u00e3o geogr\u00e1fica, import\u00e2ncia ecol\u00f3gica, grau de preserva\u00e7\u00e3o e grande beleza c\u00eanica. Assim, entidades ambientalistas e a comunidade cient\u00edfica nacional e internacional se engajaram no processo, seguindo recomenda\u00e7\u00e3o do documento Estrat\u00e9gia Mundial para Conserva\u00e7\u00e3o (IUCN\/PNUMA\/WWF). Esse movimento encontrou importante apoio do Governador do Territ\u00f3rio Federal de Fernando de Noronha, o Jornalista Fernando C\u00e9sar Mesquita e do antigo IBDF. Sensibilizado, o ent\u00e3o Presidente da Rep\u00fablica, Jos\u00e9 Sarney cria o Parque Nacional Marinho de Fernando de Noronha (Parnamar-FN).<\/p>\n<p>A programa\u00e7\u00e3o do 28\u00ba anivers\u00e1rio do Parque Nacional Marinho de Fernando de Noronha est\u00e1 repleta de atra\u00e7\u00f5es culturais, art\u00edsticas e ecol\u00f3gicas. O festejo acontece de 14 a 17 de setembro em diversos pontos do Arquip\u00e9lago com entrada gratuita. O Projeto Golfinho Rotador est\u00e1 apoiando o evento.<\/p>\n<p>Na quarta-feira (14), a cerim\u00f4nia de abertura acontece \u00e0s 19hs no audit\u00f3rio do Tamar\/ICMBio. \u00c0s 20hs, o p\u00fablico poder\u00e1 prestigiar a exposi\u00e7\u00e3o fotogr\u00e1fica \u201cN\u00f3s no Parque\u201d, seguida pela premia\u00e7\u00e3o dos condutores selecionados no concurso de 2016 e ainda com o sorteio de brindes. A festa continua com apresenta\u00e7\u00e3o do Maracatu Na\u00e7\u00e3o Noronha, brincadeiras e palha\u00e7adas do Circo Caracas. A DJ Juju Boldrox tamb\u00e9m \u00e9 uma das atra\u00e7\u00f5es. \u00c0s 22hs, a anima\u00e7\u00e3o fica por conta da banda Trupe Cais do Porto.<\/p>\n<p>Na quinta-feira (15), a Quinta da Boa Prosa ir\u00e1 debater sobre os \u201cImpactos do lixo urbano no meio ambiente marinho e costeiro: Como Noronha trata este tema?\u201d. A mesa-redonda ser\u00e1 composta pelas pesquisadoras Maria Cristina Ara\u00fajo (UFRN) e Maria Andr\u00e9a Oliveira (USP), Mariana Moreira (gestora de Meio Ambiente da Autarquia Territorial Distrito Estadual de Fernando de Noronha) e o promotor de Justi\u00e7a Andr\u00e9 Rabelo (MPPE). O debate acontece \u00e0s 16hs, no audit\u00f3rio do Tamar\/ICMBio.<\/p>\n<p>J\u00e1 na sexta-feira (16), a programa\u00e7\u00e3o come\u00e7a \u00e0s 9hs com a oficina sobre a conduta consciente em praias e recifes. A atividade, que \u00e9 voltada para os jovens, ser\u00e1 na Praia do Cachorro, e guiar\u00e1 os participantes em uma imers\u00e3o de conhecimento sobre o que h\u00e1 de melhor em Fernando de Noronha e como preservar esses locais. \u00c0s 15h, a atividade com o mesmo enfoque ser\u00e1 voltada para as crian\u00e7as, fazendo com que elas explorem da melhor forma a natureza. O local da a\u00e7\u00e3o ser\u00e1 o Mirante da Ba\u00eda dos Golfinhos e em seguida, \u00e0s 16h30, acontece uma aula de yoga com a professora Silvinha.<\/p>\n<p>\u00c0s 19hs, na pra\u00e7a do Tamar\/ICMBio, ocorrer\u00e1 a \u00a0apresenta\u00e7\u00e3o de capoeira com os alunos dos professores Rog\u00e9rio Cueca e Cachorrinho, da Escola Meia Lua Inteira. J\u00e1 \u00e0s 19h30, no audit\u00f3rio da Atalaia Noronha Receptivo, haver\u00e1 uma capacita\u00e7\u00e3o com condutores de turismo sobre o monitoramento e qualidade ambiental de \u00e1reas costeiras como forma de ampliar o diferencial dos condutores de Noronha.<\/p>\n<p>O encerramento do 28\u00ba anivers\u00e1rio do Parnamar de Fernando de Noronha ser\u00e1 no s\u00e1bado (17), com o Clean Up Day (Dia Internacional de Limpeza de Praias), a partir das 8hs. Os participantes ser\u00e3o recepcionados com um caf\u00e9 da manh\u00e3 no Centro de Visitantes do ICMBio, local que receber\u00e3o as instru\u00e7\u00f5es sobre o mutir\u00e3o de limpeza. Ser\u00e3o realizadas trilhas, a partir das 9hs, nas praias do Sueste, Le\u00e3o, Atalaia e Caieira. Tamb\u00e9m haver\u00e1 atividades na enseada dos Abreus e na trilha Capim-A\u00e7u.<\/p>\n<p>&nbsp;<\/p>\n<p>O Projeto Golfinho Rotador, que est\u00e1 apoiando os festejos do 28\u00ba anivers\u00e1rio do Parnamar de Fernando de Noronha, \u00e9 executado pela ONG Centro Golfinho Rotador, tem coordena\u00e7\u00e3o do ICMBio e patroc\u00ednio oficial da Petrobras, por meio do Programa Petrobras Socioambiental.<\/p>\n<p>&nbsp;<\/p>\n<p>&nbsp;<\/p>\n<h5 style=\"text-align: center;\">SEJA AMIG@ DOS GOLFINHOS!<\/h5>\n<p style=\"text-align: center;\">Torne-se s\u00f3cio colaborador para ajudar a pesquisa e conserva\u00e7\u00e3o dos\u00a0golfinhos-rotadores e de Fernando de Noronha!<\/p>\n<p style=\"text-align: center;\">Saiba como acessando <a href=\"https:\/\/golfinhorotador.org.br\/seja-amigo-dos-golfinhos\/\">https:\/\/golfinhorotador.org.br\/seja-amigo-dos-golfinhos\/<\/a><\/p>\n<p><em>Assessoria de Comunica\u00e7\u00e3o do Projeto Golfinho Rotador<\/em><\/p>\n","protected":false},"excerpt":{"rendered":"<p>O Parque Nacional Marinho de Fernando de Noronha (Parnamar-FN), que comemora 28 anos em 14 de setembro, foi criado pelo Decreto Federal n\u00ba 96.693\/1988. O Parnamar-FN \u00e9 gerido pelo N\u00facleo de Gest\u00e3o Integrada de FN do Instituto Chico Mendes de Conserva\u00e7\u00e3o da Biodiversidade (ICMBio) e tem a \u00e1rea total do Parnamar-FN \u00e9 de 11.270 hectares, [&hellip;]<\/p>\n","protected":false},"author":2,"featured_media":1423,"comment_status":"open","ping_status":"open","sticky":false,"template":"","format":"standard","meta":{"_acf_changed":false,"footnotes":""},"categories":[9],"tags":[],"class_list":["post-1422","post","type-post","status-publish","format-standard","has-post-thumbnail","hentry","category-noticias"],"acf":{"exibir_imagem_destacada":"N\u00e3o"},"yoast_head":"<!-- This site is optimized with the Yoast SEO plugin v27.5 - https:\/\/yoast.com\/product\/yoast-seo-wordpress\/ -->\n<title>PARNAMAR de Noronha Comemora 28\u00ba Anivers\u00e1rio - Projeto Golfinho Rotador<\/title>\n<meta name=\"robots\" content=\"index, follow, max-snippet:-1, max-image-preview:large, max-video-preview:-1\" \/>\n<link rel=\"canonical\" href=\"https:\/\/golfinhorotador.org.br\/2016\/09\/13\/parnamar-de-noronha-comemora-28o-aniversario\/\" \/>\n<meta property=\"og:locale\" content=\"en_US\" \/>\n<meta property=\"og:type\" content=\"article\" \/>\n<meta property=\"og:title\" content=\"PARNAMAR de Noronha Comemora 28\u00ba Anivers\u00e1rio - Projeto Golfinho Rotador\" \/>\n<meta property=\"og:description\" content=\"O Parque Nacional Marinho de Fernando de Noronha (Parnamar-FN), que comemora 28 anos em 14 de setembro, foi criado pelo Decreto Federal n\u00ba 96.693\/1988. O Parnamar-FN \u00e9 gerido pelo N\u00facleo de Gest\u00e3o Integrada de FN do Instituto Chico Mendes de Conserva\u00e7\u00e3o da Biodiversidade (ICMBio) e tem a \u00e1rea total do Parnamar-FN \u00e9 de 11.270 hectares, [&hellip;]\" \/>\n<meta property=\"og:url\" content=\"https:\/\/golfinhorotador.org.br\/2016\/09\/13\/parnamar-de-noronha-comemora-28o-aniversario\/\" \/>\n<meta property=\"og:site_name\" content=\"Projeto Golfinho Rotador\" \/>\n<meta property=\"article:publisher\" content=\"https:\/\/www.facebook.com\/Projeto-Golfinho-Rotador-155695874539813\" \/>\n<meta property=\"article:published_time\" content=\"2016-09-14T02:11:29+00:00\" \/>\n<meta property=\"article:modified_time\" content=\"2025-08-08T02:14:30+00:00\" \/>\n<meta property=\"og:image\" content=\"https:\/\/golfinhorotador.org.br\/wp-content\/uploads\/2025\/08\/MapaFN_localiza_PGR_DESTAQUE.jpg\" \/>\n\t<meta property=\"og:image:width\" content=\"540\" \/>\n\t<meta property=\"og:image:height\" content=\"303\" \/>\n\t<meta property=\"og:image:type\" content=\"image\/jpeg\" \/>\n<meta name=\"author\" content=\"Projeto Golfinho Rotador\" \/>\n<meta name=\"twitter:card\" content=\"summary_large_image\" \/>\n<meta name=\"twitter:creator\" content=\"@golfinhorotador\" \/>\n<meta name=\"twitter:site\" content=\"@golfinhorotador\" \/>\n<meta name=\"twitter:label1\" content=\"Written by\" \/>\n\t<meta name=\"twitter:data1\" content=\"Projeto Golfinho Rotador\" \/>\n\t<meta name=\"twitter:label2\" content=\"Est. reading time\" \/>\n\t<meta name=\"twitter:data2\" content=\"4 minutes\" \/>\n<script type=\"application\/ld+json\" class=\"yoast-schema-graph\">{\"@context\":\"https:\\\/\\\/schema.org\",\"@graph\":[{\"@type\":\"Article\",\"@id\":\"https:\\\/\\\/golfinhorotador.org.br\\\/2016\\\/09\\\/13\\\/parnamar-de-noronha-comemora-28o-aniversario\\\/#article\",\"isPartOf\":{\"@id\":\"https:\\\/\\\/golfinhorotador.org.br\\\/2016\\\/09\\\/13\\\/parnamar-de-noronha-comemora-28o-aniversario\\\/\"},\"author\":{\"name\":\"Projeto Golfinho Rotador\",\"@id\":\"https:\\\/\\\/golfinhorotador.org.br\\\/#\\\/schema\\\/person\\\/31c9f545fc127c9e21fc1c5f001269db\"},\"headline\":\"PARNAMAR de Noronha Comemora 28\u00ba Anivers\u00e1rio\",\"datePublished\":\"2016-09-14T02:11:29+00:00\",\"dateModified\":\"2025-08-08T02:14:30+00:00\",\"mainEntityOfPage\":{\"@id\":\"https:\\\/\\\/golfinhorotador.org.br\\\/2016\\\/09\\\/13\\\/parnamar-de-noronha-comemora-28o-aniversario\\\/\"},\"wordCount\":876,\"commentCount\":0,\"publisher\":{\"@id\":\"https:\\\/\\\/golfinhorotador.org.br\\\/#organization\"},\"image\":{\"@id\":\"https:\\\/\\\/golfinhorotador.org.br\\\/2016\\\/09\\\/13\\\/parnamar-de-noronha-comemora-28o-aniversario\\\/#primaryimage\"},\"thumbnailUrl\":\"https:\\\/\\\/golfinhorotador.org.br\\\/wp-content\\\/uploads\\\/2025\\\/08\\\/MapaFN_localiza_PGR_DESTAQUE.jpg\",\"articleSection\":[\"Not\u00edcias\"],\"inLanguage\":\"en-US\",\"potentialAction\":[{\"@type\":\"CommentAction\",\"name\":\"Comment\",\"target\":[\"https:\\\/\\\/golfinhorotador.org.br\\\/2016\\\/09\\\/13\\\/parnamar-de-noronha-comemora-28o-aniversario\\\/#respond\"]}]},{\"@type\":\"WebPage\",\"@id\":\"https:\\\/\\\/golfinhorotador.org.br\\\/2016\\\/09\\\/13\\\/parnamar-de-noronha-comemora-28o-aniversario\\\/\",\"url\":\"https:\\\/\\\/golfinhorotador.org.br\\\/2016\\\/09\\\/13\\\/parnamar-de-noronha-comemora-28o-aniversario\\\/\",\"name\":\"PARNAMAR de Noronha Comemora 28\u00ba Anivers\u00e1rio - Projeto Golfinho Rotador\",\"isPartOf\":{\"@id\":\"https:\\\/\\\/golfinhorotador.org.br\\\/#website\"},\"primaryImageOfPage\":{\"@id\":\"https:\\\/\\\/golfinhorotador.org.br\\\/2016\\\/09\\\/13\\\/parnamar-de-noronha-comemora-28o-aniversario\\\/#primaryimage\"},\"image\":{\"@id\":\"https:\\\/\\\/golfinhorotador.org.br\\\/2016\\\/09\\\/13\\\/parnamar-de-noronha-comemora-28o-aniversario\\\/#primaryimage\"},\"thumbnailUrl\":\"https:\\\/\\\/golfinhorotador.org.br\\\/wp-content\\\/uploads\\\/2025\\\/08\\\/MapaFN_localiza_PGR_DESTAQUE.jpg\",\"datePublished\":\"2016-09-14T02:11:29+00:00\",\"dateModified\":\"2025-08-08T02:14:30+00:00\",\"breadcrumb\":{\"@id\":\"https:\\\/\\\/golfinhorotador.org.br\\\/2016\\\/09\\\/13\\\/parnamar-de-noronha-comemora-28o-aniversario\\\/#breadcrumb\"},\"inLanguage\":\"en-US\",\"potentialAction\":[{\"@type\":\"ReadAction\",\"target\":[\"https:\\\/\\\/golfinhorotador.org.br\\\/2016\\\/09\\\/13\\\/parnamar-de-noronha-comemora-28o-aniversario\\\/\"]}]},{\"@type\":\"ImageObject\",\"inLanguage\":\"en-US\",\"@id\":\"https:\\\/\\\/golfinhorotador.org.br\\\/2016\\\/09\\\/13\\\/parnamar-de-noronha-comemora-28o-aniversario\\\/#primaryimage\",\"url\":\"https:\\\/\\\/golfinhorotador.org.br\\\/wp-content\\\/uploads\\\/2025\\\/08\\\/MapaFN_localiza_PGR_DESTAQUE.jpg\",\"contentUrl\":\"https:\\\/\\\/golfinhorotador.org.br\\\/wp-content\\\/uploads\\\/2025\\\/08\\\/MapaFN_localiza_PGR_DESTAQUE.jpg\",\"width\":540,\"height\":303},{\"@type\":\"BreadcrumbList\",\"@id\":\"https:\\\/\\\/golfinhorotador.org.br\\\/2016\\\/09\\\/13\\\/parnamar-de-noronha-comemora-28o-aniversario\\\/#breadcrumb\",\"itemListElement\":[{\"@type\":\"ListItem\",\"position\":1,\"name\":\"In\u00edcio\",\"item\":\"https:\\\/\\\/golfinhorotador.org.br\\\/en\\\/home\\\/\"},{\"@type\":\"ListItem\",\"position\":2,\"name\":\"PARNAMAR de Noronha Comemora 28\u00ba Anivers\u00e1rio\"}]},{\"@type\":\"WebSite\",\"@id\":\"https:\\\/\\\/golfinhorotador.org.br\\\/#website\",\"url\":\"https:\\\/\\\/golfinhorotador.org.br\\\/\",\"name\":\"Projeto Golfinho Rotador\",\"description\":\"Fernando de Noronha\",\"publisher\":{\"@id\":\"https:\\\/\\\/golfinhorotador.org.br\\\/#organization\"},\"potentialAction\":[{\"@type\":\"SearchAction\",\"target\":{\"@type\":\"EntryPoint\",\"urlTemplate\":\"https:\\\/\\\/golfinhorotador.org.br\\\/?s={search_term_string}\"},\"query-input\":{\"@type\":\"PropertyValueSpecification\",\"valueRequired\":true,\"valueName\":\"search_term_string\"}}],\"inLanguage\":\"en-US\"},{\"@type\":\"Organization\",\"@id\":\"https:\\\/\\\/golfinhorotador.org.br\\\/#organization\",\"name\":\"Projeto Golfinho Rotador\",\"url\":\"https:\\\/\\\/golfinhorotador.org.br\\\/\",\"logo\":{\"@type\":\"ImageObject\",\"inLanguage\":\"en-US\",\"@id\":\"https:\\\/\\\/golfinhorotador.org.br\\\/#\\\/schema\\\/logo\\\/image\\\/\",\"url\":\"https:\\\/\\\/golfinhorotador.org.br\\\/wp-content\\\/uploads\\\/2025\\\/07\\\/Logo-PGR-2025-512.png\",\"contentUrl\":\"https:\\\/\\\/golfinhorotador.org.br\\\/wp-content\\\/uploads\\\/2025\\\/07\\\/Logo-PGR-2025-512.png\",\"width\":512,\"height\":512,\"caption\":\"Projeto Golfinho Rotador\"},\"image\":{\"@id\":\"https:\\\/\\\/golfinhorotador.org.br\\\/#\\\/schema\\\/logo\\\/image\\\/\"},\"sameAs\":[\"https:\\\/\\\/www.facebook.com\\\/Projeto-Golfinho-Rotador-155695874539813\",\"https:\\\/\\\/x.com\\\/golfinhorotador\",\"https:\\\/\\\/www.instagram.com\\\/golfinhorotador\\\/\",\"https:\\\/\\\/www.youtube.com\\\/channel\\\/UCYw-aMfBHbkUU_DimpWJzbw\",\"https:\\\/\\\/www.tiktok.com\\\/@golfinhorotador\"]},{\"@type\":\"Person\",\"@id\":\"https:\\\/\\\/golfinhorotador.org.br\\\/#\\\/schema\\\/person\\\/31c9f545fc127c9e21fc1c5f001269db\",\"name\":\"Projeto Golfinho Rotador\",\"image\":{\"@type\":\"ImageObject\",\"inLanguage\":\"en-US\",\"@id\":\"https:\\\/\\\/secure.gravatar.com\\\/avatar\\\/4e2f6bba9197287956dc1c931a4caed810b09aec9b8f38aa913bd11926fd05d2?s=96&d=mm&r=g\",\"url\":\"https:\\\/\\\/secure.gravatar.com\\\/avatar\\\/4e2f6bba9197287956dc1c931a4caed810b09aec9b8f38aa913bd11926fd05d2?s=96&d=mm&r=g\",\"contentUrl\":\"https:\\\/\\\/secure.gravatar.com\\\/avatar\\\/4e2f6bba9197287956dc1c931a4caed810b09aec9b8f38aa913bd11926fd05d2?s=96&d=mm&r=g\",\"caption\":\"Projeto Golfinho Rotador\"},\"url\":\"https:\\\/\\\/golfinhorotador.org.br\\\/en\\\/author\\\/projeto-golfinho-rotador\\\/\"}]}<\/script>\n<!-- \/ Yoast SEO plugin. -->","yoast_head_json":{"title":"PARNAMAR de Noronha Comemora 28\u00ba Anivers\u00e1rio - Projeto Golfinho Rotador","robots":{"index":"index","follow":"follow","max-snippet":"max-snippet:-1","max-image-preview":"max-image-preview:large","max-video-preview":"max-video-preview:-1"},"canonical":"https:\/\/golfinhorotador.org.br\/2016\/09\/13\/parnamar-de-noronha-comemora-28o-aniversario\/","og_locale":"en_US","og_type":"article","og_title":"PARNAMAR de Noronha Comemora 28\u00ba Anivers\u00e1rio - Projeto Golfinho Rotador","og_description":"O Parque Nacional Marinho de Fernando de Noronha (Parnamar-FN), que comemora 28 anos em 14 de setembro, foi criado pelo Decreto Federal n\u00ba 96.693\/1988. O Parnamar-FN \u00e9 gerido pelo N\u00facleo de Gest\u00e3o Integrada de FN do Instituto Chico Mendes de Conserva\u00e7\u00e3o da Biodiversidade (ICMBio) e tem a \u00e1rea total do Parnamar-FN \u00e9 de 11.270 hectares, [&hellip;]","og_url":"https:\/\/golfinhorotador.org.br\/2016\/09\/13\/parnamar-de-noronha-comemora-28o-aniversario\/","og_site_name":"Projeto Golfinho Rotador","article_publisher":"https:\/\/www.facebook.com\/Projeto-Golfinho-Rotador-155695874539813","article_published_time":"2016-09-14T02:11:29+00:00","article_modified_time":"2025-08-08T02:14:30+00:00","og_image":[{"width":540,"height":303,"url":"https:\/\/golfinhorotador.org.br\/wp-content\/uploads\/2025\/08\/MapaFN_localiza_PGR_DESTAQUE.jpg","type":"image\/jpeg"}],"author":"Projeto Golfinho Rotador","twitter_card":"summary_large_image","twitter_creator":"@golfinhorotador","twitter_site":"@golfinhorotador","twitter_misc":{"Written by":"Projeto Golfinho Rotador","Est. reading time":"4 minutes"},"schema":{"@context":"https:\/\/schema.org","@graph":[{"@type":"Article","@id":"https:\/\/golfinhorotador.org.br\/2016\/09\/13\/parnamar-de-noronha-comemora-28o-aniversario\/#article","isPartOf":{"@id":"https:\/\/golfinhorotador.org.br\/2016\/09\/13\/parnamar-de-noronha-comemora-28o-aniversario\/"},"author":{"name":"Projeto Golfinho Rotador","@id":"https:\/\/golfinhorotador.org.br\/#\/schema\/person\/31c9f545fc127c9e21fc1c5f001269db"},"headline":"PARNAMAR de Noronha Comemora 28\u00ba Anivers\u00e1rio","datePublished":"2016-09-14T02:11:29+00:00","dateModified":"2025-08-08T02:14:30+00:00","mainEntityOfPage":{"@id":"https:\/\/golfinhorotador.org.br\/2016\/09\/13\/parnamar-de-noronha-comemora-28o-aniversario\/"},"wordCount":876,"commentCount":0,"publisher":{"@id":"https:\/\/golfinhorotador.org.br\/#organization"},"image":{"@id":"https:\/\/golfinhorotador.org.br\/2016\/09\/13\/parnamar-de-noronha-comemora-28o-aniversario\/#primaryimage"},"thumbnailUrl":"https:\/\/golfinhorotador.org.br\/wp-content\/uploads\/2025\/08\/MapaFN_localiza_PGR_DESTAQUE.jpg","articleSection":["Not\u00edcias"],"inLanguage":"en-US","potentialAction":[{"@type":"CommentAction","name":"Comment","target":["https:\/\/golfinhorotador.org.br\/2016\/09\/13\/parnamar-de-noronha-comemora-28o-aniversario\/#respond"]}]},{"@type":"WebPage","@id":"https:\/\/golfinhorotador.org.br\/2016\/09\/13\/parnamar-de-noronha-comemora-28o-aniversario\/","url":"https:\/\/golfinhorotador.org.br\/2016\/09\/13\/parnamar-de-noronha-comemora-28o-aniversario\/","name":"PARNAMAR de Noronha Comemora 28\u00ba Anivers\u00e1rio - Projeto Golfinho Rotador","isPartOf":{"@id":"https:\/\/golfinhorotador.org.br\/#website"},"primaryImageOfPage":{"@id":"https:\/\/golfinhorotador.org.br\/2016\/09\/13\/parnamar-de-noronha-comemora-28o-aniversario\/#primaryimage"},"image":{"@id":"https:\/\/golfinhorotador.org.br\/2016\/09\/13\/parnamar-de-noronha-comemora-28o-aniversario\/#primaryimage"},"thumbnailUrl":"https:\/\/golfinhorotador.org.br\/wp-content\/uploads\/2025\/08\/MapaFN_localiza_PGR_DESTAQUE.jpg","datePublished":"2016-09-14T02:11:29+00:00","dateModified":"2025-08-08T02:14:30+00:00","breadcrumb":{"@id":"https:\/\/golfinhorotador.org.br\/2016\/09\/13\/parnamar-de-noronha-comemora-28o-aniversario\/#breadcrumb"},"inLanguage":"en-US","potentialAction":[{"@type":"ReadAction","target":["https:\/\/golfinhorotador.org.br\/2016\/09\/13\/parnamar-de-noronha-comemora-28o-aniversario\/"]}]},{"@type":"ImageObject","inLanguage":"en-US","@id":"https:\/\/golfinhorotador.org.br\/2016\/09\/13\/parnamar-de-noronha-comemora-28o-aniversario\/#primaryimage","url":"https:\/\/golfinhorotador.org.br\/wp-content\/uploads\/2025\/08\/MapaFN_localiza_PGR_DESTAQUE.jpg","contentUrl":"https:\/\/golfinhorotador.org.br\/wp-content\/uploads\/2025\/08\/MapaFN_localiza_PGR_DESTAQUE.jpg","width":540,"height":303},{"@type":"BreadcrumbList","@id":"https:\/\/golfinhorotador.org.br\/2016\/09\/13\/parnamar-de-noronha-comemora-28o-aniversario\/#breadcrumb","itemListElement":[{"@type":"ListItem","position":1,"name":"In\u00edcio","item":"https:\/\/golfinhorotador.org.br\/en\/home\/"},{"@type":"ListItem","position":2,"name":"PARNAMAR de Noronha Comemora 28\u00ba Anivers\u00e1rio"}]},{"@type":"WebSite","@id":"https:\/\/golfinhorotador.org.br\/#website","url":"https:\/\/golfinhorotador.org.br\/","name":"Projeto Golfinho Rotador","description":"Fernando de Noronha","publisher":{"@id":"https:\/\/golfinhorotador.org.br\/#organization"},"potentialAction":[{"@type":"SearchAction","target":{"@type":"EntryPoint","urlTemplate":"https:\/\/golfinhorotador.org.br\/?s={search_term_string}"},"query-input":{"@type":"PropertyValueSpecification","valueRequired":true,"valueName":"search_term_string"}}],"inLanguage":"en-US"},{"@type":"Organization","@id":"https:\/\/golfinhorotador.org.br\/#organization","name":"Projeto Golfinho Rotador","url":"https:\/\/golfinhorotador.org.br\/","logo":{"@type":"ImageObject","inLanguage":"en-US","@id":"https:\/\/golfinhorotador.org.br\/#\/schema\/logo\/image\/","url":"https:\/\/golfinhorotador.org.br\/wp-content\/uploads\/2025\/07\/Logo-PGR-2025-512.png","contentUrl":"https:\/\/golfinhorotador.org.br\/wp-content\/uploads\/2025\/07\/Logo-PGR-2025-512.png","width":512,"height":512,"caption":"Projeto Golfinho Rotador"},"image":{"@id":"https:\/\/golfinhorotador.org.br\/#\/schema\/logo\/image\/"},"sameAs":["https:\/\/www.facebook.com\/Projeto-Golfinho-Rotador-155695874539813","https:\/\/x.com\/golfinhorotador","https:\/\/www.instagram.com\/golfinhorotador\/","https:\/\/www.youtube.com\/channel\/UCYw-aMfBHbkUU_DimpWJzbw","https:\/\/www.tiktok.com\/@golfinhorotador"]},{"@type":"Person","@id":"https:\/\/golfinhorotador.org.br\/#\/schema\/person\/31c9f545fc127c9e21fc1c5f001269db","name":"Projeto Golfinho Rotador","image":{"@type":"ImageObject","inLanguage":"en-US","@id":"https:\/\/secure.gravatar.com\/avatar\/4e2f6bba9197287956dc1c931a4caed810b09aec9b8f38aa913bd11926fd05d2?s=96&d=mm&r=g","url":"https:\/\/secure.gravatar.com\/avatar\/4e2f6bba9197287956dc1c931a4caed810b09aec9b8f38aa913bd11926fd05d2?s=96&d=mm&r=g","contentUrl":"https:\/\/secure.gravatar.com\/avatar\/4e2f6bba9197287956dc1c931a4caed810b09aec9b8f38aa913bd11926fd05d2?s=96&d=mm&r=g","caption":"Projeto Golfinho Rotador"},"url":"https:\/\/golfinhorotador.org.br\/en\/author\/projeto-golfinho-rotador\/"}]}},"_links":{"self":[{"href":"https:\/\/golfinhorotador.org.br\/en\/wp-json\/wp\/v2\/posts\/1422","targetHints":{"allow":["GET"]}}],"collection":[{"href":"https:\/\/golfinhorotador.org.br\/en\/wp-json\/wp\/v2\/posts"}],"about":[{"href":"https:\/\/golfinhorotador.org.br\/en\/wp-json\/wp\/v2\/types\/post"}],"author":[{"embeddable":true,"href":"https:\/\/golfinhorotador.org.br\/en\/wp-json\/wp\/v2\/users\/2"}],"replies":[{"embeddable":true,"href":"https:\/\/golfinhorotador.org.br\/en\/wp-json\/wp\/v2\/comments?post=1422"}],"version-history":[{"count":2,"href":"https:\/\/golfinhorotador.org.br\/en\/wp-json\/wp\/v2\/posts\/1422\/revisions"}],"predecessor-version":[{"id":1426,"href":"https:\/\/golfinhorotador.org.br\/en\/wp-json\/wp\/v2\/posts\/1422\/revisions\/1426"}],"wp:featuredmedia":[{"embeddable":true,"href":"https:\/\/golfinhorotador.org.br\/en\/wp-json\/wp\/v2\/media\/1423"}],"wp:attachment":[{"href":"https:\/\/golfinhorotador.org.br\/en\/wp-json\/wp\/v2\/media?parent=1422"}],"wp:term":[{"taxonomy":"category","embeddable":true,"href":"https:\/\/golfinhorotador.org.br\/en\/wp-json\/wp\/v2\/categories?post=1422"},{"taxonomy":"post_tag","embeddable":true,"href":"https:\/\/golfinhorotador.org.br\/en\/wp-json\/wp\/v2\/tags?post=1422"}],"curies":[{"name":"wp","href":"https:\/\/api.w.org\/{rel}","templated":true}]}}