{"id":1437,"date":"2016-09-26T23:19:55","date_gmt":"2016-09-27T02:19:55","guid":{"rendered":"https:\/\/golfinhorotador.org.br\/?p=1437"},"modified":"2025-08-15T11:42:46","modified_gmt":"2025-08-15T14:42:46","slug":"a-paisagem-acustica-de-fernando-de-noronha","status":"publish","type":"post","link":"https:\/\/golfinhorotador.org.br\/en\/2016\/09\/26\/a-paisagem-acustica-de-fernando-de-noronha\/","title":{"rendered":"A Paisagem Ac\u00fastica de Fernando de Noronha"},"content":{"rendered":"<p><a href=\"https:\/\/golfinhorotador.org.br\/wp-content\/uploads\/2025\/08\/monitoramento_acustico_PGR-1000px.jpg\"><img fetchpriority=\"high\" decoding=\"async\" class=\"alignright wp-image-1439\" src=\"https:\/\/golfinhorotador.org.br\/wp-content\/uploads\/2025\/08\/monitoramento_acustico_PGR-1000px.jpg\" alt=\"\" width=\"500\" height=\"375\" srcset=\"https:\/\/golfinhorotador.org.br\/wp-content\/uploads\/2025\/08\/monitoramento_acustico_PGR-1000px.jpg 1000w, https:\/\/golfinhorotador.org.br\/wp-content\/uploads\/2025\/08\/monitoramento_acustico_PGR-1000px-300x225.jpg 300w, https:\/\/golfinhorotador.org.br\/wp-content\/uploads\/2025\/08\/monitoramento_acustico_PGR-1000px-768x576.jpg 768w\" sizes=\"(max-width: 500px) 100vw, 500px\" \/><\/a>Em setembro de 2016 ocorreu mais uma etapa da pesquisa \u201cPaisagem ac\u00fastica, decaimento sonoro e intera\u00e7\u00f5es entre sons e comportamentos de golfinhos-rotadores em Fernando de Noronha\u201d, realizada pelo Projeto Golfinho Rotador em parceria com o Projeto Cet\u00e1ceos da Costa Branca (PCCB)\/Universidade Estadual do Rio Grande do Norte (UERN); Universidade Federal do Rio Grande do Norte (UFRN), por meio do Laborat\u00f3rio de Morfofisiologia de Vertebrados; o Centro de Monitoramento Ambiental (Cemam) e a Universidade Federal do Paran\u00e1 (UFPR).<\/p>\n<p><strong>Esta tem os seguintes objetivos:<\/strong><\/p>\n<ol>\n<li><a href=\"https:\/\/golfinhorotador.org.br\/wp-content\/uploads\/2025\/08\/pesquisa_2-1000px.jpg\"><img decoding=\"async\" class=\"alignright wp-image-1440\" src=\"https:\/\/golfinhorotador.org.br\/wp-content\/uploads\/2025\/08\/pesquisa_2-1000px.jpg\" alt=\"\" width=\"500\" height=\"347\" srcset=\"https:\/\/golfinhorotador.org.br\/wp-content\/uploads\/2025\/08\/pesquisa_2-1000px.jpg 1000w, https:\/\/golfinhorotador.org.br\/wp-content\/uploads\/2025\/08\/pesquisa_2-1000px-300x208.jpg 300w, https:\/\/golfinhorotador.org.br\/wp-content\/uploads\/2025\/08\/pesquisa_2-1000px-768x532.jpg 768w\" sizes=\"(max-width: 500px) 100vw, 500px\" \/><\/a>Construir um banco de dados sonoros sobre as caracter\u00edsticas dos ambientes, ecossistemas e animais do Parque Nacional Marinho de Fernando de Noronha (Parnamar-FN) e da \u00c1rea de Prote\u00e7\u00e3o Ambiental (APA-FN).<\/li>\n<li>Descrever as caracter\u00edsticas f\u00edsicas dos sons produzidos por cet\u00e1ceos, aves, peixes e ecossistemas recifais do Parnamar-FN e da APA-FN.<\/li>\n<li>Descrever as caracter\u00edsticas f\u00edsicas dos ru\u00eddos produzidos por diferentes fontes de origem antropog\u00eanica do Parnamar-FN e da APA-FN.<\/li>\n<li>Verificar poss\u00edveis impactos negativos gerados por diferentes fontes de ru\u00eddos antropog\u00eanicos sobre cet\u00e1ceos, aves, peixes e ecossistemas recifais do Parnamar-FN e da APA-FN.<\/li>\n<\/ol>\n<p>Esta etapa da pesquisa est\u00e1 atendendo uma demanda da Companhia Pernambucana de Saneamento (COMPESA) e da Administra\u00e7\u00e3o de Fernando de Noronha, que \u00e9 realizar o estudo de decaimento sonoro para identificar se h\u00e1 ou n\u00e3o poss\u00edvel impacto com a instala\u00e7\u00e3o de uma nova bomba submersa na laje da Praia do Boldr\u00f3. Este estudo \u00e9 uma condicionante do processo de licenciamento pelo Instituto Chico Mendes de Conserva\u00e7\u00e3o da Biodiversidade (ICMBio) para a alternativa proposta pela COMPESA para a amplia\u00e7\u00e3o do sistema de capta\u00e7\u00e3o de \u00e1gua salgada para dessaliniza\u00e7\u00e3o.<\/p>\n<p><a href=\"https:\/\/golfinhorotador.org.br\/wp-content\/uploads\/2016\/09\/pesquisa_boldro_1-1000px.jpg\"><img decoding=\"async\" class=\"alignleft wp-image-1443\" src=\"https:\/\/golfinhorotador.org.br\/wp-content\/uploads\/2016\/09\/pesquisa_boldro_1-1000px.jpg\" alt=\"\" width=\"500\" height=\"667\" srcset=\"https:\/\/golfinhorotador.org.br\/wp-content\/uploads\/2016\/09\/pesquisa_boldro_1-1000px.jpg 1000w, https:\/\/golfinhorotador.org.br\/wp-content\/uploads\/2016\/09\/pesquisa_boldro_1-1000px-225x300.jpg 225w, https:\/\/golfinhorotador.org.br\/wp-content\/uploads\/2016\/09\/pesquisa_boldro_1-1000px-768x1024.jpg 768w\" sizes=\"(max-width: 500px) 100vw, 500px\" \/><\/a>O abastecimento de \u00e1gua doce pot\u00e1vel \u00e9 um dos gargalos do desenvolvimento e da qualidade de vida de Fernando de Noronha. O Arquip\u00e9lago n\u00e3o possui nascentes de \u00e1gua doce. A \u00e1gua utilizada no abastecimento de Fernando de Noronha \u00e9 resultado da dessaliniza\u00e7\u00e3o marinha. A outra parte do abastecimento \u00e9 resultado da \u00e1gua captada no per\u00edodo das chuvas e armazenada durante a estiagem em a\u00e7udes.<\/p>\n<p>O presidente do Centro Golfinho Rotador, Fl\u00e1vio Lima, explicou que, em fun\u00e7\u00e3o da demora da COMPESA em atender \u00e0 demanda do ICMBIO, o Projeto Golfinho Rotador se voluntariou para esta pesquisa, a fim de agilizar este processo e n\u00e3o atrapalhar o abastecimento de \u00e1gua para a comunidade.<\/p>\n<p>De acordo com Geovani Jos\u00e9 Alves Dem\u00e9trio, gerente da COMPESA, atualmente a esta\u00e7\u00e3o de dessaliniza\u00e7\u00e3o produz 12 mil litros de \u00e1gua por hora. Com a instala\u00e7\u00e3o da nova bomba, o sistema produzir\u00e1 at\u00e9 40 mil litros de \u00e1gua por hora. A capta\u00e7\u00e3o da \u00e1gua no Boldr\u00f3 \u00e9 feita de acordo com a varia\u00e7\u00e3o da mar\u00e9, ou seja, na mar\u00e9 alta \u00e9 poss\u00edvel captar, mas na mar\u00e9 baixa n\u00e3o. A nova bomba dever\u00e1 ser instalada nas fendas de um dos corais da Praia do Boldr\u00f3 e seu funcionamento ser\u00e1 de 24 horas por dia.<\/p>\n<p>A Praia do Boldr\u00f3 tem fundo rochoso e profundidade entre 1 e 20 metros, \u00e9 um local apropriado para mergulhar durante a mar\u00e9 baixa, quando ocorre a concentra\u00e7\u00e3o da fauna e diminui a turbidez da \u00e1gua. Os surfistas tamb\u00e9m aproveitam as ondas do Boldr\u00f3 quando entra o swell.<\/p>\n<p>Al\u00e9m de Fl\u00e1vio Lima, a pesquisa conta ainda com a participa\u00e7\u00e3o de Simone Almeida, professora da UFRN, e os pesquisadores do Projeto Cet\u00e1ceos da Costa Branca (PCCB)\/UERN \u2013 CEMAM: Dalila Le\u00e3o, Daniel Solon e Aline Bomfim.<\/p>\n<p>&nbsp;<\/p>\n<p>O Projeto Golfinho Rotador \u00e9 executado pela ONG Centro Golfinho Rotador, tem coordena\u00e7\u00e3o do ICMBio e patroc\u00ednio oficial da Petrobras, por meio do Programa Petrobras Socioambiental.<\/p>\n<p>&nbsp;<\/p>\n<h5 style=\"text-align: center;\">SEJA AMIG@ DOS GOLFINHOS!<\/h5>\n<p style=\"text-align: center;\">Torne-se s\u00f3cio colaborador para ajudar a pesquisa e conserva\u00e7\u00e3o dos\u00a0golfinhos-rotadores e de Fernando de Noronha!<\/p>\n<p style=\"text-align: center;\">Saiba como acessando <a href=\"https:\/\/golfinhorotador.org.br\/seja-amigo-dos-golfinhos\/\">https:\/\/golfinhorotador.org.br\/seja-amigo-dos-golfinhos\/<\/a><\/p>\n<p><strong><em>Assessoria de Comunica\u00e7\u00e3o do Projeto Golfinho Rotador<\/em><\/strong><\/p>\n","protected":false},"excerpt":{"rendered":"<p>Em setembro de 2016 ocorreu mais uma etapa da pesquisa \u201cPaisagem ac\u00fastica, decaimento sonoro e intera\u00e7\u00f5es entre sons e comportamentos de golfinhos-rotadores em Fernando de Noronha\u201d, realizada pelo Projeto Golfinho Rotador em parceria com o Projeto Cet\u00e1ceos da Costa Branca (PCCB)\/Universidade Estadual do Rio Grande do Norte (UERN); Universidade Federal do Rio Grande do Norte [&hellip;]<\/p>\n","protected":false},"author":2,"featured_media":1438,"comment_status":"open","ping_status":"open","sticky":false,"template":"","format":"standard","meta":{"_acf_changed":false,"footnotes":""},"categories":[9],"tags":[],"class_list":["post-1437","post","type-post","status-publish","format-standard","has-post-thumbnail","hentry","category-noticias"],"acf":{"exibir_imagem_destacada":"N\u00e3o"},"yoast_head":"<!-- This site is optimized with the Yoast SEO plugin v27.5 - https:\/\/yoast.com\/product\/yoast-seo-wordpress\/ -->\n<title>A Paisagem Ac\u00fastica de Fernando de Noronha - Projeto Golfinho Rotador<\/title>\n<meta name=\"robots\" content=\"index, follow, max-snippet:-1, max-image-preview:large, max-video-preview:-1\" \/>\n<link rel=\"canonical\" href=\"https:\/\/golfinhorotador.org.br\/2016\/09\/26\/a-paisagem-acustica-de-fernando-de-noronha\/\" \/>\n<meta property=\"og:locale\" content=\"en_US\" \/>\n<meta property=\"og:type\" content=\"article\" \/>\n<meta property=\"og:title\" content=\"A Paisagem Ac\u00fastica de Fernando de Noronha - Projeto Golfinho Rotador\" \/>\n<meta property=\"og:description\" content=\"Em setembro de 2016 ocorreu mais uma etapa da pesquisa \u201cPaisagem ac\u00fastica, decaimento sonoro e intera\u00e7\u00f5es entre sons e comportamentos de golfinhos-rotadores em Fernando de Noronha\u201d, realizada pelo Projeto Golfinho Rotador em parceria com o Projeto Cet\u00e1ceos da Costa Branca (PCCB)\/Universidade Estadual do Rio Grande do Norte (UERN); Universidade Federal do Rio Grande do Norte [&hellip;]\" \/>\n<meta property=\"og:url\" content=\"https:\/\/golfinhorotador.org.br\/2016\/09\/26\/a-paisagem-acustica-de-fernando-de-noronha\/\" \/>\n<meta property=\"og:site_name\" content=\"Projeto Golfinho Rotador\" \/>\n<meta property=\"article:publisher\" content=\"https:\/\/www.facebook.com\/Projeto-Golfinho-Rotador-155695874539813\" \/>\n<meta property=\"article:published_time\" content=\"2016-09-27T02:19:55+00:00\" \/>\n<meta property=\"article:modified_time\" content=\"2025-08-15T14:42:46+00:00\" \/>\n<meta property=\"og:image\" content=\"https:\/\/golfinhorotador.org.br\/wp-content\/uploads\/2025\/08\/monitoramento-acustico-DESTAQUE.jpg\" \/>\n\t<meta property=\"og:image:width\" content=\"540\" \/>\n\t<meta property=\"og:image:height\" content=\"303\" \/>\n\t<meta property=\"og:image:type\" content=\"image\/jpeg\" \/>\n<meta name=\"author\" content=\"Projeto Golfinho Rotador\" \/>\n<meta name=\"twitter:card\" content=\"summary_large_image\" \/>\n<meta name=\"twitter:creator\" content=\"@golfinhorotador\" \/>\n<meta name=\"twitter:site\" content=\"@golfinhorotador\" \/>\n<meta name=\"twitter:label1\" content=\"Written by\" \/>\n\t<meta name=\"twitter:data1\" content=\"Projeto Golfinho Rotador\" \/>\n\t<meta name=\"twitter:label2\" content=\"Est. reading time\" \/>\n\t<meta name=\"twitter:data2\" content=\"3 minutes\" \/>\n<script type=\"application\/ld+json\" class=\"yoast-schema-graph\">{\"@context\":\"https:\\\/\\\/schema.org\",\"@graph\":[{\"@type\":\"Article\",\"@id\":\"https:\\\/\\\/golfinhorotador.org.br\\\/2016\\\/09\\\/26\\\/a-paisagem-acustica-de-fernando-de-noronha\\\/#article\",\"isPartOf\":{\"@id\":\"https:\\\/\\\/golfinhorotador.org.br\\\/2016\\\/09\\\/26\\\/a-paisagem-acustica-de-fernando-de-noronha\\\/\"},\"author\":{\"name\":\"Projeto Golfinho Rotador\",\"@id\":\"https:\\\/\\\/golfinhorotador.org.br\\\/#\\\/schema\\\/person\\\/31c9f545fc127c9e21fc1c5f001269db\"},\"headline\":\"A Paisagem Ac\u00fastica de Fernando de Noronha\",\"datePublished\":\"2016-09-27T02:19:55+00:00\",\"dateModified\":\"2025-08-15T14:42:46+00:00\",\"mainEntityOfPage\":{\"@id\":\"https:\\\/\\\/golfinhorotador.org.br\\\/2016\\\/09\\\/26\\\/a-paisagem-acustica-de-fernando-de-noronha\\\/\"},\"wordCount\":657,\"commentCount\":0,\"publisher\":{\"@id\":\"https:\\\/\\\/golfinhorotador.org.br\\\/#organization\"},\"image\":{\"@id\":\"https:\\\/\\\/golfinhorotador.org.br\\\/2016\\\/09\\\/26\\\/a-paisagem-acustica-de-fernando-de-noronha\\\/#primaryimage\"},\"thumbnailUrl\":\"https:\\\/\\\/golfinhorotador.org.br\\\/wp-content\\\/uploads\\\/2025\\\/08\\\/monitoramento-acustico-DESTAQUE.jpg\",\"articleSection\":[\"Not\u00edcias\"],\"inLanguage\":\"en-US\",\"potentialAction\":[{\"@type\":\"CommentAction\",\"name\":\"Comment\",\"target\":[\"https:\\\/\\\/golfinhorotador.org.br\\\/2016\\\/09\\\/26\\\/a-paisagem-acustica-de-fernando-de-noronha\\\/#respond\"]}]},{\"@type\":\"WebPage\",\"@id\":\"https:\\\/\\\/golfinhorotador.org.br\\\/2016\\\/09\\\/26\\\/a-paisagem-acustica-de-fernando-de-noronha\\\/\",\"url\":\"https:\\\/\\\/golfinhorotador.org.br\\\/2016\\\/09\\\/26\\\/a-paisagem-acustica-de-fernando-de-noronha\\\/\",\"name\":\"A Paisagem Ac\u00fastica de Fernando de Noronha - Projeto Golfinho Rotador\",\"isPartOf\":{\"@id\":\"https:\\\/\\\/golfinhorotador.org.br\\\/#website\"},\"primaryImageOfPage\":{\"@id\":\"https:\\\/\\\/golfinhorotador.org.br\\\/2016\\\/09\\\/26\\\/a-paisagem-acustica-de-fernando-de-noronha\\\/#primaryimage\"},\"image\":{\"@id\":\"https:\\\/\\\/golfinhorotador.org.br\\\/2016\\\/09\\\/26\\\/a-paisagem-acustica-de-fernando-de-noronha\\\/#primaryimage\"},\"thumbnailUrl\":\"https:\\\/\\\/golfinhorotador.org.br\\\/wp-content\\\/uploads\\\/2025\\\/08\\\/monitoramento-acustico-DESTAQUE.jpg\",\"datePublished\":\"2016-09-27T02:19:55+00:00\",\"dateModified\":\"2025-08-15T14:42:46+00:00\",\"breadcrumb\":{\"@id\":\"https:\\\/\\\/golfinhorotador.org.br\\\/2016\\\/09\\\/26\\\/a-paisagem-acustica-de-fernando-de-noronha\\\/#breadcrumb\"},\"inLanguage\":\"en-US\",\"potentialAction\":[{\"@type\":\"ReadAction\",\"target\":[\"https:\\\/\\\/golfinhorotador.org.br\\\/2016\\\/09\\\/26\\\/a-paisagem-acustica-de-fernando-de-noronha\\\/\"]}]},{\"@type\":\"ImageObject\",\"inLanguage\":\"en-US\",\"@id\":\"https:\\\/\\\/golfinhorotador.org.br\\\/2016\\\/09\\\/26\\\/a-paisagem-acustica-de-fernando-de-noronha\\\/#primaryimage\",\"url\":\"https:\\\/\\\/golfinhorotador.org.br\\\/wp-content\\\/uploads\\\/2025\\\/08\\\/monitoramento-acustico-DESTAQUE.jpg\",\"contentUrl\":\"https:\\\/\\\/golfinhorotador.org.br\\\/wp-content\\\/uploads\\\/2025\\\/08\\\/monitoramento-acustico-DESTAQUE.jpg\",\"width\":540,\"height\":303},{\"@type\":\"BreadcrumbList\",\"@id\":\"https:\\\/\\\/golfinhorotador.org.br\\\/2016\\\/09\\\/26\\\/a-paisagem-acustica-de-fernando-de-noronha\\\/#breadcrumb\",\"itemListElement\":[{\"@type\":\"ListItem\",\"position\":1,\"name\":\"In\u00edcio\",\"item\":\"https:\\\/\\\/golfinhorotador.org.br\\\/en\\\/home\\\/\"},{\"@type\":\"ListItem\",\"position\":2,\"name\":\"A Paisagem Ac\u00fastica de Fernando de Noronha\"}]},{\"@type\":\"WebSite\",\"@id\":\"https:\\\/\\\/golfinhorotador.org.br\\\/#website\",\"url\":\"https:\\\/\\\/golfinhorotador.org.br\\\/\",\"name\":\"Projeto Golfinho Rotador\",\"description\":\"Fernando de Noronha\",\"publisher\":{\"@id\":\"https:\\\/\\\/golfinhorotador.org.br\\\/#organization\"},\"potentialAction\":[{\"@type\":\"SearchAction\",\"target\":{\"@type\":\"EntryPoint\",\"urlTemplate\":\"https:\\\/\\\/golfinhorotador.org.br\\\/?s={search_term_string}\"},\"query-input\":{\"@type\":\"PropertyValueSpecification\",\"valueRequired\":true,\"valueName\":\"search_term_string\"}}],\"inLanguage\":\"en-US\"},{\"@type\":\"Organization\",\"@id\":\"https:\\\/\\\/golfinhorotador.org.br\\\/#organization\",\"name\":\"Projeto Golfinho Rotador\",\"url\":\"https:\\\/\\\/golfinhorotador.org.br\\\/\",\"logo\":{\"@type\":\"ImageObject\",\"inLanguage\":\"en-US\",\"@id\":\"https:\\\/\\\/golfinhorotador.org.br\\\/#\\\/schema\\\/logo\\\/image\\\/\",\"url\":\"https:\\\/\\\/golfinhorotador.org.br\\\/wp-content\\\/uploads\\\/2025\\\/07\\\/Logo-PGR-2025-512.png\",\"contentUrl\":\"https:\\\/\\\/golfinhorotador.org.br\\\/wp-content\\\/uploads\\\/2025\\\/07\\\/Logo-PGR-2025-512.png\",\"width\":512,\"height\":512,\"caption\":\"Projeto Golfinho Rotador\"},\"image\":{\"@id\":\"https:\\\/\\\/golfinhorotador.org.br\\\/#\\\/schema\\\/logo\\\/image\\\/\"},\"sameAs\":[\"https:\\\/\\\/www.facebook.com\\\/Projeto-Golfinho-Rotador-155695874539813\",\"https:\\\/\\\/x.com\\\/golfinhorotador\",\"https:\\\/\\\/www.instagram.com\\\/golfinhorotador\\\/\",\"https:\\\/\\\/www.youtube.com\\\/channel\\\/UCYw-aMfBHbkUU_DimpWJzbw\",\"https:\\\/\\\/www.tiktok.com\\\/@golfinhorotador\"]},{\"@type\":\"Person\",\"@id\":\"https:\\\/\\\/golfinhorotador.org.br\\\/#\\\/schema\\\/person\\\/31c9f545fc127c9e21fc1c5f001269db\",\"name\":\"Projeto Golfinho Rotador\",\"image\":{\"@type\":\"ImageObject\",\"inLanguage\":\"en-US\",\"@id\":\"https:\\\/\\\/secure.gravatar.com\\\/avatar\\\/4e2f6bba9197287956dc1c931a4caed810b09aec9b8f38aa913bd11926fd05d2?s=96&d=mm&r=g\",\"url\":\"https:\\\/\\\/secure.gravatar.com\\\/avatar\\\/4e2f6bba9197287956dc1c931a4caed810b09aec9b8f38aa913bd11926fd05d2?s=96&d=mm&r=g\",\"contentUrl\":\"https:\\\/\\\/secure.gravatar.com\\\/avatar\\\/4e2f6bba9197287956dc1c931a4caed810b09aec9b8f38aa913bd11926fd05d2?s=96&d=mm&r=g\",\"caption\":\"Projeto Golfinho Rotador\"},\"url\":\"https:\\\/\\\/golfinhorotador.org.br\\\/en\\\/author\\\/projeto-golfinho-rotador\\\/\"}]}<\/script>\n<!-- \/ Yoast SEO plugin. -->","yoast_head_json":{"title":"A Paisagem Ac\u00fastica de Fernando de Noronha - Projeto Golfinho Rotador","robots":{"index":"index","follow":"follow","max-snippet":"max-snippet:-1","max-image-preview":"max-image-preview:large","max-video-preview":"max-video-preview:-1"},"canonical":"https:\/\/golfinhorotador.org.br\/2016\/09\/26\/a-paisagem-acustica-de-fernando-de-noronha\/","og_locale":"en_US","og_type":"article","og_title":"A Paisagem Ac\u00fastica de Fernando de Noronha - Projeto Golfinho Rotador","og_description":"Em setembro de 2016 ocorreu mais uma etapa da pesquisa \u201cPaisagem ac\u00fastica, decaimento sonoro e intera\u00e7\u00f5es entre sons e comportamentos de golfinhos-rotadores em Fernando de Noronha\u201d, realizada pelo Projeto Golfinho Rotador em parceria com o Projeto Cet\u00e1ceos da Costa Branca (PCCB)\/Universidade Estadual do Rio Grande do Norte (UERN); Universidade Federal do Rio Grande do Norte [&hellip;]","og_url":"https:\/\/golfinhorotador.org.br\/2016\/09\/26\/a-paisagem-acustica-de-fernando-de-noronha\/","og_site_name":"Projeto Golfinho Rotador","article_publisher":"https:\/\/www.facebook.com\/Projeto-Golfinho-Rotador-155695874539813","article_published_time":"2016-09-27T02:19:55+00:00","article_modified_time":"2025-08-15T14:42:46+00:00","og_image":[{"width":540,"height":303,"url":"https:\/\/golfinhorotador.org.br\/wp-content\/uploads\/2025\/08\/monitoramento-acustico-DESTAQUE.jpg","type":"image\/jpeg"}],"author":"Projeto Golfinho Rotador","twitter_card":"summary_large_image","twitter_creator":"@golfinhorotador","twitter_site":"@golfinhorotador","twitter_misc":{"Written by":"Projeto Golfinho Rotador","Est. reading time":"3 minutes"},"schema":{"@context":"https:\/\/schema.org","@graph":[{"@type":"Article","@id":"https:\/\/golfinhorotador.org.br\/2016\/09\/26\/a-paisagem-acustica-de-fernando-de-noronha\/#article","isPartOf":{"@id":"https:\/\/golfinhorotador.org.br\/2016\/09\/26\/a-paisagem-acustica-de-fernando-de-noronha\/"},"author":{"name":"Projeto Golfinho Rotador","@id":"https:\/\/golfinhorotador.org.br\/#\/schema\/person\/31c9f545fc127c9e21fc1c5f001269db"},"headline":"A Paisagem Ac\u00fastica de Fernando de Noronha","datePublished":"2016-09-27T02:19:55+00:00","dateModified":"2025-08-15T14:42:46+00:00","mainEntityOfPage":{"@id":"https:\/\/golfinhorotador.org.br\/2016\/09\/26\/a-paisagem-acustica-de-fernando-de-noronha\/"},"wordCount":657,"commentCount":0,"publisher":{"@id":"https:\/\/golfinhorotador.org.br\/#organization"},"image":{"@id":"https:\/\/golfinhorotador.org.br\/2016\/09\/26\/a-paisagem-acustica-de-fernando-de-noronha\/#primaryimage"},"thumbnailUrl":"https:\/\/golfinhorotador.org.br\/wp-content\/uploads\/2025\/08\/monitoramento-acustico-DESTAQUE.jpg","articleSection":["Not\u00edcias"],"inLanguage":"en-US","potentialAction":[{"@type":"CommentAction","name":"Comment","target":["https:\/\/golfinhorotador.org.br\/2016\/09\/26\/a-paisagem-acustica-de-fernando-de-noronha\/#respond"]}]},{"@type":"WebPage","@id":"https:\/\/golfinhorotador.org.br\/2016\/09\/26\/a-paisagem-acustica-de-fernando-de-noronha\/","url":"https:\/\/golfinhorotador.org.br\/2016\/09\/26\/a-paisagem-acustica-de-fernando-de-noronha\/","name":"A Paisagem Ac\u00fastica de Fernando de Noronha - Projeto Golfinho Rotador","isPartOf":{"@id":"https:\/\/golfinhorotador.org.br\/#website"},"primaryImageOfPage":{"@id":"https:\/\/golfinhorotador.org.br\/2016\/09\/26\/a-paisagem-acustica-de-fernando-de-noronha\/#primaryimage"},"image":{"@id":"https:\/\/golfinhorotador.org.br\/2016\/09\/26\/a-paisagem-acustica-de-fernando-de-noronha\/#primaryimage"},"thumbnailUrl":"https:\/\/golfinhorotador.org.br\/wp-content\/uploads\/2025\/08\/monitoramento-acustico-DESTAQUE.jpg","datePublished":"2016-09-27T02:19:55+00:00","dateModified":"2025-08-15T14:42:46+00:00","breadcrumb":{"@id":"https:\/\/golfinhorotador.org.br\/2016\/09\/26\/a-paisagem-acustica-de-fernando-de-noronha\/#breadcrumb"},"inLanguage":"en-US","potentialAction":[{"@type":"ReadAction","target":["https:\/\/golfinhorotador.org.br\/2016\/09\/26\/a-paisagem-acustica-de-fernando-de-noronha\/"]}]},{"@type":"ImageObject","inLanguage":"en-US","@id":"https:\/\/golfinhorotador.org.br\/2016\/09\/26\/a-paisagem-acustica-de-fernando-de-noronha\/#primaryimage","url":"https:\/\/golfinhorotador.org.br\/wp-content\/uploads\/2025\/08\/monitoramento-acustico-DESTAQUE.jpg","contentUrl":"https:\/\/golfinhorotador.org.br\/wp-content\/uploads\/2025\/08\/monitoramento-acustico-DESTAQUE.jpg","width":540,"height":303},{"@type":"BreadcrumbList","@id":"https:\/\/golfinhorotador.org.br\/2016\/09\/26\/a-paisagem-acustica-de-fernando-de-noronha\/#breadcrumb","itemListElement":[{"@type":"ListItem","position":1,"name":"In\u00edcio","item":"https:\/\/golfinhorotador.org.br\/en\/home\/"},{"@type":"ListItem","position":2,"name":"A Paisagem Ac\u00fastica de Fernando de Noronha"}]},{"@type":"WebSite","@id":"https:\/\/golfinhorotador.org.br\/#website","url":"https:\/\/golfinhorotador.org.br\/","name":"Projeto Golfinho Rotador","description":"Fernando de Noronha","publisher":{"@id":"https:\/\/golfinhorotador.org.br\/#organization"},"potentialAction":[{"@type":"SearchAction","target":{"@type":"EntryPoint","urlTemplate":"https:\/\/golfinhorotador.org.br\/?s={search_term_string}"},"query-input":{"@type":"PropertyValueSpecification","valueRequired":true,"valueName":"search_term_string"}}],"inLanguage":"en-US"},{"@type":"Organization","@id":"https:\/\/golfinhorotador.org.br\/#organization","name":"Projeto Golfinho Rotador","url":"https:\/\/golfinhorotador.org.br\/","logo":{"@type":"ImageObject","inLanguage":"en-US","@id":"https:\/\/golfinhorotador.org.br\/#\/schema\/logo\/image\/","url":"https:\/\/golfinhorotador.org.br\/wp-content\/uploads\/2025\/07\/Logo-PGR-2025-512.png","contentUrl":"https:\/\/golfinhorotador.org.br\/wp-content\/uploads\/2025\/07\/Logo-PGR-2025-512.png","width":512,"height":512,"caption":"Projeto Golfinho Rotador"},"image":{"@id":"https:\/\/golfinhorotador.org.br\/#\/schema\/logo\/image\/"},"sameAs":["https:\/\/www.facebook.com\/Projeto-Golfinho-Rotador-155695874539813","https:\/\/x.com\/golfinhorotador","https:\/\/www.instagram.com\/golfinhorotador\/","https:\/\/www.youtube.com\/channel\/UCYw-aMfBHbkUU_DimpWJzbw","https:\/\/www.tiktok.com\/@golfinhorotador"]},{"@type":"Person","@id":"https:\/\/golfinhorotador.org.br\/#\/schema\/person\/31c9f545fc127c9e21fc1c5f001269db","name":"Projeto Golfinho Rotador","image":{"@type":"ImageObject","inLanguage":"en-US","@id":"https:\/\/secure.gravatar.com\/avatar\/4e2f6bba9197287956dc1c931a4caed810b09aec9b8f38aa913bd11926fd05d2?s=96&d=mm&r=g","url":"https:\/\/secure.gravatar.com\/avatar\/4e2f6bba9197287956dc1c931a4caed810b09aec9b8f38aa913bd11926fd05d2?s=96&d=mm&r=g","contentUrl":"https:\/\/secure.gravatar.com\/avatar\/4e2f6bba9197287956dc1c931a4caed810b09aec9b8f38aa913bd11926fd05d2?s=96&d=mm&r=g","caption":"Projeto Golfinho Rotador"},"url":"https:\/\/golfinhorotador.org.br\/en\/author\/projeto-golfinho-rotador\/"}]}},"_links":{"self":[{"href":"https:\/\/golfinhorotador.org.br\/en\/wp-json\/wp\/v2\/posts\/1437","targetHints":{"allow":["GET"]}}],"collection":[{"href":"https:\/\/golfinhorotador.org.br\/en\/wp-json\/wp\/v2\/posts"}],"about":[{"href":"https:\/\/golfinhorotador.org.br\/en\/wp-json\/wp\/v2\/types\/post"}],"author":[{"embeddable":true,"href":"https:\/\/golfinhorotador.org.br\/en\/wp-json\/wp\/v2\/users\/2"}],"replies":[{"embeddable":true,"href":"https:\/\/golfinhorotador.org.br\/en\/wp-json\/wp\/v2\/comments?post=1437"}],"version-history":[{"count":5,"href":"https:\/\/golfinhorotador.org.br\/en\/wp-json\/wp\/v2\/posts\/1437\/revisions"}],"predecessor-version":[{"id":4420,"href":"https:\/\/golfinhorotador.org.br\/en\/wp-json\/wp\/v2\/posts\/1437\/revisions\/4420"}],"wp:featuredmedia":[{"embeddable":true,"href":"https:\/\/golfinhorotador.org.br\/en\/wp-json\/wp\/v2\/media\/1438"}],"wp:attachment":[{"href":"https:\/\/golfinhorotador.org.br\/en\/wp-json\/wp\/v2\/media?parent=1437"}],"wp:term":[{"taxonomy":"category","embeddable":true,"href":"https:\/\/golfinhorotador.org.br\/en\/wp-json\/wp\/v2\/categories?post=1437"},{"taxonomy":"post_tag","embeddable":true,"href":"https:\/\/golfinhorotador.org.br\/en\/wp-json\/wp\/v2\/tags?post=1437"}],"curies":[{"name":"wp","href":"https:\/\/api.w.org\/{rel}","templated":true}]}}