{"id":1480,"date":"2016-11-22T23:45:03","date_gmt":"2016-11-23T01:45:03","guid":{"rendered":"https:\/\/golfinhorotador.org.br\/?p=1480"},"modified":"2025-08-07T23:48:16","modified_gmt":"2025-08-08T02:48:16","slug":"estudantes-participam-de-feira-do-conhecimento-em-fernando-de-noronha","status":"publish","type":"post","link":"https:\/\/golfinhorotador.org.br\/en\/2016\/11\/22\/estudantes-participam-de-feira-do-conhecimento-em-fernando-de-noronha\/","title":{"rendered":"Estudantes participam de Feira do Conhecimento, em Fernando de Noronha"},"content":{"rendered":"<figure id=\"attachment_1482\" aria-describedby=\"caption-attachment-1482\" style=\"width: 500px\" class=\"wp-caption alignright\"><a href=\"https:\/\/golfinhorotador.org.br\/wp-content\/uploads\/2025\/08\/feira-conhecimento-01.jpg\"><img fetchpriority=\"high\" decoding=\"async\" class=\"wp-image-1482\" src=\"https:\/\/golfinhorotador.org.br\/wp-content\/uploads\/2025\/08\/feira-conhecimento-01.jpg\" alt=\"\" width=\"500\" height=\"375\" srcset=\"https:\/\/golfinhorotador.org.br\/wp-content\/uploads\/2025\/08\/feira-conhecimento-01.jpg 1200w, https:\/\/golfinhorotador.org.br\/wp-content\/uploads\/2025\/08\/feira-conhecimento-01-300x225.jpg 300w, https:\/\/golfinhorotador.org.br\/wp-content\/uploads\/2025\/08\/feira-conhecimento-01-1024x768.jpg 1024w, https:\/\/golfinhorotador.org.br\/wp-content\/uploads\/2025\/08\/feira-conhecimento-01-768x576.jpg 768w\" sizes=\"(max-width: 500px) 100vw, 500px\" \/><\/a><figcaption id=\"caption-attachment-1482\" class=\"wp-caption-text\">Paulo Bruno de Brito, diretor da Escola Arquip\u00e9lago, avaliou como positivo o resultado da Feira de Conhecimento<\/figcaption><\/figure>\n<p>Com o tema \u201cHer\u00f3is, quem s\u00e3o?\u201d, os estudantes da Escola de Refer\u00eancia em Ensino M\u00e9dio (EREM) Arquip\u00e9lago Fernando de Noronha realizaram no dia 18 de novembro a Feira de Conhecimento. Entre os her\u00f3is da literatura estavam: Daniel Munduruku, Maur\u00edcio de Sousa e Monteiro Lobato. O local tamb\u00e9m teve espa\u00e7o dedicado as Grandes Inven\u00e7\u00f5es Tecnol\u00f3gicas e Seus Her\u00f3is. Com trabalhos sobre os inventores do computador, telefone, calculadora e muito mais.<\/p>\n<p>\u201cA Feira de Conhecimento \u00e9 o maior projeto da Escola Arquip\u00e9lago e que re\u00fane todos os alunos. \u00c9 um momento de produ\u00e7\u00e3o genu\u00edna, pois s\u00e3o os alunos que produzem os conte\u00fados que s\u00e3o apresentados. Tem uma orienta\u00e7\u00e3o dos educadores, mas a constru\u00e7\u00e3o \u00e9 de autoria dos estudantes\u201d, disse Paulo Bruno de Brito, diretor da Escola Arquip\u00e9lago. Atualmente mais de 430 estudantes est\u00e3o matriculados na Escola Arquip\u00e9lago, que oferece aulas do 1\u00ba ano do Ensino Fundamental ao 3\u00ba ano do Ensino M\u00e9dio. A escola tamb\u00e9m atende estudantes da Educa\u00e7\u00e3o de Jovens e Adultos (EJA).<\/p>\n<p><strong>Daniel Munduruku<\/strong><\/p>\n<p>Os alunos do 5\u00ba ano apresentaram um trabalho sobre o escritor ind\u00edgena Daniel Munduruku. Ele \u00e9 autor de 50 livros para crian\u00e7as, jovens e educadores. \u00c9 comendador da Ordem do M\u00e9rito Cultural da Presid\u00eancia da Rep\u00fablica desde 2008. Recebeu diversos pr\u00eamios no Brasil e Exterior entre eles o Pr\u00eamio Jabuti, Pr\u00eamio da Academia Brasileira de Letras, o Pr\u00eamio \u00c9rico Vanucci Mendes (outorgado pelo CNPq); Pr\u00eamio Toler\u00e2ncia (outorgado pela UNESCO).\u00a0Muitos de seus livros receberam o selo Altamente Recomend\u00e1vel outorgado pela Funda\u00e7\u00e3o Nacional do Livro Infantil e Juvenil (FNLIJ). Reside em Lorena, interior de S\u00e3o Paulo.<br \/>\nFormado em filosofia, com licenciatura em hist\u00f3ria e psicologia, e doutorando em educa\u00e7\u00e3o pela Universidade de S\u00e3o Paulo (USP). Dentre os livros que escreveu para o p\u00fablico infanto-juvenil est\u00e3o Coisas de \u00cdndio, O Sinal do Paj\u00e9 e Meu V\u00f4 Apolin\u00e1rio \u2013 que ganhou men\u00e7\u00e3o honrosa do Pr\u00eamio Literatura para Crian\u00e7as e Jovens na Quest\u00e3o da Toler\u00e2ncia, da Unesco.<\/p>\n<p><a href=\"https:\/\/golfinhorotador.org.br\/wp-content\/uploads\/2025\/08\/feira-conhecimento-02.jpg\"><img decoding=\"async\" class=\"alignleft wp-image-1481\" src=\"https:\/\/golfinhorotador.org.br\/wp-content\/uploads\/2025\/08\/feira-conhecimento-02.jpg\" alt=\"\" width=\"500\" height=\"375\" srcset=\"https:\/\/golfinhorotador.org.br\/wp-content\/uploads\/2025\/08\/feira-conhecimento-02.jpg 1200w, https:\/\/golfinhorotador.org.br\/wp-content\/uploads\/2025\/08\/feira-conhecimento-02-300x225.jpg 300w, https:\/\/golfinhorotador.org.br\/wp-content\/uploads\/2025\/08\/feira-conhecimento-02-1024x768.jpg 1024w, https:\/\/golfinhorotador.org.br\/wp-content\/uploads\/2025\/08\/feira-conhecimento-02-768x576.jpg 768w\" sizes=\"(max-width: 500px) 100vw, 500px\" \/><\/a>O estudante Gabriel Pedro Silva, de 10 anos, afirmou que ficou feliz em fazer o trabalho sobre Daniel Munduruku. \u201cEu gostei porque Daniel \u00e9 diferente. Ele \u00e9 um \u00edndio e a hist\u00f3ria dele \u00e9 bem diferente\u201d, disse o aluno do 5\u00ba ano. A professora Bruna Tatiana do Nascimento explicou que a apresenta\u00e7\u00e3o foi, na verdade, uma constru\u00e7\u00e3o coletiva e que os alunos pesquisaram sobre o tema desde o segundo semestre do ano letivo. \u201cOs estudantes gostaram muito de conhecer as obras e a vida de Daniel Munduruku. Eles se envolveram e contribu\u00edram al\u00e9m do esperado\u201d, finalizou a professora.<\/p>\n<p>O Projeto Golfinho Rotador, em parceria com o Parque Nacional Marinho \u2013 Fernando de Noronha (Parnamar-FN), \u00c1rea de Prote\u00e7\u00e3o Ambiental (APA-FN) e a Escola Arquip\u00e9lago, desenvolve um amplo programa de Educa\u00e7\u00e3o Ambiental na Escola, com foco na tem\u00e1tica marinha e nas inter-rela\u00e7\u00f5es ecol\u00f3gicas deste ecossistema com o cotidiano da popula\u00e7\u00e3o local e dos visitantes.<\/p>\n<p>&nbsp;<\/p>\n<p>O Projeto Golfinho Rotador \u00e9 executado pela ONG Centro Golfinho Rotador, tem coordena\u00e7\u00e3o do ICMBio e patroc\u00ednio oficial da Petrobras, por meio do Programa Petrobras Socioambiental.<\/p>\n<p>&nbsp;<\/p>\n<h5 style=\"text-align: center;\">SEJA AMIG@ DOS GOLFINHOS!<\/h5>\n<p style=\"text-align: center;\">Torne-se s\u00f3cio colaborador para ajudar a pesquisa e conserva\u00e7\u00e3o dos\u00a0golfinhos-rotadores e de Fernando de Noronha!<\/p>\n<p style=\"text-align: center;\">Saiba como acessando <a href=\"https:\/\/golfinhorotador.org.br\/seja-amigo-dos-golfinhos\/\">https:\/\/golfinhorotador.org.br\/seja-amigo-dos-golfinhos\/<\/a><\/p>\n<p><strong><em>Assessoria de Comunica\u00e7\u00e3o do Projeto Golfinho Rotador<\/em><\/strong><\/p>\n","protected":false},"excerpt":{"rendered":"<p>Com o tema \u201cHer\u00f3is, quem s\u00e3o?\u201d, os estudantes da Escola de Refer\u00eancia em Ensino M\u00e9dio (EREM) Arquip\u00e9lago Fernando de Noronha realizaram no dia 18 de novembro a Feira de Conhecimento. Entre os her\u00f3is da literatura estavam: Daniel Munduruku, Maur\u00edcio de Sousa e Monteiro Lobato. O local tamb\u00e9m teve espa\u00e7o dedicado as Grandes Inven\u00e7\u00f5es Tecnol\u00f3gicas e [&hellip;]<\/p>\n","protected":false},"author":2,"featured_media":1481,"comment_status":"open","ping_status":"open","sticky":false,"template":"","format":"standard","meta":{"_acf_changed":false,"footnotes":""},"categories":[9],"tags":[],"class_list":["post-1480","post","type-post","status-publish","format-standard","has-post-thumbnail","hentry","category-noticias"],"acf":{"exibir_imagem_destacada":"N\u00e3o"},"yoast_head":"<!-- This site is optimized with the Yoast SEO plugin v27.5 - https:\/\/yoast.com\/product\/yoast-seo-wordpress\/ -->\n<title>Estudantes participam de Feira do Conhecimento, em Fernando de Noronha - Projeto Golfinho Rotador<\/title>\n<meta name=\"robots\" content=\"index, follow, max-snippet:-1, max-image-preview:large, max-video-preview:-1\" \/>\n<link rel=\"canonical\" href=\"https:\/\/golfinhorotador.org.br\/2016\/11\/22\/estudantes-participam-de-feira-do-conhecimento-em-fernando-de-noronha\/\" \/>\n<meta property=\"og:locale\" content=\"en_US\" \/>\n<meta property=\"og:type\" content=\"article\" \/>\n<meta property=\"og:title\" content=\"Estudantes participam de Feira do Conhecimento, em Fernando de Noronha - Projeto Golfinho Rotador\" \/>\n<meta property=\"og:description\" content=\"Com o tema \u201cHer\u00f3is, quem s\u00e3o?\u201d, os estudantes da Escola de Refer\u00eancia em Ensino M\u00e9dio (EREM) Arquip\u00e9lago Fernando de Noronha realizaram no dia 18 de novembro a Feira de Conhecimento. Entre os her\u00f3is da literatura estavam: Daniel Munduruku, Maur\u00edcio de Sousa e Monteiro Lobato. O local tamb\u00e9m teve espa\u00e7o dedicado as Grandes Inven\u00e7\u00f5es Tecnol\u00f3gicas e [&hellip;]\" \/>\n<meta property=\"og:url\" content=\"https:\/\/golfinhorotador.org.br\/2016\/11\/22\/estudantes-participam-de-feira-do-conhecimento-em-fernando-de-noronha\/\" \/>\n<meta property=\"og:site_name\" content=\"Projeto Golfinho Rotador\" \/>\n<meta property=\"article:publisher\" content=\"https:\/\/www.facebook.com\/Projeto-Golfinho-Rotador-155695874539813\" \/>\n<meta property=\"article:published_time\" content=\"2016-11-23T01:45:03+00:00\" \/>\n<meta property=\"article:modified_time\" content=\"2025-08-08T02:48:16+00:00\" \/>\n<meta property=\"og:image\" content=\"https:\/\/golfinhorotador.org.br\/wp-content\/uploads\/2025\/08\/feira-conhecimento-02.jpg\" \/>\n\t<meta property=\"og:image:width\" content=\"1200\" \/>\n\t<meta property=\"og:image:height\" content=\"900\" \/>\n\t<meta property=\"og:image:type\" content=\"image\/jpeg\" \/>\n<meta name=\"author\" content=\"Projeto Golfinho Rotador\" \/>\n<meta name=\"twitter:card\" content=\"summary_large_image\" \/>\n<meta name=\"twitter:creator\" content=\"@golfinhorotador\" \/>\n<meta name=\"twitter:site\" content=\"@golfinhorotador\" \/>\n<meta name=\"twitter:label1\" content=\"Written by\" \/>\n\t<meta name=\"twitter:data1\" content=\"Projeto Golfinho Rotador\" \/>\n\t<meta name=\"twitter:label2\" content=\"Est. reading time\" \/>\n\t<meta name=\"twitter:data2\" content=\"3 minutes\" \/>\n<script type=\"application\/ld+json\" class=\"yoast-schema-graph\">{\"@context\":\"https:\\\/\\\/schema.org\",\"@graph\":[{\"@type\":\"Article\",\"@id\":\"https:\\\/\\\/golfinhorotador.org.br\\\/2016\\\/11\\\/22\\\/estudantes-participam-de-feira-do-conhecimento-em-fernando-de-noronha\\\/#article\",\"isPartOf\":{\"@id\":\"https:\\\/\\\/golfinhorotador.org.br\\\/2016\\\/11\\\/22\\\/estudantes-participam-de-feira-do-conhecimento-em-fernando-de-noronha\\\/\"},\"author\":{\"name\":\"Projeto Golfinho Rotador\",\"@id\":\"https:\\\/\\\/golfinhorotador.org.br\\\/#\\\/schema\\\/person\\\/31c9f545fc127c9e21fc1c5f001269db\"},\"headline\":\"Estudantes participam de Feira do Conhecimento, em Fernando de Noronha\",\"datePublished\":\"2016-11-23T01:45:03+00:00\",\"dateModified\":\"2025-08-08T02:48:16+00:00\",\"mainEntityOfPage\":{\"@id\":\"https:\\\/\\\/golfinhorotador.org.br\\\/2016\\\/11\\\/22\\\/estudantes-participam-de-feira-do-conhecimento-em-fernando-de-noronha\\\/\"},\"wordCount\":616,\"commentCount\":0,\"publisher\":{\"@id\":\"https:\\\/\\\/golfinhorotador.org.br\\\/#organization\"},\"image\":{\"@id\":\"https:\\\/\\\/golfinhorotador.org.br\\\/2016\\\/11\\\/22\\\/estudantes-participam-de-feira-do-conhecimento-em-fernando-de-noronha\\\/#primaryimage\"},\"thumbnailUrl\":\"https:\\\/\\\/golfinhorotador.org.br\\\/wp-content\\\/uploads\\\/2025\\\/08\\\/feira-conhecimento-02.jpg\",\"articleSection\":[\"Not\u00edcias\"],\"inLanguage\":\"en-US\",\"potentialAction\":[{\"@type\":\"CommentAction\",\"name\":\"Comment\",\"target\":[\"https:\\\/\\\/golfinhorotador.org.br\\\/2016\\\/11\\\/22\\\/estudantes-participam-de-feira-do-conhecimento-em-fernando-de-noronha\\\/#respond\"]}]},{\"@type\":\"WebPage\",\"@id\":\"https:\\\/\\\/golfinhorotador.org.br\\\/2016\\\/11\\\/22\\\/estudantes-participam-de-feira-do-conhecimento-em-fernando-de-noronha\\\/\",\"url\":\"https:\\\/\\\/golfinhorotador.org.br\\\/2016\\\/11\\\/22\\\/estudantes-participam-de-feira-do-conhecimento-em-fernando-de-noronha\\\/\",\"name\":\"Estudantes participam de Feira do Conhecimento, em Fernando de Noronha - Projeto Golfinho Rotador\",\"isPartOf\":{\"@id\":\"https:\\\/\\\/golfinhorotador.org.br\\\/#website\"},\"primaryImageOfPage\":{\"@id\":\"https:\\\/\\\/golfinhorotador.org.br\\\/2016\\\/11\\\/22\\\/estudantes-participam-de-feira-do-conhecimento-em-fernando-de-noronha\\\/#primaryimage\"},\"image\":{\"@id\":\"https:\\\/\\\/golfinhorotador.org.br\\\/2016\\\/11\\\/22\\\/estudantes-participam-de-feira-do-conhecimento-em-fernando-de-noronha\\\/#primaryimage\"},\"thumbnailUrl\":\"https:\\\/\\\/golfinhorotador.org.br\\\/wp-content\\\/uploads\\\/2025\\\/08\\\/feira-conhecimento-02.jpg\",\"datePublished\":\"2016-11-23T01:45:03+00:00\",\"dateModified\":\"2025-08-08T02:48:16+00:00\",\"breadcrumb\":{\"@id\":\"https:\\\/\\\/golfinhorotador.org.br\\\/2016\\\/11\\\/22\\\/estudantes-participam-de-feira-do-conhecimento-em-fernando-de-noronha\\\/#breadcrumb\"},\"inLanguage\":\"en-US\",\"potentialAction\":[{\"@type\":\"ReadAction\",\"target\":[\"https:\\\/\\\/golfinhorotador.org.br\\\/2016\\\/11\\\/22\\\/estudantes-participam-de-feira-do-conhecimento-em-fernando-de-noronha\\\/\"]}]},{\"@type\":\"ImageObject\",\"inLanguage\":\"en-US\",\"@id\":\"https:\\\/\\\/golfinhorotador.org.br\\\/2016\\\/11\\\/22\\\/estudantes-participam-de-feira-do-conhecimento-em-fernando-de-noronha\\\/#primaryimage\",\"url\":\"https:\\\/\\\/golfinhorotador.org.br\\\/wp-content\\\/uploads\\\/2025\\\/08\\\/feira-conhecimento-02.jpg\",\"contentUrl\":\"https:\\\/\\\/golfinhorotador.org.br\\\/wp-content\\\/uploads\\\/2025\\\/08\\\/feira-conhecimento-02.jpg\",\"width\":1200,\"height\":900},{\"@type\":\"BreadcrumbList\",\"@id\":\"https:\\\/\\\/golfinhorotador.org.br\\\/2016\\\/11\\\/22\\\/estudantes-participam-de-feira-do-conhecimento-em-fernando-de-noronha\\\/#breadcrumb\",\"itemListElement\":[{\"@type\":\"ListItem\",\"position\":1,\"name\":\"In\u00edcio\",\"item\":\"https:\\\/\\\/golfinhorotador.org.br\\\/en\\\/home\\\/\"},{\"@type\":\"ListItem\",\"position\":2,\"name\":\"Estudantes participam de Feira do Conhecimento, em Fernando de Noronha\"}]},{\"@type\":\"WebSite\",\"@id\":\"https:\\\/\\\/golfinhorotador.org.br\\\/#website\",\"url\":\"https:\\\/\\\/golfinhorotador.org.br\\\/\",\"name\":\"Projeto Golfinho Rotador\",\"description\":\"Fernando de Noronha\",\"publisher\":{\"@id\":\"https:\\\/\\\/golfinhorotador.org.br\\\/#organization\"},\"potentialAction\":[{\"@type\":\"SearchAction\",\"target\":{\"@type\":\"EntryPoint\",\"urlTemplate\":\"https:\\\/\\\/golfinhorotador.org.br\\\/?s={search_term_string}\"},\"query-input\":{\"@type\":\"PropertyValueSpecification\",\"valueRequired\":true,\"valueName\":\"search_term_string\"}}],\"inLanguage\":\"en-US\"},{\"@type\":\"Organization\",\"@id\":\"https:\\\/\\\/golfinhorotador.org.br\\\/#organization\",\"name\":\"Projeto Golfinho Rotador\",\"url\":\"https:\\\/\\\/golfinhorotador.org.br\\\/\",\"logo\":{\"@type\":\"ImageObject\",\"inLanguage\":\"en-US\",\"@id\":\"https:\\\/\\\/golfinhorotador.org.br\\\/#\\\/schema\\\/logo\\\/image\\\/\",\"url\":\"https:\\\/\\\/golfinhorotador.org.br\\\/wp-content\\\/uploads\\\/2025\\\/07\\\/Logo-PGR-2025-512.png\",\"contentUrl\":\"https:\\\/\\\/golfinhorotador.org.br\\\/wp-content\\\/uploads\\\/2025\\\/07\\\/Logo-PGR-2025-512.png\",\"width\":512,\"height\":512,\"caption\":\"Projeto Golfinho Rotador\"},\"image\":{\"@id\":\"https:\\\/\\\/golfinhorotador.org.br\\\/#\\\/schema\\\/logo\\\/image\\\/\"},\"sameAs\":[\"https:\\\/\\\/www.facebook.com\\\/Projeto-Golfinho-Rotador-155695874539813\",\"https:\\\/\\\/x.com\\\/golfinhorotador\",\"https:\\\/\\\/www.instagram.com\\\/golfinhorotador\\\/\",\"https:\\\/\\\/www.youtube.com\\\/channel\\\/UCYw-aMfBHbkUU_DimpWJzbw\",\"https:\\\/\\\/www.tiktok.com\\\/@golfinhorotador\"]},{\"@type\":\"Person\",\"@id\":\"https:\\\/\\\/golfinhorotador.org.br\\\/#\\\/schema\\\/person\\\/31c9f545fc127c9e21fc1c5f001269db\",\"name\":\"Projeto Golfinho Rotador\",\"image\":{\"@type\":\"ImageObject\",\"inLanguage\":\"en-US\",\"@id\":\"https:\\\/\\\/secure.gravatar.com\\\/avatar\\\/4e2f6bba9197287956dc1c931a4caed810b09aec9b8f38aa913bd11926fd05d2?s=96&d=mm&r=g\",\"url\":\"https:\\\/\\\/secure.gravatar.com\\\/avatar\\\/4e2f6bba9197287956dc1c931a4caed810b09aec9b8f38aa913bd11926fd05d2?s=96&d=mm&r=g\",\"contentUrl\":\"https:\\\/\\\/secure.gravatar.com\\\/avatar\\\/4e2f6bba9197287956dc1c931a4caed810b09aec9b8f38aa913bd11926fd05d2?s=96&d=mm&r=g\",\"caption\":\"Projeto Golfinho Rotador\"},\"url\":\"https:\\\/\\\/golfinhorotador.org.br\\\/en\\\/author\\\/projeto-golfinho-rotador\\\/\"}]}<\/script>\n<!-- \/ Yoast SEO plugin. -->","yoast_head_json":{"title":"Estudantes participam de Feira do Conhecimento, em Fernando de Noronha - Projeto Golfinho Rotador","robots":{"index":"index","follow":"follow","max-snippet":"max-snippet:-1","max-image-preview":"max-image-preview:large","max-video-preview":"max-video-preview:-1"},"canonical":"https:\/\/golfinhorotador.org.br\/2016\/11\/22\/estudantes-participam-de-feira-do-conhecimento-em-fernando-de-noronha\/","og_locale":"en_US","og_type":"article","og_title":"Estudantes participam de Feira do Conhecimento, em Fernando de Noronha - Projeto Golfinho Rotador","og_description":"Com o tema \u201cHer\u00f3is, quem s\u00e3o?\u201d, os estudantes da Escola de Refer\u00eancia em Ensino M\u00e9dio (EREM) Arquip\u00e9lago Fernando de Noronha realizaram no dia 18 de novembro a Feira de Conhecimento. Entre os her\u00f3is da literatura estavam: Daniel Munduruku, Maur\u00edcio de Sousa e Monteiro Lobato. O local tamb\u00e9m teve espa\u00e7o dedicado as Grandes Inven\u00e7\u00f5es Tecnol\u00f3gicas e [&hellip;]","og_url":"https:\/\/golfinhorotador.org.br\/2016\/11\/22\/estudantes-participam-de-feira-do-conhecimento-em-fernando-de-noronha\/","og_site_name":"Projeto Golfinho Rotador","article_publisher":"https:\/\/www.facebook.com\/Projeto-Golfinho-Rotador-155695874539813","article_published_time":"2016-11-23T01:45:03+00:00","article_modified_time":"2025-08-08T02:48:16+00:00","og_image":[{"width":1200,"height":900,"url":"https:\/\/golfinhorotador.org.br\/wp-content\/uploads\/2025\/08\/feira-conhecimento-02.jpg","type":"image\/jpeg"}],"author":"Projeto Golfinho Rotador","twitter_card":"summary_large_image","twitter_creator":"@golfinhorotador","twitter_site":"@golfinhorotador","twitter_misc":{"Written by":"Projeto Golfinho Rotador","Est. reading time":"3 minutes"},"schema":{"@context":"https:\/\/schema.org","@graph":[{"@type":"Article","@id":"https:\/\/golfinhorotador.org.br\/2016\/11\/22\/estudantes-participam-de-feira-do-conhecimento-em-fernando-de-noronha\/#article","isPartOf":{"@id":"https:\/\/golfinhorotador.org.br\/2016\/11\/22\/estudantes-participam-de-feira-do-conhecimento-em-fernando-de-noronha\/"},"author":{"name":"Projeto Golfinho Rotador","@id":"https:\/\/golfinhorotador.org.br\/#\/schema\/person\/31c9f545fc127c9e21fc1c5f001269db"},"headline":"Estudantes participam de Feira do Conhecimento, em Fernando de Noronha","datePublished":"2016-11-23T01:45:03+00:00","dateModified":"2025-08-08T02:48:16+00:00","mainEntityOfPage":{"@id":"https:\/\/golfinhorotador.org.br\/2016\/11\/22\/estudantes-participam-de-feira-do-conhecimento-em-fernando-de-noronha\/"},"wordCount":616,"commentCount":0,"publisher":{"@id":"https:\/\/golfinhorotador.org.br\/#organization"},"image":{"@id":"https:\/\/golfinhorotador.org.br\/2016\/11\/22\/estudantes-participam-de-feira-do-conhecimento-em-fernando-de-noronha\/#primaryimage"},"thumbnailUrl":"https:\/\/golfinhorotador.org.br\/wp-content\/uploads\/2025\/08\/feira-conhecimento-02.jpg","articleSection":["Not\u00edcias"],"inLanguage":"en-US","potentialAction":[{"@type":"CommentAction","name":"Comment","target":["https:\/\/golfinhorotador.org.br\/2016\/11\/22\/estudantes-participam-de-feira-do-conhecimento-em-fernando-de-noronha\/#respond"]}]},{"@type":"WebPage","@id":"https:\/\/golfinhorotador.org.br\/2016\/11\/22\/estudantes-participam-de-feira-do-conhecimento-em-fernando-de-noronha\/","url":"https:\/\/golfinhorotador.org.br\/2016\/11\/22\/estudantes-participam-de-feira-do-conhecimento-em-fernando-de-noronha\/","name":"Estudantes participam de Feira do Conhecimento, em Fernando de Noronha - Projeto Golfinho Rotador","isPartOf":{"@id":"https:\/\/golfinhorotador.org.br\/#website"},"primaryImageOfPage":{"@id":"https:\/\/golfinhorotador.org.br\/2016\/11\/22\/estudantes-participam-de-feira-do-conhecimento-em-fernando-de-noronha\/#primaryimage"},"image":{"@id":"https:\/\/golfinhorotador.org.br\/2016\/11\/22\/estudantes-participam-de-feira-do-conhecimento-em-fernando-de-noronha\/#primaryimage"},"thumbnailUrl":"https:\/\/golfinhorotador.org.br\/wp-content\/uploads\/2025\/08\/feira-conhecimento-02.jpg","datePublished":"2016-11-23T01:45:03+00:00","dateModified":"2025-08-08T02:48:16+00:00","breadcrumb":{"@id":"https:\/\/golfinhorotador.org.br\/2016\/11\/22\/estudantes-participam-de-feira-do-conhecimento-em-fernando-de-noronha\/#breadcrumb"},"inLanguage":"en-US","potentialAction":[{"@type":"ReadAction","target":["https:\/\/golfinhorotador.org.br\/2016\/11\/22\/estudantes-participam-de-feira-do-conhecimento-em-fernando-de-noronha\/"]}]},{"@type":"ImageObject","inLanguage":"en-US","@id":"https:\/\/golfinhorotador.org.br\/2016\/11\/22\/estudantes-participam-de-feira-do-conhecimento-em-fernando-de-noronha\/#primaryimage","url":"https:\/\/golfinhorotador.org.br\/wp-content\/uploads\/2025\/08\/feira-conhecimento-02.jpg","contentUrl":"https:\/\/golfinhorotador.org.br\/wp-content\/uploads\/2025\/08\/feira-conhecimento-02.jpg","width":1200,"height":900},{"@type":"BreadcrumbList","@id":"https:\/\/golfinhorotador.org.br\/2016\/11\/22\/estudantes-participam-de-feira-do-conhecimento-em-fernando-de-noronha\/#breadcrumb","itemListElement":[{"@type":"ListItem","position":1,"name":"In\u00edcio","item":"https:\/\/golfinhorotador.org.br\/en\/home\/"},{"@type":"ListItem","position":2,"name":"Estudantes participam de Feira do Conhecimento, em Fernando de Noronha"}]},{"@type":"WebSite","@id":"https:\/\/golfinhorotador.org.br\/#website","url":"https:\/\/golfinhorotador.org.br\/","name":"Projeto Golfinho Rotador","description":"Fernando de Noronha","publisher":{"@id":"https:\/\/golfinhorotador.org.br\/#organization"},"potentialAction":[{"@type":"SearchAction","target":{"@type":"EntryPoint","urlTemplate":"https:\/\/golfinhorotador.org.br\/?s={search_term_string}"},"query-input":{"@type":"PropertyValueSpecification","valueRequired":true,"valueName":"search_term_string"}}],"inLanguage":"en-US"},{"@type":"Organization","@id":"https:\/\/golfinhorotador.org.br\/#organization","name":"Projeto Golfinho Rotador","url":"https:\/\/golfinhorotador.org.br\/","logo":{"@type":"ImageObject","inLanguage":"en-US","@id":"https:\/\/golfinhorotador.org.br\/#\/schema\/logo\/image\/","url":"https:\/\/golfinhorotador.org.br\/wp-content\/uploads\/2025\/07\/Logo-PGR-2025-512.png","contentUrl":"https:\/\/golfinhorotador.org.br\/wp-content\/uploads\/2025\/07\/Logo-PGR-2025-512.png","width":512,"height":512,"caption":"Projeto Golfinho Rotador"},"image":{"@id":"https:\/\/golfinhorotador.org.br\/#\/schema\/logo\/image\/"},"sameAs":["https:\/\/www.facebook.com\/Projeto-Golfinho-Rotador-155695874539813","https:\/\/x.com\/golfinhorotador","https:\/\/www.instagram.com\/golfinhorotador\/","https:\/\/www.youtube.com\/channel\/UCYw-aMfBHbkUU_DimpWJzbw","https:\/\/www.tiktok.com\/@golfinhorotador"]},{"@type":"Person","@id":"https:\/\/golfinhorotador.org.br\/#\/schema\/person\/31c9f545fc127c9e21fc1c5f001269db","name":"Projeto Golfinho Rotador","image":{"@type":"ImageObject","inLanguage":"en-US","@id":"https:\/\/secure.gravatar.com\/avatar\/4e2f6bba9197287956dc1c931a4caed810b09aec9b8f38aa913bd11926fd05d2?s=96&d=mm&r=g","url":"https:\/\/secure.gravatar.com\/avatar\/4e2f6bba9197287956dc1c931a4caed810b09aec9b8f38aa913bd11926fd05d2?s=96&d=mm&r=g","contentUrl":"https:\/\/secure.gravatar.com\/avatar\/4e2f6bba9197287956dc1c931a4caed810b09aec9b8f38aa913bd11926fd05d2?s=96&d=mm&r=g","caption":"Projeto Golfinho Rotador"},"url":"https:\/\/golfinhorotador.org.br\/en\/author\/projeto-golfinho-rotador\/"}]}},"_links":{"self":[{"href":"https:\/\/golfinhorotador.org.br\/en\/wp-json\/wp\/v2\/posts\/1480","targetHints":{"allow":["GET"]}}],"collection":[{"href":"https:\/\/golfinhorotador.org.br\/en\/wp-json\/wp\/v2\/posts"}],"about":[{"href":"https:\/\/golfinhorotador.org.br\/en\/wp-json\/wp\/v2\/types\/post"}],"author":[{"embeddable":true,"href":"https:\/\/golfinhorotador.org.br\/en\/wp-json\/wp\/v2\/users\/2"}],"replies":[{"embeddable":true,"href":"https:\/\/golfinhorotador.org.br\/en\/wp-json\/wp\/v2\/comments?post=1480"}],"version-history":[{"count":3,"href":"https:\/\/golfinhorotador.org.br\/en\/wp-json\/wp\/v2\/posts\/1480\/revisions"}],"predecessor-version":[{"id":1485,"href":"https:\/\/golfinhorotador.org.br\/en\/wp-json\/wp\/v2\/posts\/1480\/revisions\/1485"}],"wp:featuredmedia":[{"embeddable":true,"href":"https:\/\/golfinhorotador.org.br\/en\/wp-json\/wp\/v2\/media\/1481"}],"wp:attachment":[{"href":"https:\/\/golfinhorotador.org.br\/en\/wp-json\/wp\/v2\/media?parent=1480"}],"wp:term":[{"taxonomy":"category","embeddable":true,"href":"https:\/\/golfinhorotador.org.br\/en\/wp-json\/wp\/v2\/categories?post=1480"},{"taxonomy":"post_tag","embeddable":true,"href":"https:\/\/golfinhorotador.org.br\/en\/wp-json\/wp\/v2\/tags?post=1480"}],"curies":[{"name":"wp","href":"https:\/\/api.w.org\/{rel}","templated":true}]}}