{"id":1491,"date":"2016-11-28T23:51:10","date_gmt":"2016-11-29T01:51:10","guid":{"rendered":"https:\/\/golfinhorotador.org.br\/?p=1491"},"modified":"2025-08-07T23:55:38","modified_gmt":"2025-08-08T02:55:38","slug":"atletas-apoiados-pelo-projeto-golfinho-rotador-se-destacam-na-21k-noronha","status":"publish","type":"post","link":"https:\/\/golfinhorotador.org.br\/en\/2016\/11\/28\/atletas-apoiados-pelo-projeto-golfinho-rotador-se-destacam-na-21k-noronha\/","title":{"rendered":"Atletas apoiados pelo Projeto Golfinho Rotador se destacam na 21k Noronha"},"content":{"rendered":"<figure id=\"attachment_1493\" aria-describedby=\"caption-attachment-1493\" style=\"width: 500px\" class=\"wp-caption alignleft\"><a href=\"https:\/\/golfinhorotador.org.br\/wp-content\/uploads\/2025\/08\/Ademir_Ventura.jpg\"><img fetchpriority=\"high\" decoding=\"async\" class=\"wp-image-1493\" src=\"https:\/\/golfinhorotador.org.br\/wp-content\/uploads\/2025\/08\/Ademir_Ventura.jpg\" alt=\"\" width=\"500\" height=\"375\" srcset=\"https:\/\/golfinhorotador.org.br\/wp-content\/uploads\/2025\/08\/Ademir_Ventura.jpg 1280w, https:\/\/golfinhorotador.org.br\/wp-content\/uploads\/2025\/08\/Ademir_Ventura-300x225.jpg 300w, https:\/\/golfinhorotador.org.br\/wp-content\/uploads\/2025\/08\/Ademir_Ventura-1024x768.jpg 1024w, https:\/\/golfinhorotador.org.br\/wp-content\/uploads\/2025\/08\/Ademir_Ventura-768x576.jpg 768w\" sizes=\"(max-width: 500px) 100vw, 500px\" \/><\/a><figcaption id=\"caption-attachment-1493\" class=\"wp-caption-text\">O atleta Ademir Ventura durante trecho da 21k Noronha na Praia da Concei\u00e7\u00e3o<\/figcaption><\/figure>\n<p>Asfalto, trilhas e belas praias. Este foi o cen\u00e1rio que os atletas encontraram na corrida 21k Noronha, que aconteceu no dia 26 de novembro no Arquip\u00e9lago de Fernando de Noronha. O Projeto Golfinho Rotador apoiou a equipe Trunk Noronha que subiu no p\u00f3dio com C\u00e9sar Broca (1\u00ba lugar geral), Felipe Rog\u00e9rio (3\u00ba lugar, percurso 8km) e Ademir Ventura (3\u00ba lugar categoria morador).<\/p>\n<p>O trail running \u00e9 uma modalidade de corrida que tem como caracter\u00edstica a varia\u00e7\u00e3o de relevo. Em Fernando de Noronha, os atletas se depararam com trechos de terra, areia e asfalto. \u201cO trail running \u00e9 um estilo de prova que exige muitas t\u00e9cnicas de corrida, pois o atleta se depara, na mesma prova, com trechos distintos que exigem t\u00e9cnicas espec\u00edficas\u201d, explicou o atleta Ademir Ventura, que \u00e9 coordenador financeiro do Projeto Golfinho Rotador.<\/p>\n<figure id=\"attachment_1495\" aria-describedby=\"caption-attachment-1495\" style=\"width: 500px\" class=\"wp-caption alignright\"><a href=\"https:\/\/golfinhorotador.org.br\/wp-content\/uploads\/2016\/11\/Cesar_Broca_Ademir-_Ventura.jpg\"><img decoding=\"async\" class=\"wp-image-1495\" src=\"https:\/\/golfinhorotador.org.br\/wp-content\/uploads\/2016\/11\/Cesar_Broca_Ademir-_Ventura.jpg\" alt=\"\" width=\"500\" height=\"667\" srcset=\"https:\/\/golfinhorotador.org.br\/wp-content\/uploads\/2016\/11\/Cesar_Broca_Ademir-_Ventura.jpg 600w, https:\/\/golfinhorotador.org.br\/wp-content\/uploads\/2016\/11\/Cesar_Broca_Ademir-_Ventura-225x300.jpg 225w\" sizes=\"(max-width: 500px) 100vw, 500px\" \/><\/a><figcaption id=\"caption-attachment-1495\" class=\"wp-caption-text\">C\u00e9sar Broca conquistou o primeiro lugar na 21k Noronha e Ademir Ventura o 10\u00ba lugar gera<\/figcaption><\/figure>\n<p>&nbsp;<\/p>\n<p>A largada e a chegada da competi\u00e7\u00e3o aconteceram no Porto de Santo Ant\u00f4nio. O tempo limite para a conclus\u00e3o da prova foi de 3h30min, na categoria 21 quil\u00f4metros. E de 1h30min na categoria 8 quil\u00f4metros. O atleta C\u00e9sar Broca foi o campe\u00e3o da competi\u00e7\u00e3o, com o tempo de 1h38min. Ademir Ventura conquistou o 10\u00ba lugar geral e o 3\u00ba na categoria morador. Ele finalizou o percurso em 1h48min. J\u00e1 Felipe Rog\u00e9rio conquistou o 3\u00ba lugar na prova de 8km. Os tr\u00eas s\u00e3o atletas apoiados pelo Projeto Golfinho Rotador.<\/p>\n<p>De acordo com a organiza\u00e7\u00e3o do evento, a proposta da 21k Noronha \u00e9 oferecer aos atletas uma experi\u00eancia \u00fanica: a supera\u00e7\u00e3o de limites em uma meia maratona no para\u00edso. A 21k Noronha finaliza o calend\u00e1rio de corridas no Arquip\u00e9lago de Fernando de Noronha. Mas para Ademir Ventura, o calend\u00e1rio s\u00f3 termina ap\u00f3s a VII Maratona Internacional Maur\u00edcio de Nassau, que acontece no dia 3 de dezembro na cidade de Recife (PE). \u201cTenho como um dos meus objetivos vencer a 21k Noronha e me tornar o primeiro morador de Fernando de Noronha a ser campe\u00e3o\u201d, finalizou o atleta.<\/p>\n<p style=\"clear: both;\">O Projeto Golfinho Rotador \u00e9 executado pela ONG Centro Golfinho Rotador, tem coordena\u00e7\u00e3o do ICMBio e patroc\u00ednio oficial da Petrobras, por meio do Programa Petrobras Socioambiental.<\/p>\n<h5 style=\"text-align: center;\">SEJA AMIG@ DOS GOLFINHOS!<\/h5>\n<p>&nbsp;<\/p>\n<p style=\"text-align: center;\">Torne-se s\u00f3cio colaborador para ajudar a pesquisa e conserva\u00e7\u00e3o dos\u00a0golfinhos-rotadores e de Fernando de Noronha!<\/p>\n<p style=\"text-align: center;\">Saiba como acessando <a href=\"https:\/\/golfinhorotador.org.br\/seja-amigo-dos-golfinhos\/\">https:\/\/golfinhorotador.org.br\/seja-amigo-dos-golfinhos\/<\/a><\/p>\n<p>&nbsp;<\/p>\n<p><strong><em>Assessoria de Comunica\u00e7\u00e3o do Projeto Golfinho Rotador<\/em><\/strong><\/p>\n","protected":false},"excerpt":{"rendered":"<p>Asfalto, trilhas e belas praias. Este foi o cen\u00e1rio que os atletas encontraram na corrida 21k Noronha, que aconteceu no dia 26 de novembro no Arquip\u00e9lago de Fernando de Noronha. O Projeto Golfinho Rotador apoiou a equipe Trunk Noronha que subiu no p\u00f3dio com C\u00e9sar Broca (1\u00ba lugar geral), Felipe Rog\u00e9rio (3\u00ba lugar, percurso 8km) [&hellip;]<\/p>\n","protected":false},"author":2,"featured_media":1492,"comment_status":"open","ping_status":"open","sticky":false,"template":"","format":"standard","meta":{"_acf_changed":false,"footnotes":""},"categories":[9],"tags":[],"class_list":["post-1491","post","type-post","status-publish","format-standard","has-post-thumbnail","hentry","category-noticias"],"acf":{"exibir_imagem_destacada":"Sim"},"yoast_head":"<!-- This site is optimized with the Yoast SEO plugin v27.5 - https:\/\/yoast.com\/product\/yoast-seo-wordpress\/ -->\n<title>Atletas apoiados pelo Projeto Golfinho Rotador se destacam na 21k Noronha - Projeto Golfinho Rotador<\/title>\n<meta name=\"robots\" content=\"index, follow, max-snippet:-1, max-image-preview:large, max-video-preview:-1\" \/>\n<link rel=\"canonical\" href=\"https:\/\/golfinhorotador.org.br\/2016\/11\/28\/atletas-apoiados-pelo-projeto-golfinho-rotador-se-destacam-na-21k-noronha\/\" \/>\n<meta property=\"og:locale\" content=\"en_US\" \/>\n<meta property=\"og:type\" content=\"article\" \/>\n<meta property=\"og:title\" content=\"Atletas apoiados pelo Projeto Golfinho Rotador se destacam na 21k Noronha - Projeto Golfinho Rotador\" \/>\n<meta property=\"og:description\" content=\"Asfalto, trilhas e belas praias. Este foi o cen\u00e1rio que os atletas encontraram na corrida 21k Noronha, que aconteceu no dia 26 de novembro no Arquip\u00e9lago de Fernando de Noronha. O Projeto Golfinho Rotador apoiou a equipe Trunk Noronha que subiu no p\u00f3dio com C\u00e9sar Broca (1\u00ba lugar geral), Felipe Rog\u00e9rio (3\u00ba lugar, percurso 8km) [&hellip;]\" \/>\n<meta property=\"og:url\" content=\"https:\/\/golfinhorotador.org.br\/2016\/11\/28\/atletas-apoiados-pelo-projeto-golfinho-rotador-se-destacam-na-21k-noronha\/\" \/>\n<meta property=\"og:site_name\" content=\"Projeto Golfinho Rotador\" \/>\n<meta property=\"article:publisher\" content=\"https:\/\/www.facebook.com\/Projeto-Golfinho-Rotador-155695874539813\" \/>\n<meta property=\"article:published_time\" content=\"2016-11-29T01:51:10+00:00\" \/>\n<meta property=\"article:modified_time\" content=\"2025-08-08T02:55:38+00:00\" \/>\n<meta property=\"og:image\" content=\"https:\/\/golfinhorotador.org.br\/wp-content\/uploads\/2025\/08\/Felipe-_Rogerio_ademir_ventura-v2.jpg\" \/>\n\t<meta property=\"og:image:width\" content=\"1000\" \/>\n\t<meta property=\"og:image:height\" content=\"750\" \/>\n\t<meta property=\"og:image:type\" content=\"image\/jpeg\" \/>\n<meta name=\"author\" content=\"Projeto Golfinho Rotador\" \/>\n<meta name=\"twitter:card\" content=\"summary_large_image\" \/>\n<meta name=\"twitter:creator\" content=\"@golfinhorotador\" \/>\n<meta name=\"twitter:site\" content=\"@golfinhorotador\" \/>\n<meta name=\"twitter:label1\" content=\"Written by\" \/>\n\t<meta name=\"twitter:data1\" content=\"Projeto Golfinho Rotador\" \/>\n\t<meta name=\"twitter:label2\" content=\"Est. reading time\" \/>\n\t<meta name=\"twitter:data2\" content=\"2 minutes\" \/>\n<script type=\"application\/ld+json\" class=\"yoast-schema-graph\">{\"@context\":\"https:\\\/\\\/schema.org\",\"@graph\":[{\"@type\":\"Article\",\"@id\":\"https:\\\/\\\/golfinhorotador.org.br\\\/2016\\\/11\\\/28\\\/atletas-apoiados-pelo-projeto-golfinho-rotador-se-destacam-na-21k-noronha\\\/#article\",\"isPartOf\":{\"@id\":\"https:\\\/\\\/golfinhorotador.org.br\\\/2016\\\/11\\\/28\\\/atletas-apoiados-pelo-projeto-golfinho-rotador-se-destacam-na-21k-noronha\\\/\"},\"author\":{\"name\":\"Projeto Golfinho Rotador\",\"@id\":\"https:\\\/\\\/golfinhorotador.org.br\\\/#\\\/schema\\\/person\\\/31c9f545fc127c9e21fc1c5f001269db\"},\"headline\":\"Atletas apoiados pelo Projeto Golfinho Rotador se destacam na 21k Noronha\",\"datePublished\":\"2016-11-29T01:51:10+00:00\",\"dateModified\":\"2025-08-08T02:55:38+00:00\",\"mainEntityOfPage\":{\"@id\":\"https:\\\/\\\/golfinhorotador.org.br\\\/2016\\\/11\\\/28\\\/atletas-apoiados-pelo-projeto-golfinho-rotador-se-destacam-na-21k-noronha\\\/\"},\"wordCount\":464,\"commentCount\":0,\"publisher\":{\"@id\":\"https:\\\/\\\/golfinhorotador.org.br\\\/#organization\"},\"image\":{\"@id\":\"https:\\\/\\\/golfinhorotador.org.br\\\/2016\\\/11\\\/28\\\/atletas-apoiados-pelo-projeto-golfinho-rotador-se-destacam-na-21k-noronha\\\/#primaryimage\"},\"thumbnailUrl\":\"https:\\\/\\\/golfinhorotador.org.br\\\/wp-content\\\/uploads\\\/2025\\\/08\\\/Felipe-_Rogerio_ademir_ventura-v2.jpg\",\"articleSection\":[\"Not\u00edcias\"],\"inLanguage\":\"en-US\",\"potentialAction\":[{\"@type\":\"CommentAction\",\"name\":\"Comment\",\"target\":[\"https:\\\/\\\/golfinhorotador.org.br\\\/2016\\\/11\\\/28\\\/atletas-apoiados-pelo-projeto-golfinho-rotador-se-destacam-na-21k-noronha\\\/#respond\"]}]},{\"@type\":\"WebPage\",\"@id\":\"https:\\\/\\\/golfinhorotador.org.br\\\/2016\\\/11\\\/28\\\/atletas-apoiados-pelo-projeto-golfinho-rotador-se-destacam-na-21k-noronha\\\/\",\"url\":\"https:\\\/\\\/golfinhorotador.org.br\\\/2016\\\/11\\\/28\\\/atletas-apoiados-pelo-projeto-golfinho-rotador-se-destacam-na-21k-noronha\\\/\",\"name\":\"Atletas apoiados pelo Projeto Golfinho Rotador se destacam na 21k Noronha - Projeto Golfinho Rotador\",\"isPartOf\":{\"@id\":\"https:\\\/\\\/golfinhorotador.org.br\\\/#website\"},\"primaryImageOfPage\":{\"@id\":\"https:\\\/\\\/golfinhorotador.org.br\\\/2016\\\/11\\\/28\\\/atletas-apoiados-pelo-projeto-golfinho-rotador-se-destacam-na-21k-noronha\\\/#primaryimage\"},\"image\":{\"@id\":\"https:\\\/\\\/golfinhorotador.org.br\\\/2016\\\/11\\\/28\\\/atletas-apoiados-pelo-projeto-golfinho-rotador-se-destacam-na-21k-noronha\\\/#primaryimage\"},\"thumbnailUrl\":\"https:\\\/\\\/golfinhorotador.org.br\\\/wp-content\\\/uploads\\\/2025\\\/08\\\/Felipe-_Rogerio_ademir_ventura-v2.jpg\",\"datePublished\":\"2016-11-29T01:51:10+00:00\",\"dateModified\":\"2025-08-08T02:55:38+00:00\",\"breadcrumb\":{\"@id\":\"https:\\\/\\\/golfinhorotador.org.br\\\/2016\\\/11\\\/28\\\/atletas-apoiados-pelo-projeto-golfinho-rotador-se-destacam-na-21k-noronha\\\/#breadcrumb\"},\"inLanguage\":\"en-US\",\"potentialAction\":[{\"@type\":\"ReadAction\",\"target\":[\"https:\\\/\\\/golfinhorotador.org.br\\\/2016\\\/11\\\/28\\\/atletas-apoiados-pelo-projeto-golfinho-rotador-se-destacam-na-21k-noronha\\\/\"]}]},{\"@type\":\"ImageObject\",\"inLanguage\":\"en-US\",\"@id\":\"https:\\\/\\\/golfinhorotador.org.br\\\/2016\\\/11\\\/28\\\/atletas-apoiados-pelo-projeto-golfinho-rotador-se-destacam-na-21k-noronha\\\/#primaryimage\",\"url\":\"https:\\\/\\\/golfinhorotador.org.br\\\/wp-content\\\/uploads\\\/2025\\\/08\\\/Felipe-_Rogerio_ademir_ventura-v2.jpg\",\"contentUrl\":\"https:\\\/\\\/golfinhorotador.org.br\\\/wp-content\\\/uploads\\\/2025\\\/08\\\/Felipe-_Rogerio_ademir_ventura-v2.jpg\",\"width\":1000,\"height\":750,\"caption\":\"Os atletas Felipe Rog\u00e9rio e Ademir Ventura t\u00eam o apoio do Projeto Golfinho Rotador\"},{\"@type\":\"BreadcrumbList\",\"@id\":\"https:\\\/\\\/golfinhorotador.org.br\\\/2016\\\/11\\\/28\\\/atletas-apoiados-pelo-projeto-golfinho-rotador-se-destacam-na-21k-noronha\\\/#breadcrumb\",\"itemListElement\":[{\"@type\":\"ListItem\",\"position\":1,\"name\":\"In\u00edcio\",\"item\":\"https:\\\/\\\/golfinhorotador.org.br\\\/en\\\/home\\\/\"},{\"@type\":\"ListItem\",\"position\":2,\"name\":\"Atletas apoiados pelo Projeto Golfinho Rotador se destacam na 21k Noronha\"}]},{\"@type\":\"WebSite\",\"@id\":\"https:\\\/\\\/golfinhorotador.org.br\\\/#website\",\"url\":\"https:\\\/\\\/golfinhorotador.org.br\\\/\",\"name\":\"Projeto Golfinho Rotador\",\"description\":\"Fernando de Noronha\",\"publisher\":{\"@id\":\"https:\\\/\\\/golfinhorotador.org.br\\\/#organization\"},\"potentialAction\":[{\"@type\":\"SearchAction\",\"target\":{\"@type\":\"EntryPoint\",\"urlTemplate\":\"https:\\\/\\\/golfinhorotador.org.br\\\/?s={search_term_string}\"},\"query-input\":{\"@type\":\"PropertyValueSpecification\",\"valueRequired\":true,\"valueName\":\"search_term_string\"}}],\"inLanguage\":\"en-US\"},{\"@type\":\"Organization\",\"@id\":\"https:\\\/\\\/golfinhorotador.org.br\\\/#organization\",\"name\":\"Projeto Golfinho Rotador\",\"url\":\"https:\\\/\\\/golfinhorotador.org.br\\\/\",\"logo\":{\"@type\":\"ImageObject\",\"inLanguage\":\"en-US\",\"@id\":\"https:\\\/\\\/golfinhorotador.org.br\\\/#\\\/schema\\\/logo\\\/image\\\/\",\"url\":\"https:\\\/\\\/golfinhorotador.org.br\\\/wp-content\\\/uploads\\\/2025\\\/07\\\/Logo-PGR-2025-512.png\",\"contentUrl\":\"https:\\\/\\\/golfinhorotador.org.br\\\/wp-content\\\/uploads\\\/2025\\\/07\\\/Logo-PGR-2025-512.png\",\"width\":512,\"height\":512,\"caption\":\"Projeto Golfinho Rotador\"},\"image\":{\"@id\":\"https:\\\/\\\/golfinhorotador.org.br\\\/#\\\/schema\\\/logo\\\/image\\\/\"},\"sameAs\":[\"https:\\\/\\\/www.facebook.com\\\/Projeto-Golfinho-Rotador-155695874539813\",\"https:\\\/\\\/x.com\\\/golfinhorotador\",\"https:\\\/\\\/www.instagram.com\\\/golfinhorotador\\\/\",\"https:\\\/\\\/www.youtube.com\\\/channel\\\/UCYw-aMfBHbkUU_DimpWJzbw\",\"https:\\\/\\\/www.tiktok.com\\\/@golfinhorotador\"]},{\"@type\":\"Person\",\"@id\":\"https:\\\/\\\/golfinhorotador.org.br\\\/#\\\/schema\\\/person\\\/31c9f545fc127c9e21fc1c5f001269db\",\"name\":\"Projeto Golfinho Rotador\",\"image\":{\"@type\":\"ImageObject\",\"inLanguage\":\"en-US\",\"@id\":\"https:\\\/\\\/secure.gravatar.com\\\/avatar\\\/4e2f6bba9197287956dc1c931a4caed810b09aec9b8f38aa913bd11926fd05d2?s=96&d=mm&r=g\",\"url\":\"https:\\\/\\\/secure.gravatar.com\\\/avatar\\\/4e2f6bba9197287956dc1c931a4caed810b09aec9b8f38aa913bd11926fd05d2?s=96&d=mm&r=g\",\"contentUrl\":\"https:\\\/\\\/secure.gravatar.com\\\/avatar\\\/4e2f6bba9197287956dc1c931a4caed810b09aec9b8f38aa913bd11926fd05d2?s=96&d=mm&r=g\",\"caption\":\"Projeto Golfinho Rotador\"},\"url\":\"https:\\\/\\\/golfinhorotador.org.br\\\/en\\\/author\\\/projeto-golfinho-rotador\\\/\"}]}<\/script>\n<!-- \/ Yoast SEO plugin. -->","yoast_head_json":{"title":"Atletas apoiados pelo Projeto Golfinho Rotador se destacam na 21k Noronha - Projeto Golfinho Rotador","robots":{"index":"index","follow":"follow","max-snippet":"max-snippet:-1","max-image-preview":"max-image-preview:large","max-video-preview":"max-video-preview:-1"},"canonical":"https:\/\/golfinhorotador.org.br\/2016\/11\/28\/atletas-apoiados-pelo-projeto-golfinho-rotador-se-destacam-na-21k-noronha\/","og_locale":"en_US","og_type":"article","og_title":"Atletas apoiados pelo Projeto Golfinho Rotador se destacam na 21k Noronha - Projeto Golfinho Rotador","og_description":"Asfalto, trilhas e belas praias. Este foi o cen\u00e1rio que os atletas encontraram na corrida 21k Noronha, que aconteceu no dia 26 de novembro no Arquip\u00e9lago de Fernando de Noronha. O Projeto Golfinho Rotador apoiou a equipe Trunk Noronha que subiu no p\u00f3dio com C\u00e9sar Broca (1\u00ba lugar geral), Felipe Rog\u00e9rio (3\u00ba lugar, percurso 8km) [&hellip;]","og_url":"https:\/\/golfinhorotador.org.br\/2016\/11\/28\/atletas-apoiados-pelo-projeto-golfinho-rotador-se-destacam-na-21k-noronha\/","og_site_name":"Projeto Golfinho Rotador","article_publisher":"https:\/\/www.facebook.com\/Projeto-Golfinho-Rotador-155695874539813","article_published_time":"2016-11-29T01:51:10+00:00","article_modified_time":"2025-08-08T02:55:38+00:00","og_image":[{"width":1000,"height":750,"url":"https:\/\/golfinhorotador.org.br\/wp-content\/uploads\/2025\/08\/Felipe-_Rogerio_ademir_ventura-v2.jpg","type":"image\/jpeg"}],"author":"Projeto Golfinho Rotador","twitter_card":"summary_large_image","twitter_creator":"@golfinhorotador","twitter_site":"@golfinhorotador","twitter_misc":{"Written by":"Projeto Golfinho Rotador","Est. reading time":"2 minutes"},"schema":{"@context":"https:\/\/schema.org","@graph":[{"@type":"Article","@id":"https:\/\/golfinhorotador.org.br\/2016\/11\/28\/atletas-apoiados-pelo-projeto-golfinho-rotador-se-destacam-na-21k-noronha\/#article","isPartOf":{"@id":"https:\/\/golfinhorotador.org.br\/2016\/11\/28\/atletas-apoiados-pelo-projeto-golfinho-rotador-se-destacam-na-21k-noronha\/"},"author":{"name":"Projeto Golfinho Rotador","@id":"https:\/\/golfinhorotador.org.br\/#\/schema\/person\/31c9f545fc127c9e21fc1c5f001269db"},"headline":"Atletas apoiados pelo Projeto Golfinho Rotador se destacam na 21k Noronha","datePublished":"2016-11-29T01:51:10+00:00","dateModified":"2025-08-08T02:55:38+00:00","mainEntityOfPage":{"@id":"https:\/\/golfinhorotador.org.br\/2016\/11\/28\/atletas-apoiados-pelo-projeto-golfinho-rotador-se-destacam-na-21k-noronha\/"},"wordCount":464,"commentCount":0,"publisher":{"@id":"https:\/\/golfinhorotador.org.br\/#organization"},"image":{"@id":"https:\/\/golfinhorotador.org.br\/2016\/11\/28\/atletas-apoiados-pelo-projeto-golfinho-rotador-se-destacam-na-21k-noronha\/#primaryimage"},"thumbnailUrl":"https:\/\/golfinhorotador.org.br\/wp-content\/uploads\/2025\/08\/Felipe-_Rogerio_ademir_ventura-v2.jpg","articleSection":["Not\u00edcias"],"inLanguage":"en-US","potentialAction":[{"@type":"CommentAction","name":"Comment","target":["https:\/\/golfinhorotador.org.br\/2016\/11\/28\/atletas-apoiados-pelo-projeto-golfinho-rotador-se-destacam-na-21k-noronha\/#respond"]}]},{"@type":"WebPage","@id":"https:\/\/golfinhorotador.org.br\/2016\/11\/28\/atletas-apoiados-pelo-projeto-golfinho-rotador-se-destacam-na-21k-noronha\/","url":"https:\/\/golfinhorotador.org.br\/2016\/11\/28\/atletas-apoiados-pelo-projeto-golfinho-rotador-se-destacam-na-21k-noronha\/","name":"Atletas apoiados pelo Projeto Golfinho Rotador se destacam na 21k Noronha - Projeto Golfinho Rotador","isPartOf":{"@id":"https:\/\/golfinhorotador.org.br\/#website"},"primaryImageOfPage":{"@id":"https:\/\/golfinhorotador.org.br\/2016\/11\/28\/atletas-apoiados-pelo-projeto-golfinho-rotador-se-destacam-na-21k-noronha\/#primaryimage"},"image":{"@id":"https:\/\/golfinhorotador.org.br\/2016\/11\/28\/atletas-apoiados-pelo-projeto-golfinho-rotador-se-destacam-na-21k-noronha\/#primaryimage"},"thumbnailUrl":"https:\/\/golfinhorotador.org.br\/wp-content\/uploads\/2025\/08\/Felipe-_Rogerio_ademir_ventura-v2.jpg","datePublished":"2016-11-29T01:51:10+00:00","dateModified":"2025-08-08T02:55:38+00:00","breadcrumb":{"@id":"https:\/\/golfinhorotador.org.br\/2016\/11\/28\/atletas-apoiados-pelo-projeto-golfinho-rotador-se-destacam-na-21k-noronha\/#breadcrumb"},"inLanguage":"en-US","potentialAction":[{"@type":"ReadAction","target":["https:\/\/golfinhorotador.org.br\/2016\/11\/28\/atletas-apoiados-pelo-projeto-golfinho-rotador-se-destacam-na-21k-noronha\/"]}]},{"@type":"ImageObject","inLanguage":"en-US","@id":"https:\/\/golfinhorotador.org.br\/2016\/11\/28\/atletas-apoiados-pelo-projeto-golfinho-rotador-se-destacam-na-21k-noronha\/#primaryimage","url":"https:\/\/golfinhorotador.org.br\/wp-content\/uploads\/2025\/08\/Felipe-_Rogerio_ademir_ventura-v2.jpg","contentUrl":"https:\/\/golfinhorotador.org.br\/wp-content\/uploads\/2025\/08\/Felipe-_Rogerio_ademir_ventura-v2.jpg","width":1000,"height":750,"caption":"Os atletas Felipe Rog\u00e9rio e Ademir Ventura t\u00eam o apoio do Projeto Golfinho Rotador"},{"@type":"BreadcrumbList","@id":"https:\/\/golfinhorotador.org.br\/2016\/11\/28\/atletas-apoiados-pelo-projeto-golfinho-rotador-se-destacam-na-21k-noronha\/#breadcrumb","itemListElement":[{"@type":"ListItem","position":1,"name":"In\u00edcio","item":"https:\/\/golfinhorotador.org.br\/en\/home\/"},{"@type":"ListItem","position":2,"name":"Atletas apoiados pelo Projeto Golfinho Rotador se destacam na 21k Noronha"}]},{"@type":"WebSite","@id":"https:\/\/golfinhorotador.org.br\/#website","url":"https:\/\/golfinhorotador.org.br\/","name":"Projeto Golfinho Rotador","description":"Fernando de Noronha","publisher":{"@id":"https:\/\/golfinhorotador.org.br\/#organization"},"potentialAction":[{"@type":"SearchAction","target":{"@type":"EntryPoint","urlTemplate":"https:\/\/golfinhorotador.org.br\/?s={search_term_string}"},"query-input":{"@type":"PropertyValueSpecification","valueRequired":true,"valueName":"search_term_string"}}],"inLanguage":"en-US"},{"@type":"Organization","@id":"https:\/\/golfinhorotador.org.br\/#organization","name":"Projeto Golfinho Rotador","url":"https:\/\/golfinhorotador.org.br\/","logo":{"@type":"ImageObject","inLanguage":"en-US","@id":"https:\/\/golfinhorotador.org.br\/#\/schema\/logo\/image\/","url":"https:\/\/golfinhorotador.org.br\/wp-content\/uploads\/2025\/07\/Logo-PGR-2025-512.png","contentUrl":"https:\/\/golfinhorotador.org.br\/wp-content\/uploads\/2025\/07\/Logo-PGR-2025-512.png","width":512,"height":512,"caption":"Projeto Golfinho Rotador"},"image":{"@id":"https:\/\/golfinhorotador.org.br\/#\/schema\/logo\/image\/"},"sameAs":["https:\/\/www.facebook.com\/Projeto-Golfinho-Rotador-155695874539813","https:\/\/x.com\/golfinhorotador","https:\/\/www.instagram.com\/golfinhorotador\/","https:\/\/www.youtube.com\/channel\/UCYw-aMfBHbkUU_DimpWJzbw","https:\/\/www.tiktok.com\/@golfinhorotador"]},{"@type":"Person","@id":"https:\/\/golfinhorotador.org.br\/#\/schema\/person\/31c9f545fc127c9e21fc1c5f001269db","name":"Projeto Golfinho Rotador","image":{"@type":"ImageObject","inLanguage":"en-US","@id":"https:\/\/secure.gravatar.com\/avatar\/4e2f6bba9197287956dc1c931a4caed810b09aec9b8f38aa913bd11926fd05d2?s=96&d=mm&r=g","url":"https:\/\/secure.gravatar.com\/avatar\/4e2f6bba9197287956dc1c931a4caed810b09aec9b8f38aa913bd11926fd05d2?s=96&d=mm&r=g","contentUrl":"https:\/\/secure.gravatar.com\/avatar\/4e2f6bba9197287956dc1c931a4caed810b09aec9b8f38aa913bd11926fd05d2?s=96&d=mm&r=g","caption":"Projeto Golfinho Rotador"},"url":"https:\/\/golfinhorotador.org.br\/en\/author\/projeto-golfinho-rotador\/"}]}},"_links":{"self":[{"href":"https:\/\/golfinhorotador.org.br\/en\/wp-json\/wp\/v2\/posts\/1491","targetHints":{"allow":["GET"]}}],"collection":[{"href":"https:\/\/golfinhorotador.org.br\/en\/wp-json\/wp\/v2\/posts"}],"about":[{"href":"https:\/\/golfinhorotador.org.br\/en\/wp-json\/wp\/v2\/types\/post"}],"author":[{"embeddable":true,"href":"https:\/\/golfinhorotador.org.br\/en\/wp-json\/wp\/v2\/users\/2"}],"replies":[{"embeddable":true,"href":"https:\/\/golfinhorotador.org.br\/en\/wp-json\/wp\/v2\/comments?post=1491"}],"version-history":[{"count":5,"href":"https:\/\/golfinhorotador.org.br\/en\/wp-json\/wp\/v2\/posts\/1491\/revisions"}],"predecessor-version":[{"id":1499,"href":"https:\/\/golfinhorotador.org.br\/en\/wp-json\/wp\/v2\/posts\/1491\/revisions\/1499"}],"wp:featuredmedia":[{"embeddable":true,"href":"https:\/\/golfinhorotador.org.br\/en\/wp-json\/wp\/v2\/media\/1492"}],"wp:attachment":[{"href":"https:\/\/golfinhorotador.org.br\/en\/wp-json\/wp\/v2\/media?parent=1491"}],"wp:term":[{"taxonomy":"category","embeddable":true,"href":"https:\/\/golfinhorotador.org.br\/en\/wp-json\/wp\/v2\/categories?post=1491"},{"taxonomy":"post_tag","embeddable":true,"href":"https:\/\/golfinhorotador.org.br\/en\/wp-json\/wp\/v2\/tags?post=1491"}],"curies":[{"name":"wp","href":"https:\/\/api.w.org\/{rel}","templated":true}]}}