{"id":2585,"date":"2020-06-08T13:39:05","date_gmt":"2020-06-08T16:39:05","guid":{"rendered":"https:\/\/golfinhorotador.org.br\/?p=2585"},"modified":"2025-08-09T13:40:16","modified_gmt":"2025-08-09T16:40:16","slug":"dia-mundial-dos-oceanos-2020","status":"publish","type":"post","link":"https:\/\/golfinhorotador.org.br\/en\/2020\/06\/08\/dia-mundial-dos-oceanos-2020\/","title":{"rendered":"Dia Mundial dos Oceanos 2020"},"content":{"rendered":"<p>Os oceanos, que cobrem tr\u00eas quartos da superf\u00edcie terrestre, s\u00e3o celebrados em todo o mundo nesta segunda (8). Para comemorar a data, o Projeto Golfinho Rotador realiza uma live, \u00e0s 16h, pelo seu perfil no Instagram: @golfinhorotador.<\/p>\n<p>A transmiss\u00e3o ao vivo contar\u00e1 com dois nobres convidados: os bi\u00f3logos Jo\u00e3o Paulo Krajewski e Roberta Bonaldo. A coordenadora de Educa\u00e7\u00e3o Ambiental e Sustentabilidade do Projeto golfinho Rotador, Cynthia Gerling, conversar\u00e1 com o casal de documentaristas, que tem registrado imagens da natureza ao redor do mundo.<\/p>\n<p>Jo\u00e3o Paulo e Roberta, conhecidos por apresentar o quadro Doming\u00e3o Aventura no programa dominical da Rede Globo Doming\u00e3o do Faust\u00e3o, t\u00eam como mais recente trabalho a s\u00e9rie Vida no Azul. Em 12 epis\u00f3dios, foi exibida pelo canal de TV por assinatura Animal Planet. Jo\u00e3o Paulo e Roberta tamb\u00e9m t\u00eam uma longa hist\u00f3ria com Fernando de Noronha e com o Projeto Golfinho Rotador. Ambos foram orientados pelo Dr. Ivan Sazima em seus mestrados sobre peixes recifais de Noronha, sempre em parceria com o Projeto Golfinho Rotador.<\/p>\n<p>Os oceanos cont\u00eam 97% da \u00e1gua e representam 99% do espa\u00e7o vital do planeta em volume. Segundo as Na\u00e7\u00f5es Unidas, mais de 3 bilh\u00f5es de pessoas dependem da biodiversidade marinha e costeira para sua subsist\u00eancia.<\/p>\n<p>Atualmente os oceanos sofrem graves consequ\u00eancias do desenvolvimento insustent\u00e1vel. As tr\u00eas piores s\u00e3o mudan\u00e7as clim\u00e1ticas, res\u00edduos s\u00f3lidos e pesca insustent\u00e1vel.<\/p>\n<p>As Na\u00e7\u00f5es Unidas comemoram o Dia Mundial dos Oceanos todos os anos, em 8 de junho. Muitos pa\u00edses comemoram esse dia especial desde 1992, ap\u00f3s a Confer\u00eancia das Na\u00e7\u00f5es Unidas sobre Meio Ambiente e Desenvolvimento, realizada no Rio de Janeiro.<\/p>\n<p>Em 2008, a Assembl\u00e9ia Geral das Na\u00e7\u00f5es Unidas decidiu que, a partir de 2009, 8 de junho seria designado pelas Na\u00e7\u00f5es Unidas como \u201cDia Mundial dos Oceanos\u201d. Este ano, o tema \u00e9 \u201cInova\u00e7\u00e3o para um oceano sustent\u00e1vel\u201d.<\/p>\n<p>As atividades de educa\u00e7\u00e3o ambiental e sustentabilidade, assim como a\u00e7\u00f5es na \u00e1rea de envolvimento comunit\u00e1rio, monitoramento e pesquisa de golfinhos-rotadores em Fernando de Noronha, t\u00eam patroc\u00ednio da Petrobras, por meio do Programa Petrobras Socioambiental.<\/p>\n<p>Conhe\u00e7a mais sobre os oceanos baixando no site do Projeto Golfinho Rotador duas publica\u00e7\u00f5es sobre o tema. O gibi infantil\u00a0<a href=\"https:\/\/golfinhorotador.org.br\/publicacoes\/o-oceano-e-nos\/\">\u201cO Oceano e N\u00f3s\u201d<\/a>\u00a0e o\u00a0<a href=\"https:\/\/golfinhorotador.org.br\/publicacoes\/manual-de-ecossistemas-marinhos-e-costeiros-para-educadores\/\">\u201cManual de Ecossistemas Marinhos e Costeiros para Educadores\u201d<\/a>.<\/p>\n<p>O Projeto Golfinho Rotador participa com outros cinco projetos do Programa Petrobras Socioambiental da Rede Biomar. As a\u00e7\u00f5es integradas t\u00eam contribu\u00eddo para potencializar os resultados dos conhecimentos cient\u00edficos em torno da biodiversidade marinha, al\u00e9m de compartilhar experi\u00eancias de educa\u00e7\u00e3o ambiental e relacionamento com as comunidades. Acompanhe os projetos da Rede Biomar nas redes sociais para conhecer mais sobre esse trabalho:\u00a0<a href=\"https:\/\/www.instagram.com\/golfinhorotador\">@golfinhorotador<\/a>,\u00a0<a href=\"https:\/\/www.instagram.com\/projetoalbatroz\">@projetoalbatroz<\/a>,\u00a0<a href=\"https:\/\/www.instagram.com\/projetobaleiajubarte\">@projetobaleiajubarte<\/a>,\u00a0<a href=\"https:\/\/www.instagram.com\/projetocoralvivo\">@projetocoralvivo<\/a>,\u00a0<a href=\"https:\/\/www.instagram.com\/merosdobrasil\">@merosdobrasil<\/a>,\u00a0<a href=\"https:\/\/www.instagram.com\/projeto_tamar_oficial\">@projeto_tamar_oficial<\/a>.<\/p>\n","protected":false},"excerpt":{"rendered":"<p>Os oceanos, que cobrem tr\u00eas quartos da superf\u00edcie terrestre, s\u00e3o celebrados em todo o mundo nesta segunda (8). Para comemorar a data, o Projeto Golfinho Rotador realiza uma live, \u00e0s 16h, pelo seu perfil no Instagram: @golfinhorotador. A transmiss\u00e3o ao vivo contar\u00e1 com dois nobres convidados: os bi\u00f3logos Jo\u00e3o Paulo Krajewski e Roberta Bonaldo. A [&hellip;]<\/p>\n","protected":false},"author":2,"featured_media":2586,"comment_status":"open","ping_status":"open","sticky":false,"template":"","format":"standard","meta":{"_acf_changed":false,"footnotes":""},"categories":[9],"tags":[],"class_list":["post-2585","post","type-post","status-publish","format-standard","has-post-thumbnail","hentry","category-noticias"],"acf":{"exibir_imagem_destacada":"Sim"},"yoast_head":"<!-- This site is optimized with the Yoast SEO plugin v27.4 - https:\/\/yoast.com\/product\/yoast-seo-wordpress\/ -->\n<title>Dia Mundial dos Oceanos 2020 - Projeto Golfinho Rotador<\/title>\n<meta name=\"robots\" content=\"index, follow, max-snippet:-1, max-image-preview:large, max-video-preview:-1\" \/>\n<link rel=\"canonical\" href=\"https:\/\/golfinhorotador.org.br\/2020\/06\/08\/dia-mundial-dos-oceanos-2020\/\" \/>\n<meta property=\"og:locale\" content=\"en_US\" \/>\n<meta property=\"og:type\" content=\"article\" \/>\n<meta property=\"og:title\" content=\"Dia Mundial dos Oceanos 2020 - Projeto Golfinho Rotador\" \/>\n<meta property=\"og:description\" content=\"Os oceanos, que cobrem tr\u00eas quartos da superf\u00edcie terrestre, s\u00e3o celebrados em todo o mundo nesta segunda (8). Para comemorar a data, o Projeto Golfinho Rotador realiza uma live, \u00e0s 16h, pelo seu perfil no Instagram: @golfinhorotador. A transmiss\u00e3o ao vivo contar\u00e1 com dois nobres convidados: os bi\u00f3logos Jo\u00e3o Paulo Krajewski e Roberta Bonaldo. A [&hellip;]\" \/>\n<meta property=\"og:url\" content=\"https:\/\/golfinhorotador.org.br\/2020\/06\/08\/dia-mundial-dos-oceanos-2020\/\" \/>\n<meta property=\"og:site_name\" content=\"Projeto Golfinho Rotador\" \/>\n<meta property=\"article:publisher\" content=\"https:\/\/www.facebook.com\/Projeto-Golfinho-Rotador-155695874539813\" \/>\n<meta property=\"article:published_time\" content=\"2020-06-08T16:39:05+00:00\" \/>\n<meta property=\"article:modified_time\" content=\"2025-08-09T16:40:16+00:00\" \/>\n<meta property=\"og:image\" content=\"https:\/\/golfinhorotador.org.br\/wp-content\/uploads\/2025\/08\/Dia-dos-Oceanos.jpg\" \/>\n\t<meta property=\"og:image:width\" content=\"2000\" \/>\n\t<meta property=\"og:image:height\" content=\"1333\" \/>\n\t<meta property=\"og:image:type\" content=\"image\/jpeg\" \/>\n<meta name=\"author\" content=\"Projeto Golfinho Rotador\" \/>\n<meta name=\"twitter:card\" content=\"summary_large_image\" \/>\n<meta name=\"twitter:creator\" content=\"@golfinhorotador\" \/>\n<meta name=\"twitter:site\" content=\"@golfinhorotador\" \/>\n<meta name=\"twitter:label1\" content=\"Written by\" \/>\n\t<meta name=\"twitter:data1\" content=\"Projeto Golfinho Rotador\" \/>\n\t<meta name=\"twitter:label2\" content=\"Est. reading time\" \/>\n\t<meta name=\"twitter:data2\" content=\"2 minutes\" \/>\n<script type=\"application\/ld+json\" class=\"yoast-schema-graph\">{\"@context\":\"https:\\\/\\\/schema.org\",\"@graph\":[{\"@type\":\"Article\",\"@id\":\"https:\\\/\\\/golfinhorotador.org.br\\\/2020\\\/06\\\/08\\\/dia-mundial-dos-oceanos-2020\\\/#article\",\"isPartOf\":{\"@id\":\"https:\\\/\\\/golfinhorotador.org.br\\\/2020\\\/06\\\/08\\\/dia-mundial-dos-oceanos-2020\\\/\"},\"author\":{\"name\":\"Projeto Golfinho Rotador\",\"@id\":\"https:\\\/\\\/golfinhorotador.org.br\\\/#\\\/schema\\\/person\\\/31c9f545fc127c9e21fc1c5f001269db\"},\"headline\":\"Dia Mundial dos Oceanos 2020\",\"datePublished\":\"2020-06-08T16:39:05+00:00\",\"dateModified\":\"2025-08-09T16:40:16+00:00\",\"mainEntityOfPage\":{\"@id\":\"https:\\\/\\\/golfinhorotador.org.br\\\/2020\\\/06\\\/08\\\/dia-mundial-dos-oceanos-2020\\\/\"},\"wordCount\":486,\"commentCount\":0,\"publisher\":{\"@id\":\"https:\\\/\\\/golfinhorotador.org.br\\\/#organization\"},\"image\":{\"@id\":\"https:\\\/\\\/golfinhorotador.org.br\\\/2020\\\/06\\\/08\\\/dia-mundial-dos-oceanos-2020\\\/#primaryimage\"},\"thumbnailUrl\":\"https:\\\/\\\/golfinhorotador.org.br\\\/wp-content\\\/uploads\\\/2025\\\/08\\\/Dia-dos-Oceanos.jpg\",\"articleSection\":[\"Not\u00edcias\"],\"inLanguage\":\"en-US\",\"potentialAction\":[{\"@type\":\"CommentAction\",\"name\":\"Comment\",\"target\":[\"https:\\\/\\\/golfinhorotador.org.br\\\/2020\\\/06\\\/08\\\/dia-mundial-dos-oceanos-2020\\\/#respond\"]}]},{\"@type\":\"WebPage\",\"@id\":\"https:\\\/\\\/golfinhorotador.org.br\\\/2020\\\/06\\\/08\\\/dia-mundial-dos-oceanos-2020\\\/\",\"url\":\"https:\\\/\\\/golfinhorotador.org.br\\\/2020\\\/06\\\/08\\\/dia-mundial-dos-oceanos-2020\\\/\",\"name\":\"Dia Mundial dos Oceanos 2020 - Projeto Golfinho Rotador\",\"isPartOf\":{\"@id\":\"https:\\\/\\\/golfinhorotador.org.br\\\/#website\"},\"primaryImageOfPage\":{\"@id\":\"https:\\\/\\\/golfinhorotador.org.br\\\/2020\\\/06\\\/08\\\/dia-mundial-dos-oceanos-2020\\\/#primaryimage\"},\"image\":{\"@id\":\"https:\\\/\\\/golfinhorotador.org.br\\\/2020\\\/06\\\/08\\\/dia-mundial-dos-oceanos-2020\\\/#primaryimage\"},\"thumbnailUrl\":\"https:\\\/\\\/golfinhorotador.org.br\\\/wp-content\\\/uploads\\\/2025\\\/08\\\/Dia-dos-Oceanos.jpg\",\"datePublished\":\"2020-06-08T16:39:05+00:00\",\"dateModified\":\"2025-08-09T16:40:16+00:00\",\"breadcrumb\":{\"@id\":\"https:\\\/\\\/golfinhorotador.org.br\\\/2020\\\/06\\\/08\\\/dia-mundial-dos-oceanos-2020\\\/#breadcrumb\"},\"inLanguage\":\"en-US\",\"potentialAction\":[{\"@type\":\"ReadAction\",\"target\":[\"https:\\\/\\\/golfinhorotador.org.br\\\/2020\\\/06\\\/08\\\/dia-mundial-dos-oceanos-2020\\\/\"]}]},{\"@type\":\"ImageObject\",\"inLanguage\":\"en-US\",\"@id\":\"https:\\\/\\\/golfinhorotador.org.br\\\/2020\\\/06\\\/08\\\/dia-mundial-dos-oceanos-2020\\\/#primaryimage\",\"url\":\"https:\\\/\\\/golfinhorotador.org.br\\\/wp-content\\\/uploads\\\/2025\\\/08\\\/Dia-dos-Oceanos.jpg\",\"contentUrl\":\"https:\\\/\\\/golfinhorotador.org.br\\\/wp-content\\\/uploads\\\/2025\\\/08\\\/Dia-dos-Oceanos.jpg\",\"width\":2000,\"height\":1333},{\"@type\":\"BreadcrumbList\",\"@id\":\"https:\\\/\\\/golfinhorotador.org.br\\\/2020\\\/06\\\/08\\\/dia-mundial-dos-oceanos-2020\\\/#breadcrumb\",\"itemListElement\":[{\"@type\":\"ListItem\",\"position\":1,\"name\":\"In\u00edcio\",\"item\":\"https:\\\/\\\/golfinhorotador.org.br\\\/en\\\/home\\\/\"},{\"@type\":\"ListItem\",\"position\":2,\"name\":\"Dia Mundial dos Oceanos 2020\"}]},{\"@type\":\"WebSite\",\"@id\":\"https:\\\/\\\/golfinhorotador.org.br\\\/#website\",\"url\":\"https:\\\/\\\/golfinhorotador.org.br\\\/\",\"name\":\"Projeto Golfinho Rotador\",\"description\":\"Fernando de Noronha\",\"publisher\":{\"@id\":\"https:\\\/\\\/golfinhorotador.org.br\\\/#organization\"},\"potentialAction\":[{\"@type\":\"SearchAction\",\"target\":{\"@type\":\"EntryPoint\",\"urlTemplate\":\"https:\\\/\\\/golfinhorotador.org.br\\\/?s={search_term_string}\"},\"query-input\":{\"@type\":\"PropertyValueSpecification\",\"valueRequired\":true,\"valueName\":\"search_term_string\"}}],\"inLanguage\":\"en-US\"},{\"@type\":\"Organization\",\"@id\":\"https:\\\/\\\/golfinhorotador.org.br\\\/#organization\",\"name\":\"Projeto Golfinho Rotador\",\"url\":\"https:\\\/\\\/golfinhorotador.org.br\\\/\",\"logo\":{\"@type\":\"ImageObject\",\"inLanguage\":\"en-US\",\"@id\":\"https:\\\/\\\/golfinhorotador.org.br\\\/#\\\/schema\\\/logo\\\/image\\\/\",\"url\":\"https:\\\/\\\/golfinhorotador.org.br\\\/wp-content\\\/uploads\\\/2025\\\/07\\\/Logo-PGR-2025-512.png\",\"contentUrl\":\"https:\\\/\\\/golfinhorotador.org.br\\\/wp-content\\\/uploads\\\/2025\\\/07\\\/Logo-PGR-2025-512.png\",\"width\":512,\"height\":512,\"caption\":\"Projeto Golfinho Rotador\"},\"image\":{\"@id\":\"https:\\\/\\\/golfinhorotador.org.br\\\/#\\\/schema\\\/logo\\\/image\\\/\"},\"sameAs\":[\"https:\\\/\\\/www.facebook.com\\\/Projeto-Golfinho-Rotador-155695874539813\",\"https:\\\/\\\/x.com\\\/golfinhorotador\",\"https:\\\/\\\/www.instagram.com\\\/golfinhorotador\\\/\",\"https:\\\/\\\/www.youtube.com\\\/channel\\\/UCYw-aMfBHbkUU_DimpWJzbw\",\"https:\\\/\\\/www.tiktok.com\\\/@golfinhorotador\"]},{\"@type\":\"Person\",\"@id\":\"https:\\\/\\\/golfinhorotador.org.br\\\/#\\\/schema\\\/person\\\/31c9f545fc127c9e21fc1c5f001269db\",\"name\":\"Projeto Golfinho Rotador\",\"image\":{\"@type\":\"ImageObject\",\"inLanguage\":\"en-US\",\"@id\":\"https:\\\/\\\/secure.gravatar.com\\\/avatar\\\/4e2f6bba9197287956dc1c931a4caed810b09aec9b8f38aa913bd11926fd05d2?s=96&d=mm&r=g\",\"url\":\"https:\\\/\\\/secure.gravatar.com\\\/avatar\\\/4e2f6bba9197287956dc1c931a4caed810b09aec9b8f38aa913bd11926fd05d2?s=96&d=mm&r=g\",\"contentUrl\":\"https:\\\/\\\/secure.gravatar.com\\\/avatar\\\/4e2f6bba9197287956dc1c931a4caed810b09aec9b8f38aa913bd11926fd05d2?s=96&d=mm&r=g\",\"caption\":\"Projeto Golfinho Rotador\"},\"url\":\"https:\\\/\\\/golfinhorotador.org.br\\\/en\\\/author\\\/projeto-golfinho-rotador\\\/\"}]}<\/script>\n<!-- \/ Yoast SEO plugin. -->","yoast_head_json":{"title":"Dia Mundial dos Oceanos 2020 - Projeto Golfinho Rotador","robots":{"index":"index","follow":"follow","max-snippet":"max-snippet:-1","max-image-preview":"max-image-preview:large","max-video-preview":"max-video-preview:-1"},"canonical":"https:\/\/golfinhorotador.org.br\/2020\/06\/08\/dia-mundial-dos-oceanos-2020\/","og_locale":"en_US","og_type":"article","og_title":"Dia Mundial dos Oceanos 2020 - Projeto Golfinho Rotador","og_description":"Os oceanos, que cobrem tr\u00eas quartos da superf\u00edcie terrestre, s\u00e3o celebrados em todo o mundo nesta segunda (8). Para comemorar a data, o Projeto Golfinho Rotador realiza uma live, \u00e0s 16h, pelo seu perfil no Instagram: @golfinhorotador. A transmiss\u00e3o ao vivo contar\u00e1 com dois nobres convidados: os bi\u00f3logos Jo\u00e3o Paulo Krajewski e Roberta Bonaldo. A [&hellip;]","og_url":"https:\/\/golfinhorotador.org.br\/2020\/06\/08\/dia-mundial-dos-oceanos-2020\/","og_site_name":"Projeto Golfinho Rotador","article_publisher":"https:\/\/www.facebook.com\/Projeto-Golfinho-Rotador-155695874539813","article_published_time":"2020-06-08T16:39:05+00:00","article_modified_time":"2025-08-09T16:40:16+00:00","og_image":[{"width":2000,"height":1333,"url":"https:\/\/golfinhorotador.org.br\/wp-content\/uploads\/2025\/08\/Dia-dos-Oceanos.jpg","type":"image\/jpeg"}],"author":"Projeto Golfinho Rotador","twitter_card":"summary_large_image","twitter_creator":"@golfinhorotador","twitter_site":"@golfinhorotador","twitter_misc":{"Written by":"Projeto Golfinho Rotador","Est. reading time":"2 minutes"},"schema":{"@context":"https:\/\/schema.org","@graph":[{"@type":"Article","@id":"https:\/\/golfinhorotador.org.br\/2020\/06\/08\/dia-mundial-dos-oceanos-2020\/#article","isPartOf":{"@id":"https:\/\/golfinhorotador.org.br\/2020\/06\/08\/dia-mundial-dos-oceanos-2020\/"},"author":{"name":"Projeto Golfinho Rotador","@id":"https:\/\/golfinhorotador.org.br\/#\/schema\/person\/31c9f545fc127c9e21fc1c5f001269db"},"headline":"Dia Mundial dos Oceanos 2020","datePublished":"2020-06-08T16:39:05+00:00","dateModified":"2025-08-09T16:40:16+00:00","mainEntityOfPage":{"@id":"https:\/\/golfinhorotador.org.br\/2020\/06\/08\/dia-mundial-dos-oceanos-2020\/"},"wordCount":486,"commentCount":0,"publisher":{"@id":"https:\/\/golfinhorotador.org.br\/#organization"},"image":{"@id":"https:\/\/golfinhorotador.org.br\/2020\/06\/08\/dia-mundial-dos-oceanos-2020\/#primaryimage"},"thumbnailUrl":"https:\/\/golfinhorotador.org.br\/wp-content\/uploads\/2025\/08\/Dia-dos-Oceanos.jpg","articleSection":["Not\u00edcias"],"inLanguage":"en-US","potentialAction":[{"@type":"CommentAction","name":"Comment","target":["https:\/\/golfinhorotador.org.br\/2020\/06\/08\/dia-mundial-dos-oceanos-2020\/#respond"]}]},{"@type":"WebPage","@id":"https:\/\/golfinhorotador.org.br\/2020\/06\/08\/dia-mundial-dos-oceanos-2020\/","url":"https:\/\/golfinhorotador.org.br\/2020\/06\/08\/dia-mundial-dos-oceanos-2020\/","name":"Dia Mundial dos Oceanos 2020 - Projeto Golfinho Rotador","isPartOf":{"@id":"https:\/\/golfinhorotador.org.br\/#website"},"primaryImageOfPage":{"@id":"https:\/\/golfinhorotador.org.br\/2020\/06\/08\/dia-mundial-dos-oceanos-2020\/#primaryimage"},"image":{"@id":"https:\/\/golfinhorotador.org.br\/2020\/06\/08\/dia-mundial-dos-oceanos-2020\/#primaryimage"},"thumbnailUrl":"https:\/\/golfinhorotador.org.br\/wp-content\/uploads\/2025\/08\/Dia-dos-Oceanos.jpg","datePublished":"2020-06-08T16:39:05+00:00","dateModified":"2025-08-09T16:40:16+00:00","breadcrumb":{"@id":"https:\/\/golfinhorotador.org.br\/2020\/06\/08\/dia-mundial-dos-oceanos-2020\/#breadcrumb"},"inLanguage":"en-US","potentialAction":[{"@type":"ReadAction","target":["https:\/\/golfinhorotador.org.br\/2020\/06\/08\/dia-mundial-dos-oceanos-2020\/"]}]},{"@type":"ImageObject","inLanguage":"en-US","@id":"https:\/\/golfinhorotador.org.br\/2020\/06\/08\/dia-mundial-dos-oceanos-2020\/#primaryimage","url":"https:\/\/golfinhorotador.org.br\/wp-content\/uploads\/2025\/08\/Dia-dos-Oceanos.jpg","contentUrl":"https:\/\/golfinhorotador.org.br\/wp-content\/uploads\/2025\/08\/Dia-dos-Oceanos.jpg","width":2000,"height":1333},{"@type":"BreadcrumbList","@id":"https:\/\/golfinhorotador.org.br\/2020\/06\/08\/dia-mundial-dos-oceanos-2020\/#breadcrumb","itemListElement":[{"@type":"ListItem","position":1,"name":"In\u00edcio","item":"https:\/\/golfinhorotador.org.br\/en\/home\/"},{"@type":"ListItem","position":2,"name":"Dia Mundial dos Oceanos 2020"}]},{"@type":"WebSite","@id":"https:\/\/golfinhorotador.org.br\/#website","url":"https:\/\/golfinhorotador.org.br\/","name":"Projeto Golfinho Rotador","description":"Fernando de Noronha","publisher":{"@id":"https:\/\/golfinhorotador.org.br\/#organization"},"potentialAction":[{"@type":"SearchAction","target":{"@type":"EntryPoint","urlTemplate":"https:\/\/golfinhorotador.org.br\/?s={search_term_string}"},"query-input":{"@type":"PropertyValueSpecification","valueRequired":true,"valueName":"search_term_string"}}],"inLanguage":"en-US"},{"@type":"Organization","@id":"https:\/\/golfinhorotador.org.br\/#organization","name":"Projeto Golfinho Rotador","url":"https:\/\/golfinhorotador.org.br\/","logo":{"@type":"ImageObject","inLanguage":"en-US","@id":"https:\/\/golfinhorotador.org.br\/#\/schema\/logo\/image\/","url":"https:\/\/golfinhorotador.org.br\/wp-content\/uploads\/2025\/07\/Logo-PGR-2025-512.png","contentUrl":"https:\/\/golfinhorotador.org.br\/wp-content\/uploads\/2025\/07\/Logo-PGR-2025-512.png","width":512,"height":512,"caption":"Projeto Golfinho Rotador"},"image":{"@id":"https:\/\/golfinhorotador.org.br\/#\/schema\/logo\/image\/"},"sameAs":["https:\/\/www.facebook.com\/Projeto-Golfinho-Rotador-155695874539813","https:\/\/x.com\/golfinhorotador","https:\/\/www.instagram.com\/golfinhorotador\/","https:\/\/www.youtube.com\/channel\/UCYw-aMfBHbkUU_DimpWJzbw","https:\/\/www.tiktok.com\/@golfinhorotador"]},{"@type":"Person","@id":"https:\/\/golfinhorotador.org.br\/#\/schema\/person\/31c9f545fc127c9e21fc1c5f001269db","name":"Projeto Golfinho Rotador","image":{"@type":"ImageObject","inLanguage":"en-US","@id":"https:\/\/secure.gravatar.com\/avatar\/4e2f6bba9197287956dc1c931a4caed810b09aec9b8f38aa913bd11926fd05d2?s=96&d=mm&r=g","url":"https:\/\/secure.gravatar.com\/avatar\/4e2f6bba9197287956dc1c931a4caed810b09aec9b8f38aa913bd11926fd05d2?s=96&d=mm&r=g","contentUrl":"https:\/\/secure.gravatar.com\/avatar\/4e2f6bba9197287956dc1c931a4caed810b09aec9b8f38aa913bd11926fd05d2?s=96&d=mm&r=g","caption":"Projeto Golfinho Rotador"},"url":"https:\/\/golfinhorotador.org.br\/en\/author\/projeto-golfinho-rotador\/"}]}},"_links":{"self":[{"href":"https:\/\/golfinhorotador.org.br\/en\/wp-json\/wp\/v2\/posts\/2585","targetHints":{"allow":["GET"]}}],"collection":[{"href":"https:\/\/golfinhorotador.org.br\/en\/wp-json\/wp\/v2\/posts"}],"about":[{"href":"https:\/\/golfinhorotador.org.br\/en\/wp-json\/wp\/v2\/types\/post"}],"author":[{"embeddable":true,"href":"https:\/\/golfinhorotador.org.br\/en\/wp-json\/wp\/v2\/users\/2"}],"replies":[{"embeddable":true,"href":"https:\/\/golfinhorotador.org.br\/en\/wp-json\/wp\/v2\/comments?post=2585"}],"version-history":[{"count":1,"href":"https:\/\/golfinhorotador.org.br\/en\/wp-json\/wp\/v2\/posts\/2585\/revisions"}],"predecessor-version":[{"id":2587,"href":"https:\/\/golfinhorotador.org.br\/en\/wp-json\/wp\/v2\/posts\/2585\/revisions\/2587"}],"wp:featuredmedia":[{"embeddable":true,"href":"https:\/\/golfinhorotador.org.br\/en\/wp-json\/wp\/v2\/media\/2586"}],"wp:attachment":[{"href":"https:\/\/golfinhorotador.org.br\/en\/wp-json\/wp\/v2\/media?parent=2585"}],"wp:term":[{"taxonomy":"category","embeddable":true,"href":"https:\/\/golfinhorotador.org.br\/en\/wp-json\/wp\/v2\/categories?post=2585"},{"taxonomy":"post_tag","embeddable":true,"href":"https:\/\/golfinhorotador.org.br\/en\/wp-json\/wp\/v2\/tags?post=2585"}],"curies":[{"name":"wp","href":"https:\/\/api.w.org\/{rel}","templated":true}]}}