{"id":2588,"date":"2020-06-29T13:40:33","date_gmt":"2020-06-29T16:40:33","guid":{"rendered":"https:\/\/golfinhorotador.org.br\/?p=2588"},"modified":"2025-08-09T13:41:47","modified_gmt":"2025-08-09T16:41:47","slug":"lives-do-projeto-golfinho-rotador-reunem-centenas-de-internautas","status":"publish","type":"post","link":"https:\/\/golfinhorotador.org.br\/en\/2020\/06\/29\/lives-do-projeto-golfinho-rotador-reunem-centenas-de-internautas\/","title":{"rendered":"Lives do Projeto Golfinho Rotador re\u00fanem centenas de internautas"},"content":{"rendered":"<p>O Projeto Golfinho Rotador encerra o m\u00eas de junho com um total de oito lives realizadas desde que suspendeu suas atividades externas devido \u00e0 pandemia de Covid-19. As transmiss\u00f5es ao vivo s\u00e3o feitas pelo Instagram, no perfil @golfinhorotador, e t\u00eam atra\u00eddo centenas de seguidores. Novas lives est\u00e3o sendo programadas com parceiros, que fazem parte dos 30 anos de sua hist\u00f3ria.<\/p>\n<p>Problemas t\u00e9cnicos impossibilitaram o registro da audi\u00eancia de algumas transmiss\u00f5es ao vivo, mas pelo menos 1.700 pessoas acompanharam as lives nos meses de maio e junho.<\/p>\n<p>A \u00faltima transmiss\u00e3o ao vivo ocorreu na sexta (26 de junho). A coordenadora de Educa\u00e7\u00e3o Ambiental e Sustentabilidade do Projeto Golfinho Rotador, Cynthia Gerling, conversou com a educadora ambiental da Escola de Refer\u00eancia em Ensino M\u00e9dio e Fundamental Arquip\u00e9lago Fernando de Noronha Fabi Vilela. O tema foi \u201cEscola Arquip\u00e9lago e Golfinho Rotador pela Educa\u00e7\u00e3o Ambiental em Noronha\u201d.<\/p>\n<p>O Projeto Golfinho Rotador realizou sua primeira live na sexta (15 de maio), com o bio\u0301logo Fla\u0301vio Lima. Coordenador-geral do Projeto Golfinho Rotador e professor da UERN, ele falou sobre \u201c30 anos de Pesquisa, Conserva\u00e7\u00e3o e Envolvimento Comunit\u00e1rio em Noronha\u201d.<\/p>\n<p>Na sexta (22 de maio), em celebra\u00e7\u00e3o ao Dia da Biodiversidade, Fl\u00e1vio Lima realizou live com Clovis Castro, do Projeto Coral Vivo, sobre \u201cA Importa\u0302ncia dos Corais para a Biodiversidade Marinha\u201d.<\/p>\n<p>Na sexta (29 de maio), Fl\u00e1vio Lima conversou com a bi\u00f3loga Lume Garcia, da equipe t\u00e9cnica do Projeto Golfinho Rotador, em uma live intitulada \u201cRevelando a Identidade dos Golfinhos\u201d. Por problemas t\u00e9cnicos, a live foi interrompida antes do final. Uma nova transmiss\u00e3o ao vivo sobre o tema est\u00e1 sendo planejada.<\/p>\n<p>Na sexta (5 de junho), em comemora\u00e7\u00e3o ao Dia Mundial do Meio Ambiente, a transmiss\u00e3o ao vivo contou com Cynthia Gerling e a coordenadora de Educa\u00e7\u00e3o Ambiental do Projeto Albatroz, Cynthia Ranieri. A abordagem foi \u201cEduca\u00e7\u00e3o Ambiental na Rede Biomar\u201d.<\/p>\n<p>Na segunda (8 de junho), Dia dos Oceanos, Cynthia Gerling realizou live com dois convidados: os bio\u0301logos Joa\u0303o Paulo Krajewski e Roberta Bonaldo, casal de documentaristas que tem registrado imagens da natureza ao redor do mundo.<\/p>\n<p>Na ter\u00e7a (16 de junho), a transmiss\u00e3o ao vivo ficou a cargo de Cynthia Gerling e da bio\u0301loga Ceci\u0301lia Licaria\u0303o, coordenadora do Projeto Aves de Noronha. O tema: \u201cTurismo de Observa\u00e7\u00e3o de Aves em Noronha\u201d.<\/p>\n<p>Na sexta (19 de junho) \u201cGen\u00e9tica dos golfinhos de Noronha\u201d foi o enfoque de live com Lume Garcia e a professora da Universidade Federal do Esp\u00edrito Santo Ana Paula Farro.<\/p>\n<p>Para Cynthia Gerling, as lives s\u00e3o uma forma de ampliar o contato com o p\u00fablico, levando informa\u00e7\u00f5es sobre a import\u00e2ncia da conserva\u00e7\u00e3o dos golfinhos-rotadores para a manuten\u00e7\u00e3o da biodiversidade marinha e do turismo sustent\u00e1vel em Fernando de Noronha. \u201cEst\u00e1 sendo uma experi\u00eancia incr\u00edvel. Inicialmente nossa inten\u00e7\u00e3o era substituir as palestras semanais, realizadas \u00e0s quartas-feiras em Noronha, enquanto perdurasse o isolamento social. Agora percebemos que o alcance de p\u00fablico acabou sendo bem maior. Enquanto nas palestras cont\u00e1vamos com cerca de 30 pessoas, em uma live temos um p\u00fablico pelo menos dez vezes maior nos assistindo\u201d, explica.<\/p>\n<p><strong>LINKS<\/strong><\/p>\n<p>Acesse a seguir as lives realizadas pelo Projeto Golfinho Rotador. As transmiss\u00f5es ao vivo foram feitas pelo Instagram, mas tamb\u00e9m est\u00e3o dispon\u00edveis no perfil do Projeto no Facebook e no canal Youtube:<\/p>\n<p><strong>1\u00aa) 15 de maio \u2013 30 anos de Pesquisa, Conserva\u00e7\u00e3o e Envolvimento Comunit\u00e1rio em Noronha<\/strong><\/p>\n<p>Instagram \u2013\u00a0<a href=\"https:\/\/www.instagram.com\/tv\/CAOTfevAVR2\/\">https:\/\/www.instagram.com\/tv\/CAOTfevAVR2\/<\/a><br \/>\nFacebook \u2013\u00a0<a href=\"https:\/\/www.facebook.com\/155695874539813\/posts\/2788538344588873\/\">https:\/\/www.facebook.com\/155695874539813\/posts\/2788538344588873\/<\/a><br \/>\nYoutube\u00a0 \u2013 https:\/\/youtu.be\/4yiOfzS1uUI<\/p>\n<p><strong>2\u00aa) 22 de maio \u2013 A Importa\u0302ncia dos Corais para a Biodiversidade Marinha<\/strong><\/p>\n<p>Instagram:\u00a0<a href=\"https:\/\/www.instagram.com\/tv\/CAiBS4SAsNb\/\">https:\/\/www.instagram.com\/tv\/CAiBS4SAsNb\/<\/a><br \/>\nFacebook:\u00a0<a href=\"https:\/\/www.facebook.com\/155695874539813\/posts\/2804273206348720\/\">https:\/\/www.facebook.com\/155695874539813\/posts\/2804273206348720\/<\/a><br \/>\nYoutube:\u00a0<a href=\"https:\/\/youtu.be\/BWNiiBAUhkY\">https:\/\/youtu.be\/BWNiiBAUhkY<\/a><\/p>\n<p><strong>3\u00aa) 29 de maio \u2013 Revelando a Identidade dos Golfinhos<\/strong><\/p>\n<p>Instagram:\u00a0<a href=\"https:\/\/www.instagram.com\/s\/aGlnaGxpZ2h0OjE3ODc4NjMzMTIwNzE1ODY0?igshid=16a2gp6a2l7td\">https:\/\/www.instagram.com\/s\/aGlnaGxpZ2h0OjE3ODc4NjMzMTIwNzE1ODY0?igshid=16a2gp6a2l7td<\/a><\/p>\n<p><strong>4\u00aa) 5 de junho (Dia Mundial do Meio Ambiente) \u2013 Educa\u00e7\u00e3o Ambiental na Rede Biomar<\/strong><\/p>\n<p>Instagram:\u00a0<a href=\"https:\/\/www.instagram.com\/tv\/CBEN9xPD6UJ\/\">https:\/\/www.instagram.com\/tv\/CBEN9xPD6UJ\/<\/a><br \/>\nFacebook:\u00a0<a href=\"https:\/\/www.facebook.com\/155695874539813\/posts\/2845290442246996\/\">https:\/\/www.facebook.com\/155695874539813\/posts\/2845290442246996\/<\/a><br \/>\nYoutube:\u00a0<a href=\"https:\/\/youtu.be\/RrAfE5Y4klQ\">https:\/\/youtu.be\/RrAfE5Y4klQ<\/a><\/p>\n<p><strong>5\u00aa) 8 de junho \u2013 Dia dos Oceanos<\/strong><br \/>\nInstagram:\u00a0<a href=\"https:\/\/www.instagram.com\/tv\/CBL8uzwD1ls\/\">https:\/\/www.instagram.com\/tv\/CBL8uzwD1ls\/<\/a><br \/>\nFacebook:\u00a0<a href=\"https:\/\/www.facebook.com\/155695874539813\/posts\/2847950441980996\/\">https:\/\/www.facebook.com\/155695874539813\/posts\/2847950441980996\/<\/a><br \/>\nYoutube:\u00a0<a href=\"https:\/\/youtu.be\/CsNBzddFFrU\">https:\/\/youtu.be\/CsNBzddFFrU<\/a><\/p>\n<p><strong>6\u00aa) 16 de junho \u2013 Turismo de Observa\u00e7\u00e3o de Aves em Noronha<\/strong><br \/>\nInstagram:\u00a0<a href=\"https:\/\/www.instagram.com\/tv\/CBgi47mjkBc\/\">https:\/\/www.instagram.com\/tv\/CBgi47mjkBc\/<\/a><br \/>\nFacebook:\u00a0<a href=\"https:\/\/www.facebook.com\/155695874539813\/posts\/2873540772755296\/\">https:\/\/www.facebook.com\/155695874539813\/posts\/2873540772755296\/<\/a><br \/>\nYoutube:\u00a0<a href=\"https:\/\/youtu.be\/AfCFkSVqToI\">https:\/\/youtu.be\/AfCFkSVqToI<\/a><\/p>\n<p><strong>7\u00aa) 19 de junho \u2013 Gen\u00e9tica dos golfinhos de Noronha (apenas o encerramento da live foi salvo pelo Instagram)<\/strong><br \/>\nInstagram:\u00a0<a href=\"https:\/\/www.instagram.com\/tv\/CBoRruUDQcu\/\">https:\/\/www.instagram.com\/tv\/CBoRruUDQcu\/<\/a><\/p>\n<p><strong>8\u00aa) 26 de junho \u2013 Escola Arquip\u00e9lago e Golfinho Rotador pela Educa\u00e7\u00e3o Ambiental em Noronha<\/strong><br \/>\nInstagram:\u00a0<a href=\"https:\/\/www.instagram.com\/tv\/CB6SmCQDcFn\/\">https:\/\/www.instagram.com\/tv\/CB6SmCQDcFn\/<\/a><br \/>\nFacebook:\u00a0<a href=\"https:\/\/www.facebook.com\/155695874539813\/posts\/2894726953970011\/\">https:\/\/www.facebook.com\/155695874539813\/posts\/2894726953970011\/<\/a><br \/>\nYoutube:\u00a0<a href=\"https:\/\/youtu.be\/7Ta_q9MqLnU\">https:\/\/youtu.be\/7Ta_q9MqLnU<\/a><\/p>\n<p><strong><br \/>\nREDE BIOMAR<\/strong><\/p>\n<p>Golfinho Rotador integra a Rede Biomar, formada por seis projetos voltados a\u0300 conservac\u0327a\u0303o da biodiversidade marinha que atuam em rede com o patroci\u0301nio da Petrobras, por meio do Programa Petrobras Socioambiental. Os outros sa\u0303o Projeto Albatroz, Projeto Baleia Jubarte, Projeto Coral Vivo, Projeto Meros do Brasil e Projeto Tamar.<\/p>\n<p>As a\u00e7\u00f5es integradas t\u00eam contribu\u00eddo para potencializar os resultados dos conhecimentos cient\u00edficos em torno da biodiversidade marinha, al\u00e9m de compartilhar experi\u00eancias de educa\u00e7\u00e3o ambiental e relacionamento com as comunidades. Acompanhe os projetos da Rede Biomar nas redes sociais para conhecer mais sobre esse trabalho: @golfinhorotador, @projetoalbatroz, @projetobaleiajubarte, @projetocoralvivo, @merosdobrasil, @projeto_tamar_oficial.<\/p>\n","protected":false},"excerpt":{"rendered":"<p>O Projeto Golfinho Rotador encerra o m\u00eas de junho com um total de oito lives realizadas desde que suspendeu suas atividades externas devido \u00e0 pandemia de Covid-19. As transmiss\u00f5es ao vivo s\u00e3o feitas pelo Instagram, no perfil @golfinhorotador, e t\u00eam atra\u00eddo centenas de seguidores. Novas lives est\u00e3o sendo programadas com parceiros, que fazem parte dos [&hellip;]<\/p>\n","protected":false},"author":2,"featured_media":2589,"comment_status":"open","ping_status":"open","sticky":false,"template":"","format":"standard","meta":{"_acf_changed":false,"footnotes":""},"categories":[9],"tags":[],"class_list":["post-2588","post","type-post","status-publish","format-standard","has-post-thumbnail","hentry","category-noticias"],"acf":{"exibir_imagem_destacada":"Sim"},"yoast_head":"<!-- This site is optimized with the Yoast SEO plugin v27.4 - https:\/\/yoast.com\/product\/yoast-seo-wordpress\/ -->\n<title>Lives do Projeto Golfinho Rotador re\u00fanem centenas de internautas - Projeto Golfinho Rotador<\/title>\n<meta name=\"robots\" content=\"index, follow, max-snippet:-1, max-image-preview:large, max-video-preview:-1\" \/>\n<link rel=\"canonical\" href=\"https:\/\/golfinhorotador.org.br\/2020\/06\/29\/lives-do-projeto-golfinho-rotador-reunem-centenas-de-internautas\/\" \/>\n<meta property=\"og:locale\" content=\"en_US\" \/>\n<meta property=\"og:type\" content=\"article\" \/>\n<meta property=\"og:title\" content=\"Lives do Projeto Golfinho Rotador re\u00fanem centenas de internautas - Projeto Golfinho Rotador\" \/>\n<meta property=\"og:description\" content=\"O Projeto Golfinho Rotador encerra o m\u00eas de junho com um total de oito lives realizadas desde que suspendeu suas atividades externas devido \u00e0 pandemia de Covid-19. As transmiss\u00f5es ao vivo s\u00e3o feitas pelo Instagram, no perfil @golfinhorotador, e t\u00eam atra\u00eddo centenas de seguidores. Novas lives est\u00e3o sendo programadas com parceiros, que fazem parte dos [&hellip;]\" \/>\n<meta property=\"og:url\" content=\"https:\/\/golfinhorotador.org.br\/2020\/06\/29\/lives-do-projeto-golfinho-rotador-reunem-centenas-de-internautas\/\" \/>\n<meta property=\"og:site_name\" content=\"Projeto Golfinho Rotador\" \/>\n<meta property=\"article:publisher\" content=\"https:\/\/www.facebook.com\/Projeto-Golfinho-Rotador-155695874539813\" \/>\n<meta property=\"article:published_time\" content=\"2020-06-29T16:40:33+00:00\" \/>\n<meta property=\"article:modified_time\" content=\"2025-08-09T16:41:47+00:00\" \/>\n<meta property=\"og:image\" content=\"https:\/\/golfinhorotador.org.br\/wp-content\/uploads\/2025\/08\/insta-live-pgr-sq.jpg\" \/>\n\t<meta property=\"og:image:width\" content=\"1346\" \/>\n\t<meta property=\"og:image:height\" content=\"1196\" \/>\n\t<meta property=\"og:image:type\" content=\"image\/jpeg\" \/>\n<meta name=\"author\" content=\"Projeto Golfinho Rotador\" \/>\n<meta name=\"twitter:card\" content=\"summary_large_image\" \/>\n<meta name=\"twitter:creator\" content=\"@golfinhorotador\" \/>\n<meta name=\"twitter:site\" content=\"@golfinhorotador\" \/>\n<meta name=\"twitter:label1\" content=\"Written by\" \/>\n\t<meta name=\"twitter:data1\" content=\"Projeto Golfinho Rotador\" \/>\n\t<meta name=\"twitter:label2\" content=\"Est. reading time\" \/>\n\t<meta name=\"twitter:data2\" content=\"5 minutes\" \/>\n<script type=\"application\/ld+json\" class=\"yoast-schema-graph\">{\"@context\":\"https:\\\/\\\/schema.org\",\"@graph\":[{\"@type\":\"Article\",\"@id\":\"https:\\\/\\\/golfinhorotador.org.br\\\/2020\\\/06\\\/29\\\/lives-do-projeto-golfinho-rotador-reunem-centenas-de-internautas\\\/#article\",\"isPartOf\":{\"@id\":\"https:\\\/\\\/golfinhorotador.org.br\\\/2020\\\/06\\\/29\\\/lives-do-projeto-golfinho-rotador-reunem-centenas-de-internautas\\\/\"},\"author\":{\"name\":\"Projeto Golfinho Rotador\",\"@id\":\"https:\\\/\\\/golfinhorotador.org.br\\\/#\\\/schema\\\/person\\\/31c9f545fc127c9e21fc1c5f001269db\"},\"headline\":\"Lives do Projeto Golfinho Rotador re\u00fanem centenas de internautas\",\"datePublished\":\"2020-06-29T16:40:33+00:00\",\"dateModified\":\"2025-08-09T16:41:47+00:00\",\"mainEntityOfPage\":{\"@id\":\"https:\\\/\\\/golfinhorotador.org.br\\\/2020\\\/06\\\/29\\\/lives-do-projeto-golfinho-rotador-reunem-centenas-de-internautas\\\/\"},\"wordCount\":939,\"commentCount\":0,\"publisher\":{\"@id\":\"https:\\\/\\\/golfinhorotador.org.br\\\/#organization\"},\"image\":{\"@id\":\"https:\\\/\\\/golfinhorotador.org.br\\\/2020\\\/06\\\/29\\\/lives-do-projeto-golfinho-rotador-reunem-centenas-de-internautas\\\/#primaryimage\"},\"thumbnailUrl\":\"https:\\\/\\\/golfinhorotador.org.br\\\/wp-content\\\/uploads\\\/2025\\\/08\\\/insta-live-pgr-sq.jpg\",\"articleSection\":[\"Not\u00edcias\"],\"inLanguage\":\"en-US\",\"potentialAction\":[{\"@type\":\"CommentAction\",\"name\":\"Comment\",\"target\":[\"https:\\\/\\\/golfinhorotador.org.br\\\/2020\\\/06\\\/29\\\/lives-do-projeto-golfinho-rotador-reunem-centenas-de-internautas\\\/#respond\"]}]},{\"@type\":\"WebPage\",\"@id\":\"https:\\\/\\\/golfinhorotador.org.br\\\/2020\\\/06\\\/29\\\/lives-do-projeto-golfinho-rotador-reunem-centenas-de-internautas\\\/\",\"url\":\"https:\\\/\\\/golfinhorotador.org.br\\\/2020\\\/06\\\/29\\\/lives-do-projeto-golfinho-rotador-reunem-centenas-de-internautas\\\/\",\"name\":\"Lives do Projeto Golfinho Rotador re\u00fanem centenas de internautas - Projeto Golfinho Rotador\",\"isPartOf\":{\"@id\":\"https:\\\/\\\/golfinhorotador.org.br\\\/#website\"},\"primaryImageOfPage\":{\"@id\":\"https:\\\/\\\/golfinhorotador.org.br\\\/2020\\\/06\\\/29\\\/lives-do-projeto-golfinho-rotador-reunem-centenas-de-internautas\\\/#primaryimage\"},\"image\":{\"@id\":\"https:\\\/\\\/golfinhorotador.org.br\\\/2020\\\/06\\\/29\\\/lives-do-projeto-golfinho-rotador-reunem-centenas-de-internautas\\\/#primaryimage\"},\"thumbnailUrl\":\"https:\\\/\\\/golfinhorotador.org.br\\\/wp-content\\\/uploads\\\/2025\\\/08\\\/insta-live-pgr-sq.jpg\",\"datePublished\":\"2020-06-29T16:40:33+00:00\",\"dateModified\":\"2025-08-09T16:41:47+00:00\",\"breadcrumb\":{\"@id\":\"https:\\\/\\\/golfinhorotador.org.br\\\/2020\\\/06\\\/29\\\/lives-do-projeto-golfinho-rotador-reunem-centenas-de-internautas\\\/#breadcrumb\"},\"inLanguage\":\"en-US\",\"potentialAction\":[{\"@type\":\"ReadAction\",\"target\":[\"https:\\\/\\\/golfinhorotador.org.br\\\/2020\\\/06\\\/29\\\/lives-do-projeto-golfinho-rotador-reunem-centenas-de-internautas\\\/\"]}]},{\"@type\":\"ImageObject\",\"inLanguage\":\"en-US\",\"@id\":\"https:\\\/\\\/golfinhorotador.org.br\\\/2020\\\/06\\\/29\\\/lives-do-projeto-golfinho-rotador-reunem-centenas-de-internautas\\\/#primaryimage\",\"url\":\"https:\\\/\\\/golfinhorotador.org.br\\\/wp-content\\\/uploads\\\/2025\\\/08\\\/insta-live-pgr-sq.jpg\",\"contentUrl\":\"https:\\\/\\\/golfinhorotador.org.br\\\/wp-content\\\/uploads\\\/2025\\\/08\\\/insta-live-pgr-sq.jpg\",\"width\":1346,\"height\":1196},{\"@type\":\"BreadcrumbList\",\"@id\":\"https:\\\/\\\/golfinhorotador.org.br\\\/2020\\\/06\\\/29\\\/lives-do-projeto-golfinho-rotador-reunem-centenas-de-internautas\\\/#breadcrumb\",\"itemListElement\":[{\"@type\":\"ListItem\",\"position\":1,\"name\":\"In\u00edcio\",\"item\":\"https:\\\/\\\/golfinhorotador.org.br\\\/en\\\/home\\\/\"},{\"@type\":\"ListItem\",\"position\":2,\"name\":\"Lives do Projeto Golfinho Rotador re\u00fanem centenas de internautas\"}]},{\"@type\":\"WebSite\",\"@id\":\"https:\\\/\\\/golfinhorotador.org.br\\\/#website\",\"url\":\"https:\\\/\\\/golfinhorotador.org.br\\\/\",\"name\":\"Projeto Golfinho Rotador\",\"description\":\"Fernando de Noronha\",\"publisher\":{\"@id\":\"https:\\\/\\\/golfinhorotador.org.br\\\/#organization\"},\"potentialAction\":[{\"@type\":\"SearchAction\",\"target\":{\"@type\":\"EntryPoint\",\"urlTemplate\":\"https:\\\/\\\/golfinhorotador.org.br\\\/?s={search_term_string}\"},\"query-input\":{\"@type\":\"PropertyValueSpecification\",\"valueRequired\":true,\"valueName\":\"search_term_string\"}}],\"inLanguage\":\"en-US\"},{\"@type\":\"Organization\",\"@id\":\"https:\\\/\\\/golfinhorotador.org.br\\\/#organization\",\"name\":\"Projeto Golfinho Rotador\",\"url\":\"https:\\\/\\\/golfinhorotador.org.br\\\/\",\"logo\":{\"@type\":\"ImageObject\",\"inLanguage\":\"en-US\",\"@id\":\"https:\\\/\\\/golfinhorotador.org.br\\\/#\\\/schema\\\/logo\\\/image\\\/\",\"url\":\"https:\\\/\\\/golfinhorotador.org.br\\\/wp-content\\\/uploads\\\/2025\\\/07\\\/Logo-PGR-2025-512.png\",\"contentUrl\":\"https:\\\/\\\/golfinhorotador.org.br\\\/wp-content\\\/uploads\\\/2025\\\/07\\\/Logo-PGR-2025-512.png\",\"width\":512,\"height\":512,\"caption\":\"Projeto Golfinho Rotador\"},\"image\":{\"@id\":\"https:\\\/\\\/golfinhorotador.org.br\\\/#\\\/schema\\\/logo\\\/image\\\/\"},\"sameAs\":[\"https:\\\/\\\/www.facebook.com\\\/Projeto-Golfinho-Rotador-155695874539813\",\"https:\\\/\\\/x.com\\\/golfinhorotador\",\"https:\\\/\\\/www.instagram.com\\\/golfinhorotador\\\/\",\"https:\\\/\\\/www.youtube.com\\\/channel\\\/UCYw-aMfBHbkUU_DimpWJzbw\",\"https:\\\/\\\/www.tiktok.com\\\/@golfinhorotador\"]},{\"@type\":\"Person\",\"@id\":\"https:\\\/\\\/golfinhorotador.org.br\\\/#\\\/schema\\\/person\\\/31c9f545fc127c9e21fc1c5f001269db\",\"name\":\"Projeto Golfinho Rotador\",\"image\":{\"@type\":\"ImageObject\",\"inLanguage\":\"en-US\",\"@id\":\"https:\\\/\\\/secure.gravatar.com\\\/avatar\\\/4e2f6bba9197287956dc1c931a4caed810b09aec9b8f38aa913bd11926fd05d2?s=96&d=mm&r=g\",\"url\":\"https:\\\/\\\/secure.gravatar.com\\\/avatar\\\/4e2f6bba9197287956dc1c931a4caed810b09aec9b8f38aa913bd11926fd05d2?s=96&d=mm&r=g\",\"contentUrl\":\"https:\\\/\\\/secure.gravatar.com\\\/avatar\\\/4e2f6bba9197287956dc1c931a4caed810b09aec9b8f38aa913bd11926fd05d2?s=96&d=mm&r=g\",\"caption\":\"Projeto Golfinho Rotador\"},\"url\":\"https:\\\/\\\/golfinhorotador.org.br\\\/en\\\/author\\\/projeto-golfinho-rotador\\\/\"}]}<\/script>\n<!-- \/ Yoast SEO plugin. -->","yoast_head_json":{"title":"Lives do Projeto Golfinho Rotador re\u00fanem centenas de internautas - Projeto Golfinho Rotador","robots":{"index":"index","follow":"follow","max-snippet":"max-snippet:-1","max-image-preview":"max-image-preview:large","max-video-preview":"max-video-preview:-1"},"canonical":"https:\/\/golfinhorotador.org.br\/2020\/06\/29\/lives-do-projeto-golfinho-rotador-reunem-centenas-de-internautas\/","og_locale":"en_US","og_type":"article","og_title":"Lives do Projeto Golfinho Rotador re\u00fanem centenas de internautas - Projeto Golfinho Rotador","og_description":"O Projeto Golfinho Rotador encerra o m\u00eas de junho com um total de oito lives realizadas desde que suspendeu suas atividades externas devido \u00e0 pandemia de Covid-19. As transmiss\u00f5es ao vivo s\u00e3o feitas pelo Instagram, no perfil @golfinhorotador, e t\u00eam atra\u00eddo centenas de seguidores. Novas lives est\u00e3o sendo programadas com parceiros, que fazem parte dos [&hellip;]","og_url":"https:\/\/golfinhorotador.org.br\/2020\/06\/29\/lives-do-projeto-golfinho-rotador-reunem-centenas-de-internautas\/","og_site_name":"Projeto Golfinho Rotador","article_publisher":"https:\/\/www.facebook.com\/Projeto-Golfinho-Rotador-155695874539813","article_published_time":"2020-06-29T16:40:33+00:00","article_modified_time":"2025-08-09T16:41:47+00:00","og_image":[{"width":1346,"height":1196,"url":"https:\/\/golfinhorotador.org.br\/wp-content\/uploads\/2025\/08\/insta-live-pgr-sq.jpg","type":"image\/jpeg"}],"author":"Projeto Golfinho Rotador","twitter_card":"summary_large_image","twitter_creator":"@golfinhorotador","twitter_site":"@golfinhorotador","twitter_misc":{"Written by":"Projeto Golfinho Rotador","Est. reading time":"5 minutes"},"schema":{"@context":"https:\/\/schema.org","@graph":[{"@type":"Article","@id":"https:\/\/golfinhorotador.org.br\/2020\/06\/29\/lives-do-projeto-golfinho-rotador-reunem-centenas-de-internautas\/#article","isPartOf":{"@id":"https:\/\/golfinhorotador.org.br\/2020\/06\/29\/lives-do-projeto-golfinho-rotador-reunem-centenas-de-internautas\/"},"author":{"name":"Projeto Golfinho Rotador","@id":"https:\/\/golfinhorotador.org.br\/#\/schema\/person\/31c9f545fc127c9e21fc1c5f001269db"},"headline":"Lives do Projeto Golfinho Rotador re\u00fanem centenas de internautas","datePublished":"2020-06-29T16:40:33+00:00","dateModified":"2025-08-09T16:41:47+00:00","mainEntityOfPage":{"@id":"https:\/\/golfinhorotador.org.br\/2020\/06\/29\/lives-do-projeto-golfinho-rotador-reunem-centenas-de-internautas\/"},"wordCount":939,"commentCount":0,"publisher":{"@id":"https:\/\/golfinhorotador.org.br\/#organization"},"image":{"@id":"https:\/\/golfinhorotador.org.br\/2020\/06\/29\/lives-do-projeto-golfinho-rotador-reunem-centenas-de-internautas\/#primaryimage"},"thumbnailUrl":"https:\/\/golfinhorotador.org.br\/wp-content\/uploads\/2025\/08\/insta-live-pgr-sq.jpg","articleSection":["Not\u00edcias"],"inLanguage":"en-US","potentialAction":[{"@type":"CommentAction","name":"Comment","target":["https:\/\/golfinhorotador.org.br\/2020\/06\/29\/lives-do-projeto-golfinho-rotador-reunem-centenas-de-internautas\/#respond"]}]},{"@type":"WebPage","@id":"https:\/\/golfinhorotador.org.br\/2020\/06\/29\/lives-do-projeto-golfinho-rotador-reunem-centenas-de-internautas\/","url":"https:\/\/golfinhorotador.org.br\/2020\/06\/29\/lives-do-projeto-golfinho-rotador-reunem-centenas-de-internautas\/","name":"Lives do Projeto Golfinho Rotador re\u00fanem centenas de internautas - Projeto Golfinho Rotador","isPartOf":{"@id":"https:\/\/golfinhorotador.org.br\/#website"},"primaryImageOfPage":{"@id":"https:\/\/golfinhorotador.org.br\/2020\/06\/29\/lives-do-projeto-golfinho-rotador-reunem-centenas-de-internautas\/#primaryimage"},"image":{"@id":"https:\/\/golfinhorotador.org.br\/2020\/06\/29\/lives-do-projeto-golfinho-rotador-reunem-centenas-de-internautas\/#primaryimage"},"thumbnailUrl":"https:\/\/golfinhorotador.org.br\/wp-content\/uploads\/2025\/08\/insta-live-pgr-sq.jpg","datePublished":"2020-06-29T16:40:33+00:00","dateModified":"2025-08-09T16:41:47+00:00","breadcrumb":{"@id":"https:\/\/golfinhorotador.org.br\/2020\/06\/29\/lives-do-projeto-golfinho-rotador-reunem-centenas-de-internautas\/#breadcrumb"},"inLanguage":"en-US","potentialAction":[{"@type":"ReadAction","target":["https:\/\/golfinhorotador.org.br\/2020\/06\/29\/lives-do-projeto-golfinho-rotador-reunem-centenas-de-internautas\/"]}]},{"@type":"ImageObject","inLanguage":"en-US","@id":"https:\/\/golfinhorotador.org.br\/2020\/06\/29\/lives-do-projeto-golfinho-rotador-reunem-centenas-de-internautas\/#primaryimage","url":"https:\/\/golfinhorotador.org.br\/wp-content\/uploads\/2025\/08\/insta-live-pgr-sq.jpg","contentUrl":"https:\/\/golfinhorotador.org.br\/wp-content\/uploads\/2025\/08\/insta-live-pgr-sq.jpg","width":1346,"height":1196},{"@type":"BreadcrumbList","@id":"https:\/\/golfinhorotador.org.br\/2020\/06\/29\/lives-do-projeto-golfinho-rotador-reunem-centenas-de-internautas\/#breadcrumb","itemListElement":[{"@type":"ListItem","position":1,"name":"In\u00edcio","item":"https:\/\/golfinhorotador.org.br\/en\/home\/"},{"@type":"ListItem","position":2,"name":"Lives do Projeto Golfinho Rotador re\u00fanem centenas de internautas"}]},{"@type":"WebSite","@id":"https:\/\/golfinhorotador.org.br\/#website","url":"https:\/\/golfinhorotador.org.br\/","name":"Projeto Golfinho Rotador","description":"Fernando de Noronha","publisher":{"@id":"https:\/\/golfinhorotador.org.br\/#organization"},"potentialAction":[{"@type":"SearchAction","target":{"@type":"EntryPoint","urlTemplate":"https:\/\/golfinhorotador.org.br\/?s={search_term_string}"},"query-input":{"@type":"PropertyValueSpecification","valueRequired":true,"valueName":"search_term_string"}}],"inLanguage":"en-US"},{"@type":"Organization","@id":"https:\/\/golfinhorotador.org.br\/#organization","name":"Projeto Golfinho Rotador","url":"https:\/\/golfinhorotador.org.br\/","logo":{"@type":"ImageObject","inLanguage":"en-US","@id":"https:\/\/golfinhorotador.org.br\/#\/schema\/logo\/image\/","url":"https:\/\/golfinhorotador.org.br\/wp-content\/uploads\/2025\/07\/Logo-PGR-2025-512.png","contentUrl":"https:\/\/golfinhorotador.org.br\/wp-content\/uploads\/2025\/07\/Logo-PGR-2025-512.png","width":512,"height":512,"caption":"Projeto Golfinho Rotador"},"image":{"@id":"https:\/\/golfinhorotador.org.br\/#\/schema\/logo\/image\/"},"sameAs":["https:\/\/www.facebook.com\/Projeto-Golfinho-Rotador-155695874539813","https:\/\/x.com\/golfinhorotador","https:\/\/www.instagram.com\/golfinhorotador\/","https:\/\/www.youtube.com\/channel\/UCYw-aMfBHbkUU_DimpWJzbw","https:\/\/www.tiktok.com\/@golfinhorotador"]},{"@type":"Person","@id":"https:\/\/golfinhorotador.org.br\/#\/schema\/person\/31c9f545fc127c9e21fc1c5f001269db","name":"Projeto Golfinho Rotador","image":{"@type":"ImageObject","inLanguage":"en-US","@id":"https:\/\/secure.gravatar.com\/avatar\/4e2f6bba9197287956dc1c931a4caed810b09aec9b8f38aa913bd11926fd05d2?s=96&d=mm&r=g","url":"https:\/\/secure.gravatar.com\/avatar\/4e2f6bba9197287956dc1c931a4caed810b09aec9b8f38aa913bd11926fd05d2?s=96&d=mm&r=g","contentUrl":"https:\/\/secure.gravatar.com\/avatar\/4e2f6bba9197287956dc1c931a4caed810b09aec9b8f38aa913bd11926fd05d2?s=96&d=mm&r=g","caption":"Projeto Golfinho Rotador"},"url":"https:\/\/golfinhorotador.org.br\/en\/author\/projeto-golfinho-rotador\/"}]}},"_links":{"self":[{"href":"https:\/\/golfinhorotador.org.br\/en\/wp-json\/wp\/v2\/posts\/2588","targetHints":{"allow":["GET"]}}],"collection":[{"href":"https:\/\/golfinhorotador.org.br\/en\/wp-json\/wp\/v2\/posts"}],"about":[{"href":"https:\/\/golfinhorotador.org.br\/en\/wp-json\/wp\/v2\/types\/post"}],"author":[{"embeddable":true,"href":"https:\/\/golfinhorotador.org.br\/en\/wp-json\/wp\/v2\/users\/2"}],"replies":[{"embeddable":true,"href":"https:\/\/golfinhorotador.org.br\/en\/wp-json\/wp\/v2\/comments?post=2588"}],"version-history":[{"count":1,"href":"https:\/\/golfinhorotador.org.br\/en\/wp-json\/wp\/v2\/posts\/2588\/revisions"}],"predecessor-version":[{"id":2590,"href":"https:\/\/golfinhorotador.org.br\/en\/wp-json\/wp\/v2\/posts\/2588\/revisions\/2590"}],"wp:featuredmedia":[{"embeddable":true,"href":"https:\/\/golfinhorotador.org.br\/en\/wp-json\/wp\/v2\/media\/2589"}],"wp:attachment":[{"href":"https:\/\/golfinhorotador.org.br\/en\/wp-json\/wp\/v2\/media?parent=2588"}],"wp:term":[{"taxonomy":"category","embeddable":true,"href":"https:\/\/golfinhorotador.org.br\/en\/wp-json\/wp\/v2\/categories?post=2588"},{"taxonomy":"post_tag","embeddable":true,"href":"https:\/\/golfinhorotador.org.br\/en\/wp-json\/wp\/v2\/tags?post=2588"}],"curies":[{"name":"wp","href":"https:\/\/api.w.org\/{rel}","templated":true}]}}