{"id":2721,"date":"2021-04-01T23:00:41","date_gmt":"2021-04-02T02:00:41","guid":{"rendered":"https:\/\/golfinhorotador.org.br\/?p=2721"},"modified":"2025-08-10T23:03:19","modified_gmt":"2025-08-11T02:03:19","slug":"video-celebra-o-dia-mundial-da-agua","status":"publish","type":"post","link":"https:\/\/golfinhorotador.org.br\/en\/2021\/04\/01\/video-celebra-o-dia-mundial-da-agua\/","title":{"rendered":"V\u00eddeo celebra o Dia Mundial da \u00c1gua"},"content":{"rendered":"<p>Produzido pelo Projeto Golfinho Rotador, que conta com o patroc\u00ednio da Petrobras, o conte\u00fado est\u00e1 dispon\u00edvel no canal Youtube (<a href=\"https:\/\/www.youtube.com\/watch?v=SaUckI1mtE8\">https:\/\/www.youtube.com\/watch?v=SaUckI1mtE8<\/a>) da institui\u00e7\u00e3o e destaca a Declara\u00e7\u00e3o Universal dos Direitos da \u00c1gua e estimula as pessoas de todas as idades a preservar esse precioso bem.<\/p>\n<p><iframe title=\"Como salvar o planeta cuidando das \u00e1guas?\" width=\"800\" height=\"450\" src=\"https:\/\/www.youtube.com\/embed\/SaUckI1mtE8?feature=oembed\" frameborder=\"0\" allow=\"accelerometer; autoplay; clipboard-write; encrypted-media; gyroscope; picture-in-picture; web-share\" referrerpolicy=\"strict-origin-when-cross-origin\" allowfullscreen><\/iframe><\/p>\n<p>&#8220;Este v\u00eddeo pode salvar a sua vida. E sabe porque esse v\u00eddeo pode salvar a sua vida? Porque a \u00e1gua n\u00e3o serve apenas para a gente tomar banho, pegar ondas ou lavar lou\u00e7a. Como todo ser humano tem os seus direitos a \u00e1gua tamb\u00e9m tem os dela&#8221;.<\/p>\n<p>Assim come\u00e7a o v\u00eddeo produzido pela equipe do Projeto Golfinho Rotador, patrocinado pela Petrobras, para celebrar o Dia Mundial da \u00c1gua. Com 4 minutos e 13 segundos de dura\u00e7\u00e3o, o v\u00eddeo destaca diversos pontos fundamentais sobre a \u00e1gua. Um deles ressalta a Declara\u00e7\u00e3o Universal dos Direitos da \u00c1gua, criada em 22 de mar\u00e7o de 1992, na cidade do Rio de Janeiro, durante a ECO 92, a Confer\u00eancia das Na\u00e7\u00f5es Unidas sobre o Meio Ambiente e o Desenvolvimento Sustent\u00e1vel.<\/p>\n<p><strong>Naquela ocasi\u00e3o, foram definidos os dez pontos da Declara\u00e7\u00e3o dos Direitos da \u00c1gua, que s\u00e3o:<\/strong><\/p>\n<p><strong>1\u00ba.<\/strong> A \u00e1gua \u00e9 Patrim\u00f4nio do planeta.<\/p>\n<p><strong>2\u00ba.<\/strong> A \u00e1gua \u00e9 a seiva da Terra.<\/p>\n<p><strong>3\u00ba.<\/strong> Os recursos naturais de transforma\u00e7\u00e3o da \u00e1gua em \u00e1gua pot\u00e1vel s\u00e3o lentos, fr\u00e1geis e muito limitados.<\/p>\n<p><strong>4\u00ba.<\/strong> O equil\u00edbrio e o futuro do nosso planeta dependem da preserva\u00e7\u00e3o da \u00e1gua, incluindo a conserva\u00e7\u00e3o dos mares, rios e oceanos.<\/p>\n<p><strong>5\u00ba.<\/strong> A \u00e1gua n\u00e3o \u00e9 somente uma heran\u00e7a dos nossos antepassados. \u00c9 um empr\u00e9stimo aos nossos sucessores.<\/p>\n<p><strong>6\u00ba.<\/strong> A \u00e1gua n\u00e3o \u00e9 uma doa\u00e7\u00e3o gratuita da natureza, ela tem valor econ\u00f4mico, em muitos locais do mundo \u00e9 rara e pode se tornar um bem escasso.<\/p>\n<p><strong>7\u00ba.<\/strong> A \u00e1gua n\u00e3o deve ser desperdi\u00e7ada, polu\u00edda e nem envenenada.<\/p>\n<p><strong>8\u00ba.<\/strong> A utiliza\u00e7\u00e3o da \u00e1gua implica o respeito \u00e0 lei. Sua prote\u00e7\u00e3o \u00e9 uma obriga\u00e7\u00e3o jur\u00eddica para todos, tanto indiv\u00edduos quanto governos.<\/p>\n<p><strong>9\u00ba.<\/strong> A gest\u00e3o da \u00e1gua imp\u00f5e um equil\u00edbrio de ordem econ\u00f4mica, sanit\u00e1ria e social.<\/p>\n<p><strong>10\u00ba.<\/strong> O planejamento da gest\u00e3o da \u00e1gua deve levar em conta a solidariedade e o consenso em raz\u00e3o da sua distribui\u00e7\u00e3o desigual. Mais de 600 milh\u00f5es de pessoas no mundo continuam sem acesso a \u00e1gua pot\u00e1vel.<\/p>\n<p><img fetchpriority=\"high\" decoding=\"async\" class=\"aligncenter size-full wp-image-11366\" src=\"https:\/\/golfinhorotador.org.br\/wp-content\/uploads\/2021\/04\/rota_news2_Materia3_youtube2.jpg\" alt=\"\" width=\"554\" height=\"287\" \/><\/p>\n<p>&nbsp;<\/p>\n<p>Com produ\u00e7\u00e3o e narra\u00e7\u00e3o de Luiza Sampaio, pesquisadora do Projeto Golfinho Rotador, o v\u00eddeo tamb\u00e9m destaca que a \u00e1gua \u00e9 o h\u00e1bitat de mais de 2 milh\u00f5es de seres vivos, como golfinhos, baleias, tubar\u00f5es, tartarugas, diferentes esp\u00e9cies de peixes e corais e albatrozes. Ao final do v\u00eddeo, a narradora convida todos a interagir com o conte\u00fado: &#8220;Escreva nos coment\u00e1rios o que voc\u00ea faz para preservar a \u00e1gua. E n\u00e3o se esque\u00e7a de compartilhar esse v\u00eddeo com seus colegas, que assim como voc\u00ea n\u00e3o vivem sem \u00e1gua e podem te ajudar a salvar o planeta&#8221;.<\/p>\n<p>Com a continuidade do patroc\u00ednio oficial da Petrobras, por meio do Programa Petrobras Socioambiental, o Projeto Golfinho Rotador continua em sua nobre miss\u00e3o de sensibilizar e envolver a sociedade em prol da conserva\u00e7\u00e3o marinha e do Planeta como um todo por meio da divulga\u00e7\u00e3o de conte\u00fado educativo.<\/p>\n","protected":false},"excerpt":{"rendered":"<p>Produzido pelo Projeto Golfinho Rotador, que conta com o patroc\u00ednio da Petrobras, o conte\u00fado est\u00e1 dispon\u00edvel no canal Youtube (https:\/\/www.youtube.com\/watch?v=SaUckI1mtE8) da institui\u00e7\u00e3o e destaca a Declara\u00e7\u00e3o Universal dos Direitos da \u00c1gua e estimula as pessoas de todas as idades a preservar esse precioso bem. &#8220;Este v\u00eddeo pode salvar a sua vida. E sabe porque esse [&hellip;]<\/p>\n","protected":false},"author":2,"featured_media":2722,"comment_status":"open","ping_status":"open","sticky":false,"template":"","format":"standard","meta":{"_acf_changed":false,"footnotes":""},"categories":[9,5],"tags":[],"class_list":["post-2721","post","type-post","status-publish","format-standard","has-post-thumbnail","hentry","category-noticias","category-videos"],"acf":{"exibir_imagem_destacada":"N\u00e3o"},"yoast_head":"<!-- This site is optimized with the Yoast SEO plugin v27.4 - https:\/\/yoast.com\/product\/yoast-seo-wordpress\/ -->\n<title>V\u00eddeo celebra o Dia Mundial da \u00c1gua - Projeto Golfinho Rotador<\/title>\n<meta name=\"robots\" content=\"index, follow, max-snippet:-1, max-image-preview:large, max-video-preview:-1\" \/>\n<link rel=\"canonical\" href=\"https:\/\/golfinhorotador.org.br\/2021\/04\/01\/video-celebra-o-dia-mundial-da-agua\/\" \/>\n<meta property=\"og:locale\" content=\"en_US\" \/>\n<meta property=\"og:type\" content=\"article\" \/>\n<meta property=\"og:title\" content=\"V\u00eddeo celebra o Dia Mundial da \u00c1gua - Projeto Golfinho Rotador\" \/>\n<meta property=\"og:description\" content=\"Produzido pelo Projeto Golfinho Rotador, que conta com o patroc\u00ednio da Petrobras, o conte\u00fado est\u00e1 dispon\u00edvel no canal Youtube (https:\/\/www.youtube.com\/watch?v=SaUckI1mtE8) da institui\u00e7\u00e3o e destaca a Declara\u00e7\u00e3o Universal dos Direitos da \u00c1gua e estimula as pessoas de todas as idades a preservar esse precioso bem. &#8220;Este v\u00eddeo pode salvar a sua vida. E sabe porque esse [&hellip;]\" \/>\n<meta property=\"og:url\" content=\"https:\/\/golfinhorotador.org.br\/2021\/04\/01\/video-celebra-o-dia-mundial-da-agua\/\" \/>\n<meta property=\"og:site_name\" content=\"Projeto Golfinho Rotador\" \/>\n<meta property=\"article:publisher\" content=\"https:\/\/www.facebook.com\/Projeto-Golfinho-Rotador-155695874539813\" \/>\n<meta property=\"article:published_time\" content=\"2021-04-02T02:00:41+00:00\" \/>\n<meta property=\"article:modified_time\" content=\"2025-08-11T02:03:19+00:00\" \/>\n<meta property=\"og:image\" content=\"https:\/\/golfinhorotador.org.br\/wp-content\/uploads\/2025\/08\/rota_news2_Materia3_youtube1.jpg\" \/>\n\t<meta property=\"og:image:width\" content=\"569\" \/>\n\t<meta property=\"og:image:height\" content=\"312\" \/>\n\t<meta property=\"og:image:type\" content=\"image\/jpeg\" \/>\n<meta name=\"author\" content=\"Projeto Golfinho Rotador\" \/>\n<meta name=\"twitter:card\" content=\"summary_large_image\" \/>\n<meta name=\"twitter:creator\" content=\"@golfinhorotador\" \/>\n<meta name=\"twitter:site\" content=\"@golfinhorotador\" \/>\n<meta name=\"twitter:label1\" content=\"Written by\" \/>\n\t<meta name=\"twitter:data1\" content=\"Projeto Golfinho Rotador\" \/>\n\t<meta name=\"twitter:label2\" content=\"Est. reading time\" \/>\n\t<meta name=\"twitter:data2\" content=\"3 minutes\" \/>\n<script type=\"application\/ld+json\" class=\"yoast-schema-graph\">{\"@context\":\"https:\\\/\\\/schema.org\",\"@graph\":[{\"@type\":\"Article\",\"@id\":\"https:\\\/\\\/golfinhorotador.org.br\\\/2021\\\/04\\\/01\\\/video-celebra-o-dia-mundial-da-agua\\\/#article\",\"isPartOf\":{\"@id\":\"https:\\\/\\\/golfinhorotador.org.br\\\/2021\\\/04\\\/01\\\/video-celebra-o-dia-mundial-da-agua\\\/\"},\"author\":{\"name\":\"Projeto Golfinho Rotador\",\"@id\":\"https:\\\/\\\/golfinhorotador.org.br\\\/#\\\/schema\\\/person\\\/31c9f545fc127c9e21fc1c5f001269db\"},\"headline\":\"V\u00eddeo celebra o Dia Mundial da \u00c1gua\",\"datePublished\":\"2021-04-02T02:00:41+00:00\",\"dateModified\":\"2025-08-11T02:03:19+00:00\",\"mainEntityOfPage\":{\"@id\":\"https:\\\/\\\/golfinhorotador.org.br\\\/2021\\\/04\\\/01\\\/video-celebra-o-dia-mundial-da-agua\\\/\"},\"wordCount\":579,\"commentCount\":0,\"publisher\":{\"@id\":\"https:\\\/\\\/golfinhorotador.org.br\\\/#organization\"},\"image\":{\"@id\":\"https:\\\/\\\/golfinhorotador.org.br\\\/2021\\\/04\\\/01\\\/video-celebra-o-dia-mundial-da-agua\\\/#primaryimage\"},\"thumbnailUrl\":\"https:\\\/\\\/golfinhorotador.org.br\\\/wp-content\\\/uploads\\\/2025\\\/08\\\/rota_news2_Materia3_youtube1.jpg\",\"articleSection\":[\"Not\u00edcias\",\"V\u00eddeos\"],\"inLanguage\":\"en-US\",\"potentialAction\":[{\"@type\":\"CommentAction\",\"name\":\"Comment\",\"target\":[\"https:\\\/\\\/golfinhorotador.org.br\\\/2021\\\/04\\\/01\\\/video-celebra-o-dia-mundial-da-agua\\\/#respond\"]}]},{\"@type\":\"WebPage\",\"@id\":\"https:\\\/\\\/golfinhorotador.org.br\\\/2021\\\/04\\\/01\\\/video-celebra-o-dia-mundial-da-agua\\\/\",\"url\":\"https:\\\/\\\/golfinhorotador.org.br\\\/2021\\\/04\\\/01\\\/video-celebra-o-dia-mundial-da-agua\\\/\",\"name\":\"V\u00eddeo celebra o Dia Mundial da \u00c1gua - Projeto Golfinho Rotador\",\"isPartOf\":{\"@id\":\"https:\\\/\\\/golfinhorotador.org.br\\\/#website\"},\"primaryImageOfPage\":{\"@id\":\"https:\\\/\\\/golfinhorotador.org.br\\\/2021\\\/04\\\/01\\\/video-celebra-o-dia-mundial-da-agua\\\/#primaryimage\"},\"image\":{\"@id\":\"https:\\\/\\\/golfinhorotador.org.br\\\/2021\\\/04\\\/01\\\/video-celebra-o-dia-mundial-da-agua\\\/#primaryimage\"},\"thumbnailUrl\":\"https:\\\/\\\/golfinhorotador.org.br\\\/wp-content\\\/uploads\\\/2025\\\/08\\\/rota_news2_Materia3_youtube1.jpg\",\"datePublished\":\"2021-04-02T02:00:41+00:00\",\"dateModified\":\"2025-08-11T02:03:19+00:00\",\"breadcrumb\":{\"@id\":\"https:\\\/\\\/golfinhorotador.org.br\\\/2021\\\/04\\\/01\\\/video-celebra-o-dia-mundial-da-agua\\\/#breadcrumb\"},\"inLanguage\":\"en-US\",\"potentialAction\":[{\"@type\":\"ReadAction\",\"target\":[\"https:\\\/\\\/golfinhorotador.org.br\\\/2021\\\/04\\\/01\\\/video-celebra-o-dia-mundial-da-agua\\\/\"]}]},{\"@type\":\"ImageObject\",\"inLanguage\":\"en-US\",\"@id\":\"https:\\\/\\\/golfinhorotador.org.br\\\/2021\\\/04\\\/01\\\/video-celebra-o-dia-mundial-da-agua\\\/#primaryimage\",\"url\":\"https:\\\/\\\/golfinhorotador.org.br\\\/wp-content\\\/uploads\\\/2025\\\/08\\\/rota_news2_Materia3_youtube1.jpg\",\"contentUrl\":\"https:\\\/\\\/golfinhorotador.org.br\\\/wp-content\\\/uploads\\\/2025\\\/08\\\/rota_news2_Materia3_youtube1.jpg\",\"width\":569,\"height\":312},{\"@type\":\"BreadcrumbList\",\"@id\":\"https:\\\/\\\/golfinhorotador.org.br\\\/2021\\\/04\\\/01\\\/video-celebra-o-dia-mundial-da-agua\\\/#breadcrumb\",\"itemListElement\":[{\"@type\":\"ListItem\",\"position\":1,\"name\":\"In\u00edcio\",\"item\":\"https:\\\/\\\/golfinhorotador.org.br\\\/en\\\/home\\\/\"},{\"@type\":\"ListItem\",\"position\":2,\"name\":\"V\u00eddeo celebra o Dia Mundial da \u00c1gua\"}]},{\"@type\":\"WebSite\",\"@id\":\"https:\\\/\\\/golfinhorotador.org.br\\\/#website\",\"url\":\"https:\\\/\\\/golfinhorotador.org.br\\\/\",\"name\":\"Projeto Golfinho Rotador\",\"description\":\"Fernando de Noronha\",\"publisher\":{\"@id\":\"https:\\\/\\\/golfinhorotador.org.br\\\/#organization\"},\"potentialAction\":[{\"@type\":\"SearchAction\",\"target\":{\"@type\":\"EntryPoint\",\"urlTemplate\":\"https:\\\/\\\/golfinhorotador.org.br\\\/?s={search_term_string}\"},\"query-input\":{\"@type\":\"PropertyValueSpecification\",\"valueRequired\":true,\"valueName\":\"search_term_string\"}}],\"inLanguage\":\"en-US\"},{\"@type\":\"Organization\",\"@id\":\"https:\\\/\\\/golfinhorotador.org.br\\\/#organization\",\"name\":\"Projeto Golfinho Rotador\",\"url\":\"https:\\\/\\\/golfinhorotador.org.br\\\/\",\"logo\":{\"@type\":\"ImageObject\",\"inLanguage\":\"en-US\",\"@id\":\"https:\\\/\\\/golfinhorotador.org.br\\\/#\\\/schema\\\/logo\\\/image\\\/\",\"url\":\"https:\\\/\\\/golfinhorotador.org.br\\\/wp-content\\\/uploads\\\/2025\\\/07\\\/Logo-PGR-2025-512.png\",\"contentUrl\":\"https:\\\/\\\/golfinhorotador.org.br\\\/wp-content\\\/uploads\\\/2025\\\/07\\\/Logo-PGR-2025-512.png\",\"width\":512,\"height\":512,\"caption\":\"Projeto Golfinho Rotador\"},\"image\":{\"@id\":\"https:\\\/\\\/golfinhorotador.org.br\\\/#\\\/schema\\\/logo\\\/image\\\/\"},\"sameAs\":[\"https:\\\/\\\/www.facebook.com\\\/Projeto-Golfinho-Rotador-155695874539813\",\"https:\\\/\\\/x.com\\\/golfinhorotador\",\"https:\\\/\\\/www.instagram.com\\\/golfinhorotador\\\/\",\"https:\\\/\\\/www.youtube.com\\\/channel\\\/UCYw-aMfBHbkUU_DimpWJzbw\",\"https:\\\/\\\/www.tiktok.com\\\/@golfinhorotador\"]},{\"@type\":\"Person\",\"@id\":\"https:\\\/\\\/golfinhorotador.org.br\\\/#\\\/schema\\\/person\\\/31c9f545fc127c9e21fc1c5f001269db\",\"name\":\"Projeto Golfinho Rotador\",\"image\":{\"@type\":\"ImageObject\",\"inLanguage\":\"en-US\",\"@id\":\"https:\\\/\\\/secure.gravatar.com\\\/avatar\\\/4e2f6bba9197287956dc1c931a4caed810b09aec9b8f38aa913bd11926fd05d2?s=96&d=mm&r=g\",\"url\":\"https:\\\/\\\/secure.gravatar.com\\\/avatar\\\/4e2f6bba9197287956dc1c931a4caed810b09aec9b8f38aa913bd11926fd05d2?s=96&d=mm&r=g\",\"contentUrl\":\"https:\\\/\\\/secure.gravatar.com\\\/avatar\\\/4e2f6bba9197287956dc1c931a4caed810b09aec9b8f38aa913bd11926fd05d2?s=96&d=mm&r=g\",\"caption\":\"Projeto Golfinho Rotador\"},\"url\":\"https:\\\/\\\/golfinhorotador.org.br\\\/en\\\/author\\\/projeto-golfinho-rotador\\\/\"}]}<\/script>\n<!-- \/ Yoast SEO plugin. -->","yoast_head_json":{"title":"V\u00eddeo celebra o Dia Mundial da \u00c1gua - Projeto Golfinho Rotador","robots":{"index":"index","follow":"follow","max-snippet":"max-snippet:-1","max-image-preview":"max-image-preview:large","max-video-preview":"max-video-preview:-1"},"canonical":"https:\/\/golfinhorotador.org.br\/2021\/04\/01\/video-celebra-o-dia-mundial-da-agua\/","og_locale":"en_US","og_type":"article","og_title":"V\u00eddeo celebra o Dia Mundial da \u00c1gua - Projeto Golfinho Rotador","og_description":"Produzido pelo Projeto Golfinho Rotador, que conta com o patroc\u00ednio da Petrobras, o conte\u00fado est\u00e1 dispon\u00edvel no canal Youtube (https:\/\/www.youtube.com\/watch?v=SaUckI1mtE8) da institui\u00e7\u00e3o e destaca a Declara\u00e7\u00e3o Universal dos Direitos da \u00c1gua e estimula as pessoas de todas as idades a preservar esse precioso bem. &#8220;Este v\u00eddeo pode salvar a sua vida. E sabe porque esse [&hellip;]","og_url":"https:\/\/golfinhorotador.org.br\/2021\/04\/01\/video-celebra-o-dia-mundial-da-agua\/","og_site_name":"Projeto Golfinho Rotador","article_publisher":"https:\/\/www.facebook.com\/Projeto-Golfinho-Rotador-155695874539813","article_published_time":"2021-04-02T02:00:41+00:00","article_modified_time":"2025-08-11T02:03:19+00:00","og_image":[{"width":569,"height":312,"url":"https:\/\/golfinhorotador.org.br\/wp-content\/uploads\/2025\/08\/rota_news2_Materia3_youtube1.jpg","type":"image\/jpeg"}],"author":"Projeto Golfinho Rotador","twitter_card":"summary_large_image","twitter_creator":"@golfinhorotador","twitter_site":"@golfinhorotador","twitter_misc":{"Written by":"Projeto Golfinho Rotador","Est. reading time":"3 minutes"},"schema":{"@context":"https:\/\/schema.org","@graph":[{"@type":"Article","@id":"https:\/\/golfinhorotador.org.br\/2021\/04\/01\/video-celebra-o-dia-mundial-da-agua\/#article","isPartOf":{"@id":"https:\/\/golfinhorotador.org.br\/2021\/04\/01\/video-celebra-o-dia-mundial-da-agua\/"},"author":{"name":"Projeto Golfinho Rotador","@id":"https:\/\/golfinhorotador.org.br\/#\/schema\/person\/31c9f545fc127c9e21fc1c5f001269db"},"headline":"V\u00eddeo celebra o Dia Mundial da \u00c1gua","datePublished":"2021-04-02T02:00:41+00:00","dateModified":"2025-08-11T02:03:19+00:00","mainEntityOfPage":{"@id":"https:\/\/golfinhorotador.org.br\/2021\/04\/01\/video-celebra-o-dia-mundial-da-agua\/"},"wordCount":579,"commentCount":0,"publisher":{"@id":"https:\/\/golfinhorotador.org.br\/#organization"},"image":{"@id":"https:\/\/golfinhorotador.org.br\/2021\/04\/01\/video-celebra-o-dia-mundial-da-agua\/#primaryimage"},"thumbnailUrl":"https:\/\/golfinhorotador.org.br\/wp-content\/uploads\/2025\/08\/rota_news2_Materia3_youtube1.jpg","articleSection":["Not\u00edcias","V\u00eddeos"],"inLanguage":"en-US","potentialAction":[{"@type":"CommentAction","name":"Comment","target":["https:\/\/golfinhorotador.org.br\/2021\/04\/01\/video-celebra-o-dia-mundial-da-agua\/#respond"]}]},{"@type":"WebPage","@id":"https:\/\/golfinhorotador.org.br\/2021\/04\/01\/video-celebra-o-dia-mundial-da-agua\/","url":"https:\/\/golfinhorotador.org.br\/2021\/04\/01\/video-celebra-o-dia-mundial-da-agua\/","name":"V\u00eddeo celebra o Dia Mundial da \u00c1gua - Projeto Golfinho Rotador","isPartOf":{"@id":"https:\/\/golfinhorotador.org.br\/#website"},"primaryImageOfPage":{"@id":"https:\/\/golfinhorotador.org.br\/2021\/04\/01\/video-celebra-o-dia-mundial-da-agua\/#primaryimage"},"image":{"@id":"https:\/\/golfinhorotador.org.br\/2021\/04\/01\/video-celebra-o-dia-mundial-da-agua\/#primaryimage"},"thumbnailUrl":"https:\/\/golfinhorotador.org.br\/wp-content\/uploads\/2025\/08\/rota_news2_Materia3_youtube1.jpg","datePublished":"2021-04-02T02:00:41+00:00","dateModified":"2025-08-11T02:03:19+00:00","breadcrumb":{"@id":"https:\/\/golfinhorotador.org.br\/2021\/04\/01\/video-celebra-o-dia-mundial-da-agua\/#breadcrumb"},"inLanguage":"en-US","potentialAction":[{"@type":"ReadAction","target":["https:\/\/golfinhorotador.org.br\/2021\/04\/01\/video-celebra-o-dia-mundial-da-agua\/"]}]},{"@type":"ImageObject","inLanguage":"en-US","@id":"https:\/\/golfinhorotador.org.br\/2021\/04\/01\/video-celebra-o-dia-mundial-da-agua\/#primaryimage","url":"https:\/\/golfinhorotador.org.br\/wp-content\/uploads\/2025\/08\/rota_news2_Materia3_youtube1.jpg","contentUrl":"https:\/\/golfinhorotador.org.br\/wp-content\/uploads\/2025\/08\/rota_news2_Materia3_youtube1.jpg","width":569,"height":312},{"@type":"BreadcrumbList","@id":"https:\/\/golfinhorotador.org.br\/2021\/04\/01\/video-celebra-o-dia-mundial-da-agua\/#breadcrumb","itemListElement":[{"@type":"ListItem","position":1,"name":"In\u00edcio","item":"https:\/\/golfinhorotador.org.br\/en\/home\/"},{"@type":"ListItem","position":2,"name":"V\u00eddeo celebra o Dia Mundial da \u00c1gua"}]},{"@type":"WebSite","@id":"https:\/\/golfinhorotador.org.br\/#website","url":"https:\/\/golfinhorotador.org.br\/","name":"Projeto Golfinho Rotador","description":"Fernando de Noronha","publisher":{"@id":"https:\/\/golfinhorotador.org.br\/#organization"},"potentialAction":[{"@type":"SearchAction","target":{"@type":"EntryPoint","urlTemplate":"https:\/\/golfinhorotador.org.br\/?s={search_term_string}"},"query-input":{"@type":"PropertyValueSpecification","valueRequired":true,"valueName":"search_term_string"}}],"inLanguage":"en-US"},{"@type":"Organization","@id":"https:\/\/golfinhorotador.org.br\/#organization","name":"Projeto Golfinho Rotador","url":"https:\/\/golfinhorotador.org.br\/","logo":{"@type":"ImageObject","inLanguage":"en-US","@id":"https:\/\/golfinhorotador.org.br\/#\/schema\/logo\/image\/","url":"https:\/\/golfinhorotador.org.br\/wp-content\/uploads\/2025\/07\/Logo-PGR-2025-512.png","contentUrl":"https:\/\/golfinhorotador.org.br\/wp-content\/uploads\/2025\/07\/Logo-PGR-2025-512.png","width":512,"height":512,"caption":"Projeto Golfinho Rotador"},"image":{"@id":"https:\/\/golfinhorotador.org.br\/#\/schema\/logo\/image\/"},"sameAs":["https:\/\/www.facebook.com\/Projeto-Golfinho-Rotador-155695874539813","https:\/\/x.com\/golfinhorotador","https:\/\/www.instagram.com\/golfinhorotador\/","https:\/\/www.youtube.com\/channel\/UCYw-aMfBHbkUU_DimpWJzbw","https:\/\/www.tiktok.com\/@golfinhorotador"]},{"@type":"Person","@id":"https:\/\/golfinhorotador.org.br\/#\/schema\/person\/31c9f545fc127c9e21fc1c5f001269db","name":"Projeto Golfinho Rotador","image":{"@type":"ImageObject","inLanguage":"en-US","@id":"https:\/\/secure.gravatar.com\/avatar\/4e2f6bba9197287956dc1c931a4caed810b09aec9b8f38aa913bd11926fd05d2?s=96&d=mm&r=g","url":"https:\/\/secure.gravatar.com\/avatar\/4e2f6bba9197287956dc1c931a4caed810b09aec9b8f38aa913bd11926fd05d2?s=96&d=mm&r=g","contentUrl":"https:\/\/secure.gravatar.com\/avatar\/4e2f6bba9197287956dc1c931a4caed810b09aec9b8f38aa913bd11926fd05d2?s=96&d=mm&r=g","caption":"Projeto Golfinho Rotador"},"url":"https:\/\/golfinhorotador.org.br\/en\/author\/projeto-golfinho-rotador\/"}]}},"_links":{"self":[{"href":"https:\/\/golfinhorotador.org.br\/en\/wp-json\/wp\/v2\/posts\/2721","targetHints":{"allow":["GET"]}}],"collection":[{"href":"https:\/\/golfinhorotador.org.br\/en\/wp-json\/wp\/v2\/posts"}],"about":[{"href":"https:\/\/golfinhorotador.org.br\/en\/wp-json\/wp\/v2\/types\/post"}],"author":[{"embeddable":true,"href":"https:\/\/golfinhorotador.org.br\/en\/wp-json\/wp\/v2\/users\/2"}],"replies":[{"embeddable":true,"href":"https:\/\/golfinhorotador.org.br\/en\/wp-json\/wp\/v2\/comments?post=2721"}],"version-history":[{"count":1,"href":"https:\/\/golfinhorotador.org.br\/en\/wp-json\/wp\/v2\/posts\/2721\/revisions"}],"predecessor-version":[{"id":2724,"href":"https:\/\/golfinhorotador.org.br\/en\/wp-json\/wp\/v2\/posts\/2721\/revisions\/2724"}],"wp:featuredmedia":[{"embeddable":true,"href":"https:\/\/golfinhorotador.org.br\/en\/wp-json\/wp\/v2\/media\/2722"}],"wp:attachment":[{"href":"https:\/\/golfinhorotador.org.br\/en\/wp-json\/wp\/v2\/media?parent=2721"}],"wp:term":[{"taxonomy":"category","embeddable":true,"href":"https:\/\/golfinhorotador.org.br\/en\/wp-json\/wp\/v2\/categories?post=2721"},{"taxonomy":"post_tag","embeddable":true,"href":"https:\/\/golfinhorotador.org.br\/en\/wp-json\/wp\/v2\/tags?post=2721"}],"curies":[{"name":"wp","href":"https:\/\/api.w.org\/{rel}","templated":true}]}}