{"id":2791,"date":"2021-05-25T23:47:39","date_gmt":"2021-05-26T02:47:39","guid":{"rendered":"https:\/\/golfinhorotador.org.br\/?p=2791"},"modified":"2025-08-10T23:54:01","modified_gmt":"2025-08-11T02:54:01","slug":"projeto-golfinho-rotador-celebra-semana-do-livro-e-da-educacao","status":"publish","type":"post","link":"https:\/\/golfinhorotador.org.br\/en\/2021\/05\/25\/projeto-golfinho-rotador-celebra-semana-do-livro-e-da-educacao\/","title":{"rendered":"Projeto Golfinho Rotador celebra Semana do Livro e da Educa\u00e7\u00e3o"},"content":{"rendered":"\t\t<div data-elementor-type=\"wp-post\" data-elementor-id=\"2791\" class=\"elementor elementor-2791\" data-elementor-post-type=\"post\">\n\t\t\t\t<div class=\"elementor-element elementor-element-76216b60 e-flex e-con-boxed e-con e-parent\" data-id=\"76216b60\" data-element_type=\"container\" data-e-type=\"container\">\n\t\t\t\t\t<div class=\"e-con-inner\">\n\t\t\t\t<div class=\"elementor-element elementor-element-3bd214e elementor-widget elementor-widget-gallery\" data-id=\"3bd214e\" data-element_type=\"widget\" data-e-type=\"widget\" data-settings=\"{&quot;aspect_ratio&quot;:&quot;9:16&quot;,&quot;image_hover_animation&quot;:&quot;grow&quot;,&quot;lazyload&quot;:&quot;yes&quot;,&quot;gallery_layout&quot;:&quot;grid&quot;,&quot;columns&quot;:4,&quot;columns_tablet&quot;:2,&quot;columns_mobile&quot;:1,&quot;gap&quot;:{&quot;unit&quot;:&quot;px&quot;,&quot;size&quot;:10,&quot;sizes&quot;:[]},&quot;gap_tablet&quot;:{&quot;unit&quot;:&quot;px&quot;,&quot;size&quot;:10,&quot;sizes&quot;:[]},&quot;gap_mobile&quot;:{&quot;unit&quot;:&quot;px&quot;,&quot;size&quot;:10,&quot;sizes&quot;:[]},&quot;link_to&quot;:&quot;file&quot;,&quot;overlay_background&quot;:&quot;yes&quot;,&quot;content_hover_animation&quot;:&quot;fade-in&quot;}\" data-widget_type=\"gallery.default\">\n\t\t\t\t\t\t\t<div class=\"elementor-gallery__container\">\n\t\t\t\t\t\t\t<a class=\"e-gallery-item elementor-gallery-item elementor-animated-content\" href=\"https:\/\/golfinhorotador.org.br\/wp-content\/uploads\/2025\/08\/diadolivro1.jpg\" data-elementor-open-lightbox=\"yes\" data-elementor-lightbox-slideshow=\"3bd214e\" data-elementor-lightbox-title=\"diadolivro1\" data-e-action-hash=\"#elementor-action%3Aaction%3Dlightbox%26settings%3DeyJpZCI6Mjc5MiwidXJsIjoiaHR0cHM6XC9cL2dvbGZpbmhvcm90YWRvci5vcmcuYnJcL3dwLWNvbnRlbnRcL3VwbG9hZHNcLzIwMjVcLzA4XC9kaWFkb2xpdnJvMS5qcGciLCJzbGlkZXNob3ciOiIzYmQyMTRlIn0%3D\">\n\t\t\t\t\t<div class=\"e-gallery-image elementor-gallery-item__image\" data-thumbnail=\"https:\/\/golfinhorotador.org.br\/wp-content\/uploads\/2025\/08\/diadolivro1.jpg\" data-width=\"1280\" data-height=\"960\" aria-label=\"\" role=\"img\" ><\/div>\n\t\t\t\t\t\t\t\t\t\t\t<div class=\"elementor-gallery-item__overlay\"><\/div>\n\t\t\t\t\t\t\t\t\t\t\t\t\t\t<\/a>\n\t\t\t\t\t\t\t<a class=\"e-gallery-item elementor-gallery-item elementor-animated-content\" href=\"https:\/\/golfinhorotador.org.br\/wp-content\/uploads\/2025\/08\/diadolivro2.jpg\" data-elementor-open-lightbox=\"yes\" data-elementor-lightbox-slideshow=\"3bd214e\" data-elementor-lightbox-title=\"diadolivro2\" data-e-action-hash=\"#elementor-action%3Aaction%3Dlightbox%26settings%3DeyJpZCI6Mjc5MywidXJsIjoiaHR0cHM6XC9cL2dvbGZpbmhvcm90YWRvci5vcmcuYnJcL3dwLWNvbnRlbnRcL3VwbG9hZHNcLzIwMjVcLzA4XC9kaWFkb2xpdnJvMi5qcGciLCJzbGlkZXNob3ciOiIzYmQyMTRlIn0%3D\">\n\t\t\t\t\t<div class=\"e-gallery-image elementor-gallery-item__image\" data-thumbnail=\"https:\/\/golfinhorotador.org.br\/wp-content\/uploads\/2025\/08\/diadolivro2.jpg\" data-width=\"1280\" data-height=\"960\" aria-label=\"\" role=\"img\" ><\/div>\n\t\t\t\t\t\t\t\t\t\t\t<div class=\"elementor-gallery-item__overlay\"><\/div>\n\t\t\t\t\t\t\t\t\t\t\t\t\t\t<\/a>\n\t\t\t\t\t\t\t<a class=\"e-gallery-item elementor-gallery-item elementor-animated-content\" href=\"https:\/\/golfinhorotador.org.br\/wp-content\/uploads\/2025\/08\/diadolivro3.jpg\" data-elementor-open-lightbox=\"yes\" data-elementor-lightbox-slideshow=\"3bd214e\" data-elementor-lightbox-title=\"diadolivro3\" data-e-action-hash=\"#elementor-action%3Aaction%3Dlightbox%26settings%3DeyJpZCI6Mjc5NCwidXJsIjoiaHR0cHM6XC9cL2dvbGZpbmhvcm90YWRvci5vcmcuYnJcL3dwLWNvbnRlbnRcL3VwbG9hZHNcLzIwMjVcLzA4XC9kaWFkb2xpdnJvMy5qcGciLCJzbGlkZXNob3ciOiIzYmQyMTRlIn0%3D\">\n\t\t\t\t\t<div class=\"e-gallery-image elementor-gallery-item__image\" data-thumbnail=\"https:\/\/golfinhorotador.org.br\/wp-content\/uploads\/2025\/08\/diadolivro3.jpg\" data-width=\"2500\" data-height=\"1875\" aria-label=\"\" role=\"img\" ><\/div>\n\t\t\t\t\t\t\t\t\t\t\t<div class=\"elementor-gallery-item__overlay\"><\/div>\n\t\t\t\t\t\t\t\t\t\t\t\t\t\t<\/a>\n\t\t\t\t\t\t\t<a class=\"e-gallery-item elementor-gallery-item elementor-animated-content\" href=\"https:\/\/golfinhorotador.org.br\/wp-content\/uploads\/2025\/08\/formacao1.jpg\" data-elementor-open-lightbox=\"yes\" data-elementor-lightbox-slideshow=\"3bd214e\" data-elementor-lightbox-title=\"formacao1\" data-e-action-hash=\"#elementor-action%3Aaction%3Dlightbox%26settings%3DeyJpZCI6Mjc5NSwidXJsIjoiaHR0cHM6XC9cL2dvbGZpbmhvcm90YWRvci5vcmcuYnJcL3dwLWNvbnRlbnRcL3VwbG9hZHNcLzIwMjVcLzA4XC9mb3JtYWNhbzEuanBnIiwic2xpZGVzaG93IjoiM2JkMjE0ZSJ9\">\n\t\t\t\t\t<div class=\"e-gallery-image elementor-gallery-item__image\" data-thumbnail=\"https:\/\/golfinhorotador.org.br\/wp-content\/uploads\/2025\/08\/formacao1.jpg\" data-width=\"2500\" data-height=\"1448\" aria-label=\"\" role=\"img\" ><\/div>\n\t\t\t\t\t\t\t\t\t\t\t<div class=\"elementor-gallery-item__overlay\"><\/div>\n\t\t\t\t\t\t\t\t\t\t\t\t\t\t<\/a>\n\t\t\t\t\t<\/div>\n\t\t\t\t\t<\/div>\n\t\t\t\t<div class=\"elementor-element elementor-element-9485523 elementor-widget elementor-widget-text-editor\" data-id=\"9485523\" data-element_type=\"widget\" data-e-type=\"widget\" data-widget_type=\"text-editor.default\">\n\t\t\t\t\t\t\t\t\t<h5>O Projeto Golfinho Rotador inova e traz din\u00e2micas com analogias entre o comportamento do golfinho e dos seres humanos para a primeira oficina de forma\u00e7\u00e3o com os educadores.<br \/>O Projeto Golfinho Rotador desenvolveu a\u00e7\u00f5es voltadas \u00e0 leitura e \u00e0 capacita\u00e7\u00e3o dos docentes no Centro Integrado Bem-Me-Quer.<\/h5><p>Com o foco de motivar o trabalho dos professores de Noronha e incentivar o h\u00e1bito da leitura entre os estudantes, o Projeto Golfinho Rotador (PGR), que tem o patroc\u00ednio da Petrobras, realizou atividades educacionais na ilha. Os eventos aconteceram em comemora\u00e7\u00e3o ao Dia Mundial do Livro, celebrado em 23 de abril.\u00a0<\/p><p>Assim, durante toda aquela semana, o PGR desenvolveu a\u00e7\u00f5es voltadas \u00e0 leitura e \u00e0 capacita\u00e7\u00e3o dos docentes. Na ter\u00e7a-feira (20), ocorreu a primeira oficina de forma\u00e7\u00e3o deste ano com os professores do Centro Integrado Bem-Me-Quer, com o objetivo de motivar os professores que enfrentam dificuldades no dia a dia, especialmente durante a pandemia do coronav\u00edrus. Na atividade, foi utilizada a neurolingu\u00edstica e a din\u00e2mica com analogias entre o comportamento do golfinho, do tubar\u00e3o e da carpa e dos seres humanos. \u201cEsses animais t\u00eam uma simbologia forte. N\u00f3s comparamos a estrat\u00e9gia dos animais para o comportamento evolutivo\u201d, disse a coordenadora de Educa\u00e7\u00e3o e Comunica\u00e7\u00e3o Ambiental do Projeto Golfinho Rotador, Cynthia Gerling.<\/p><p>Na quinta-feira (22), a equipe do PGR promoveu uma atividade de leitura comentada com as crian\u00e7as da unidade educacional, que participaram ativamente da programa\u00e7\u00e3o. \u201cOs alunos ficam sempre muito empolgados com esse tipo de a\u00e7\u00e3o\u201d, destacou a coordenadora do PGR. Para a gestora do Centro Integrado de Educa\u00e7\u00e3o Infantil (CIEI) Bem-Me-Quer, Sheila Lib\u00e2nia, as atividades foram positivas, assim como a parceria com o PGR. \u201cNosso foco \u00e9 realizar forma\u00e7\u00f5es com os professores e trabalhar a tem\u00e1tica da leitura com as crian\u00e7as. E esse tipo de colabora\u00e7\u00e3o com o pessoal do Projeto Golfinho Rotador enriquece o nosso trabalho\u201d, afirmou Sheila Lib\u00e2nia, destacando que o CIEI Bem-Me-Quer tem cerca de 250 alunos, de zero a cinco anos.<\/p><p>J\u00e1 na segunda-feira (26), a equipe do PGR realizou oficinas de Educa\u00e7\u00e3o Ambiental com as crian\u00e7as do centro educacional, em homenagem ao Dia Mundial da Educa\u00e7\u00e3o, celebrado no dia 28 de abril. A professora Thaynanda Santana destacou que a primeira inf\u00e2ncia \u00e9 uma fase de descobertas de um mundo novo pelas crian\u00e7as. \u201cNesse sentido, o Projeto Golfinho Rotador traz experi\u00eancias significativas de cuidado e conhecimento desse mundo, no qual a crian\u00e7a est\u00e1 inserida. Acho muito relevante construir esse sentimento de pertencimento e responsabilidade\u201d, disse Thaynanda. Desde sua funda\u00e7\u00e3o, em 1990, o PGR trabalha na educa\u00e7\u00e3o ambiental das crian\u00e7as e jovens de Fernando de Noronha, al\u00e9m de atuar no continente, nos estados de Pernambuco, Rio Grande do Norte e S\u00e3o Paulo.<\/p>\t\t\t\t\t\t\t\t<\/div>\n\t\t\t\t\t<\/div>\n\t\t\t\t<\/div>\n\t\t\t\t<\/div>\n\t\t","protected":false},"excerpt":{"rendered":"<p>O Projeto Golfinho Rotador inova e traz din\u00e2micas com analogias entre o comportamento do golfinho e dos seres humanos para a primeira oficina de forma\u00e7\u00e3o com os educadores.O Projeto Golfinho Rotador desenvolveu a\u00e7\u00f5es voltadas \u00e0 leitura e \u00e0 capacita\u00e7\u00e3o dos docentes no Centro Integrado Bem-Me-Quer. Com o foco de motivar o trabalho dos professores de [&hellip;]<\/p>\n","protected":false},"author":2,"featured_media":2792,"comment_status":"open","ping_status":"open","sticky":false,"template":"","format":"standard","meta":{"_acf_changed":false,"footnotes":""},"categories":[9],"tags":[],"class_list":["post-2791","post","type-post","status-publish","format-standard","has-post-thumbnail","hentry","category-noticias"],"acf":{"exibir_imagem_destacada":"N\u00e3o"},"yoast_head":"<!-- This site is optimized with the Yoast SEO plugin v27.5 - https:\/\/yoast.com\/product\/yoast-seo-wordpress\/ -->\n<title>Projeto Golfinho Rotador celebra Semana do Livro e da Educa\u00e7\u00e3o - Projeto Golfinho Rotador<\/title>\n<meta name=\"robots\" content=\"index, follow, max-snippet:-1, max-image-preview:large, max-video-preview:-1\" \/>\n<link rel=\"canonical\" href=\"https:\/\/golfinhorotador.org.br\/2021\/05\/25\/projeto-golfinho-rotador-celebra-semana-do-livro-e-da-educacao\/\" \/>\n<meta property=\"og:locale\" content=\"en_US\" \/>\n<meta property=\"og:type\" content=\"article\" \/>\n<meta property=\"og:title\" content=\"Projeto Golfinho Rotador celebra Semana do Livro e da Educa\u00e7\u00e3o - Projeto Golfinho Rotador\" \/>\n<meta property=\"og:description\" content=\"O Projeto Golfinho Rotador inova e traz din\u00e2micas com analogias entre o comportamento do golfinho e dos seres humanos para a primeira oficina de forma\u00e7\u00e3o com os educadores.O Projeto Golfinho Rotador desenvolveu a\u00e7\u00f5es voltadas \u00e0 leitura e \u00e0 capacita\u00e7\u00e3o dos docentes no Centro Integrado Bem-Me-Quer. Com o foco de motivar o trabalho dos professores de [&hellip;]\" \/>\n<meta property=\"og:url\" content=\"https:\/\/golfinhorotador.org.br\/2021\/05\/25\/projeto-golfinho-rotador-celebra-semana-do-livro-e-da-educacao\/\" \/>\n<meta property=\"og:site_name\" content=\"Projeto Golfinho Rotador\" \/>\n<meta property=\"article:publisher\" content=\"https:\/\/www.facebook.com\/Projeto-Golfinho-Rotador-155695874539813\" \/>\n<meta property=\"article:published_time\" content=\"2021-05-26T02:47:39+00:00\" \/>\n<meta property=\"article:modified_time\" content=\"2025-08-11T02:54:01+00:00\" \/>\n<meta property=\"og:image\" content=\"https:\/\/golfinhorotador.org.br\/wp-content\/uploads\/2025\/08\/diadolivro1.jpg\" \/>\n\t<meta property=\"og:image:width\" content=\"1280\" \/>\n\t<meta property=\"og:image:height\" content=\"960\" \/>\n\t<meta property=\"og:image:type\" content=\"image\/jpeg\" \/>\n<meta name=\"author\" content=\"Projeto Golfinho Rotador\" \/>\n<meta name=\"twitter:card\" content=\"summary_large_image\" \/>\n<meta name=\"twitter:creator\" content=\"@golfinhorotador\" \/>\n<meta name=\"twitter:site\" content=\"@golfinhorotador\" \/>\n<meta name=\"twitter:label1\" content=\"Written by\" \/>\n\t<meta name=\"twitter:data1\" content=\"Projeto Golfinho Rotador\" \/>\n\t<meta name=\"twitter:label2\" content=\"Est. reading time\" \/>\n\t<meta name=\"twitter:data2\" content=\"2 minutes\" \/>\n<script type=\"application\/ld+json\" class=\"yoast-schema-graph\">{\"@context\":\"https:\\\/\\\/schema.org\",\"@graph\":[{\"@type\":\"Article\",\"@id\":\"https:\\\/\\\/golfinhorotador.org.br\\\/2021\\\/05\\\/25\\\/projeto-golfinho-rotador-celebra-semana-do-livro-e-da-educacao\\\/#article\",\"isPartOf\":{\"@id\":\"https:\\\/\\\/golfinhorotador.org.br\\\/2021\\\/05\\\/25\\\/projeto-golfinho-rotador-celebra-semana-do-livro-e-da-educacao\\\/\"},\"author\":{\"name\":\"Projeto Golfinho Rotador\",\"@id\":\"https:\\\/\\\/golfinhorotador.org.br\\\/#\\\/schema\\\/person\\\/31c9f545fc127c9e21fc1c5f001269db\"},\"headline\":\"Projeto Golfinho Rotador celebra Semana do Livro e da Educa\u00e7\u00e3o\",\"datePublished\":\"2021-05-26T02:47:39+00:00\",\"dateModified\":\"2025-08-11T02:54:01+00:00\",\"mainEntityOfPage\":{\"@id\":\"https:\\\/\\\/golfinhorotador.org.br\\\/2021\\\/05\\\/25\\\/projeto-golfinho-rotador-celebra-semana-do-livro-e-da-educacao\\\/\"},\"wordCount\":482,\"commentCount\":0,\"publisher\":{\"@id\":\"https:\\\/\\\/golfinhorotador.org.br\\\/#organization\"},\"image\":{\"@id\":\"https:\\\/\\\/golfinhorotador.org.br\\\/2021\\\/05\\\/25\\\/projeto-golfinho-rotador-celebra-semana-do-livro-e-da-educacao\\\/#primaryimage\"},\"thumbnailUrl\":\"https:\\\/\\\/golfinhorotador.org.br\\\/wp-content\\\/uploads\\\/2025\\\/08\\\/diadolivro1.jpg\",\"articleSection\":[\"Not\u00edcias\"],\"inLanguage\":\"en-US\",\"potentialAction\":[{\"@type\":\"CommentAction\",\"name\":\"Comment\",\"target\":[\"https:\\\/\\\/golfinhorotador.org.br\\\/2021\\\/05\\\/25\\\/projeto-golfinho-rotador-celebra-semana-do-livro-e-da-educacao\\\/#respond\"]}]},{\"@type\":\"WebPage\",\"@id\":\"https:\\\/\\\/golfinhorotador.org.br\\\/2021\\\/05\\\/25\\\/projeto-golfinho-rotador-celebra-semana-do-livro-e-da-educacao\\\/\",\"url\":\"https:\\\/\\\/golfinhorotador.org.br\\\/2021\\\/05\\\/25\\\/projeto-golfinho-rotador-celebra-semana-do-livro-e-da-educacao\\\/\",\"name\":\"Projeto Golfinho Rotador celebra Semana do Livro e da Educa\u00e7\u00e3o - Projeto Golfinho Rotador\",\"isPartOf\":{\"@id\":\"https:\\\/\\\/golfinhorotador.org.br\\\/#website\"},\"primaryImageOfPage\":{\"@id\":\"https:\\\/\\\/golfinhorotador.org.br\\\/2021\\\/05\\\/25\\\/projeto-golfinho-rotador-celebra-semana-do-livro-e-da-educacao\\\/#primaryimage\"},\"image\":{\"@id\":\"https:\\\/\\\/golfinhorotador.org.br\\\/2021\\\/05\\\/25\\\/projeto-golfinho-rotador-celebra-semana-do-livro-e-da-educacao\\\/#primaryimage\"},\"thumbnailUrl\":\"https:\\\/\\\/golfinhorotador.org.br\\\/wp-content\\\/uploads\\\/2025\\\/08\\\/diadolivro1.jpg\",\"datePublished\":\"2021-05-26T02:47:39+00:00\",\"dateModified\":\"2025-08-11T02:54:01+00:00\",\"breadcrumb\":{\"@id\":\"https:\\\/\\\/golfinhorotador.org.br\\\/2021\\\/05\\\/25\\\/projeto-golfinho-rotador-celebra-semana-do-livro-e-da-educacao\\\/#breadcrumb\"},\"inLanguage\":\"en-US\",\"potentialAction\":[{\"@type\":\"ReadAction\",\"target\":[\"https:\\\/\\\/golfinhorotador.org.br\\\/2021\\\/05\\\/25\\\/projeto-golfinho-rotador-celebra-semana-do-livro-e-da-educacao\\\/\"]}]},{\"@type\":\"ImageObject\",\"inLanguage\":\"en-US\",\"@id\":\"https:\\\/\\\/golfinhorotador.org.br\\\/2021\\\/05\\\/25\\\/projeto-golfinho-rotador-celebra-semana-do-livro-e-da-educacao\\\/#primaryimage\",\"url\":\"https:\\\/\\\/golfinhorotador.org.br\\\/wp-content\\\/uploads\\\/2025\\\/08\\\/diadolivro1.jpg\",\"contentUrl\":\"https:\\\/\\\/golfinhorotador.org.br\\\/wp-content\\\/uploads\\\/2025\\\/08\\\/diadolivro1.jpg\",\"width\":1280,\"height\":960},{\"@type\":\"BreadcrumbList\",\"@id\":\"https:\\\/\\\/golfinhorotador.org.br\\\/2021\\\/05\\\/25\\\/projeto-golfinho-rotador-celebra-semana-do-livro-e-da-educacao\\\/#breadcrumb\",\"itemListElement\":[{\"@type\":\"ListItem\",\"position\":1,\"name\":\"In\u00edcio\",\"item\":\"https:\\\/\\\/golfinhorotador.org.br\\\/en\\\/home\\\/\"},{\"@type\":\"ListItem\",\"position\":2,\"name\":\"Projeto Golfinho Rotador celebra Semana do Livro e da Educa\u00e7\u00e3o\"}]},{\"@type\":\"WebSite\",\"@id\":\"https:\\\/\\\/golfinhorotador.org.br\\\/#website\",\"url\":\"https:\\\/\\\/golfinhorotador.org.br\\\/\",\"name\":\"Projeto Golfinho Rotador\",\"description\":\"Fernando de Noronha\",\"publisher\":{\"@id\":\"https:\\\/\\\/golfinhorotador.org.br\\\/#organization\"},\"potentialAction\":[{\"@type\":\"SearchAction\",\"target\":{\"@type\":\"EntryPoint\",\"urlTemplate\":\"https:\\\/\\\/golfinhorotador.org.br\\\/?s={search_term_string}\"},\"query-input\":{\"@type\":\"PropertyValueSpecification\",\"valueRequired\":true,\"valueName\":\"search_term_string\"}}],\"inLanguage\":\"en-US\"},{\"@type\":\"Organization\",\"@id\":\"https:\\\/\\\/golfinhorotador.org.br\\\/#organization\",\"name\":\"Projeto Golfinho Rotador\",\"url\":\"https:\\\/\\\/golfinhorotador.org.br\\\/\",\"logo\":{\"@type\":\"ImageObject\",\"inLanguage\":\"en-US\",\"@id\":\"https:\\\/\\\/golfinhorotador.org.br\\\/#\\\/schema\\\/logo\\\/image\\\/\",\"url\":\"https:\\\/\\\/golfinhorotador.org.br\\\/wp-content\\\/uploads\\\/2025\\\/07\\\/Logo-PGR-2025-512.png\",\"contentUrl\":\"https:\\\/\\\/golfinhorotador.org.br\\\/wp-content\\\/uploads\\\/2025\\\/07\\\/Logo-PGR-2025-512.png\",\"width\":512,\"height\":512,\"caption\":\"Projeto Golfinho Rotador\"},\"image\":{\"@id\":\"https:\\\/\\\/golfinhorotador.org.br\\\/#\\\/schema\\\/logo\\\/image\\\/\"},\"sameAs\":[\"https:\\\/\\\/www.facebook.com\\\/Projeto-Golfinho-Rotador-155695874539813\",\"https:\\\/\\\/x.com\\\/golfinhorotador\",\"https:\\\/\\\/www.instagram.com\\\/golfinhorotador\\\/\",\"https:\\\/\\\/www.youtube.com\\\/channel\\\/UCYw-aMfBHbkUU_DimpWJzbw\",\"https:\\\/\\\/www.tiktok.com\\\/@golfinhorotador\"]},{\"@type\":\"Person\",\"@id\":\"https:\\\/\\\/golfinhorotador.org.br\\\/#\\\/schema\\\/person\\\/31c9f545fc127c9e21fc1c5f001269db\",\"name\":\"Projeto Golfinho Rotador\",\"image\":{\"@type\":\"ImageObject\",\"inLanguage\":\"en-US\",\"@id\":\"https:\\\/\\\/secure.gravatar.com\\\/avatar\\\/4e2f6bba9197287956dc1c931a4caed810b09aec9b8f38aa913bd11926fd05d2?s=96&d=mm&r=g\",\"url\":\"https:\\\/\\\/secure.gravatar.com\\\/avatar\\\/4e2f6bba9197287956dc1c931a4caed810b09aec9b8f38aa913bd11926fd05d2?s=96&d=mm&r=g\",\"contentUrl\":\"https:\\\/\\\/secure.gravatar.com\\\/avatar\\\/4e2f6bba9197287956dc1c931a4caed810b09aec9b8f38aa913bd11926fd05d2?s=96&d=mm&r=g\",\"caption\":\"Projeto Golfinho Rotador\"},\"url\":\"https:\\\/\\\/golfinhorotador.org.br\\\/en\\\/author\\\/projeto-golfinho-rotador\\\/\"}]}<\/script>\n<!-- \/ Yoast SEO plugin. -->","yoast_head_json":{"title":"Projeto Golfinho Rotador celebra Semana do Livro e da Educa\u00e7\u00e3o - Projeto Golfinho Rotador","robots":{"index":"index","follow":"follow","max-snippet":"max-snippet:-1","max-image-preview":"max-image-preview:large","max-video-preview":"max-video-preview:-1"},"canonical":"https:\/\/golfinhorotador.org.br\/2021\/05\/25\/projeto-golfinho-rotador-celebra-semana-do-livro-e-da-educacao\/","og_locale":"en_US","og_type":"article","og_title":"Projeto Golfinho Rotador celebra Semana do Livro e da Educa\u00e7\u00e3o - Projeto Golfinho Rotador","og_description":"O Projeto Golfinho Rotador inova e traz din\u00e2micas com analogias entre o comportamento do golfinho e dos seres humanos para a primeira oficina de forma\u00e7\u00e3o com os educadores.O Projeto Golfinho Rotador desenvolveu a\u00e7\u00f5es voltadas \u00e0 leitura e \u00e0 capacita\u00e7\u00e3o dos docentes no Centro Integrado Bem-Me-Quer. Com o foco de motivar o trabalho dos professores de [&hellip;]","og_url":"https:\/\/golfinhorotador.org.br\/2021\/05\/25\/projeto-golfinho-rotador-celebra-semana-do-livro-e-da-educacao\/","og_site_name":"Projeto Golfinho Rotador","article_publisher":"https:\/\/www.facebook.com\/Projeto-Golfinho-Rotador-155695874539813","article_published_time":"2021-05-26T02:47:39+00:00","article_modified_time":"2025-08-11T02:54:01+00:00","og_image":[{"width":1280,"height":960,"url":"https:\/\/golfinhorotador.org.br\/wp-content\/uploads\/2025\/08\/diadolivro1.jpg","type":"image\/jpeg"}],"author":"Projeto Golfinho Rotador","twitter_card":"summary_large_image","twitter_creator":"@golfinhorotador","twitter_site":"@golfinhorotador","twitter_misc":{"Written by":"Projeto Golfinho Rotador","Est. reading time":"2 minutes"},"schema":{"@context":"https:\/\/schema.org","@graph":[{"@type":"Article","@id":"https:\/\/golfinhorotador.org.br\/2021\/05\/25\/projeto-golfinho-rotador-celebra-semana-do-livro-e-da-educacao\/#article","isPartOf":{"@id":"https:\/\/golfinhorotador.org.br\/2021\/05\/25\/projeto-golfinho-rotador-celebra-semana-do-livro-e-da-educacao\/"},"author":{"name":"Projeto Golfinho Rotador","@id":"https:\/\/golfinhorotador.org.br\/#\/schema\/person\/31c9f545fc127c9e21fc1c5f001269db"},"headline":"Projeto Golfinho Rotador celebra Semana do Livro e da Educa\u00e7\u00e3o","datePublished":"2021-05-26T02:47:39+00:00","dateModified":"2025-08-11T02:54:01+00:00","mainEntityOfPage":{"@id":"https:\/\/golfinhorotador.org.br\/2021\/05\/25\/projeto-golfinho-rotador-celebra-semana-do-livro-e-da-educacao\/"},"wordCount":482,"commentCount":0,"publisher":{"@id":"https:\/\/golfinhorotador.org.br\/#organization"},"image":{"@id":"https:\/\/golfinhorotador.org.br\/2021\/05\/25\/projeto-golfinho-rotador-celebra-semana-do-livro-e-da-educacao\/#primaryimage"},"thumbnailUrl":"https:\/\/golfinhorotador.org.br\/wp-content\/uploads\/2025\/08\/diadolivro1.jpg","articleSection":["Not\u00edcias"],"inLanguage":"en-US","potentialAction":[{"@type":"CommentAction","name":"Comment","target":["https:\/\/golfinhorotador.org.br\/2021\/05\/25\/projeto-golfinho-rotador-celebra-semana-do-livro-e-da-educacao\/#respond"]}]},{"@type":"WebPage","@id":"https:\/\/golfinhorotador.org.br\/2021\/05\/25\/projeto-golfinho-rotador-celebra-semana-do-livro-e-da-educacao\/","url":"https:\/\/golfinhorotador.org.br\/2021\/05\/25\/projeto-golfinho-rotador-celebra-semana-do-livro-e-da-educacao\/","name":"Projeto Golfinho Rotador celebra Semana do Livro e da Educa\u00e7\u00e3o - Projeto Golfinho Rotador","isPartOf":{"@id":"https:\/\/golfinhorotador.org.br\/#website"},"primaryImageOfPage":{"@id":"https:\/\/golfinhorotador.org.br\/2021\/05\/25\/projeto-golfinho-rotador-celebra-semana-do-livro-e-da-educacao\/#primaryimage"},"image":{"@id":"https:\/\/golfinhorotador.org.br\/2021\/05\/25\/projeto-golfinho-rotador-celebra-semana-do-livro-e-da-educacao\/#primaryimage"},"thumbnailUrl":"https:\/\/golfinhorotador.org.br\/wp-content\/uploads\/2025\/08\/diadolivro1.jpg","datePublished":"2021-05-26T02:47:39+00:00","dateModified":"2025-08-11T02:54:01+00:00","breadcrumb":{"@id":"https:\/\/golfinhorotador.org.br\/2021\/05\/25\/projeto-golfinho-rotador-celebra-semana-do-livro-e-da-educacao\/#breadcrumb"},"inLanguage":"en-US","potentialAction":[{"@type":"ReadAction","target":["https:\/\/golfinhorotador.org.br\/2021\/05\/25\/projeto-golfinho-rotador-celebra-semana-do-livro-e-da-educacao\/"]}]},{"@type":"ImageObject","inLanguage":"en-US","@id":"https:\/\/golfinhorotador.org.br\/2021\/05\/25\/projeto-golfinho-rotador-celebra-semana-do-livro-e-da-educacao\/#primaryimage","url":"https:\/\/golfinhorotador.org.br\/wp-content\/uploads\/2025\/08\/diadolivro1.jpg","contentUrl":"https:\/\/golfinhorotador.org.br\/wp-content\/uploads\/2025\/08\/diadolivro1.jpg","width":1280,"height":960},{"@type":"BreadcrumbList","@id":"https:\/\/golfinhorotador.org.br\/2021\/05\/25\/projeto-golfinho-rotador-celebra-semana-do-livro-e-da-educacao\/#breadcrumb","itemListElement":[{"@type":"ListItem","position":1,"name":"In\u00edcio","item":"https:\/\/golfinhorotador.org.br\/en\/home\/"},{"@type":"ListItem","position":2,"name":"Projeto Golfinho Rotador celebra Semana do Livro e da Educa\u00e7\u00e3o"}]},{"@type":"WebSite","@id":"https:\/\/golfinhorotador.org.br\/#website","url":"https:\/\/golfinhorotador.org.br\/","name":"Projeto Golfinho Rotador","description":"Fernando de Noronha","publisher":{"@id":"https:\/\/golfinhorotador.org.br\/#organization"},"potentialAction":[{"@type":"SearchAction","target":{"@type":"EntryPoint","urlTemplate":"https:\/\/golfinhorotador.org.br\/?s={search_term_string}"},"query-input":{"@type":"PropertyValueSpecification","valueRequired":true,"valueName":"search_term_string"}}],"inLanguage":"en-US"},{"@type":"Organization","@id":"https:\/\/golfinhorotador.org.br\/#organization","name":"Projeto Golfinho Rotador","url":"https:\/\/golfinhorotador.org.br\/","logo":{"@type":"ImageObject","inLanguage":"en-US","@id":"https:\/\/golfinhorotador.org.br\/#\/schema\/logo\/image\/","url":"https:\/\/golfinhorotador.org.br\/wp-content\/uploads\/2025\/07\/Logo-PGR-2025-512.png","contentUrl":"https:\/\/golfinhorotador.org.br\/wp-content\/uploads\/2025\/07\/Logo-PGR-2025-512.png","width":512,"height":512,"caption":"Projeto Golfinho Rotador"},"image":{"@id":"https:\/\/golfinhorotador.org.br\/#\/schema\/logo\/image\/"},"sameAs":["https:\/\/www.facebook.com\/Projeto-Golfinho-Rotador-155695874539813","https:\/\/x.com\/golfinhorotador","https:\/\/www.instagram.com\/golfinhorotador\/","https:\/\/www.youtube.com\/channel\/UCYw-aMfBHbkUU_DimpWJzbw","https:\/\/www.tiktok.com\/@golfinhorotador"]},{"@type":"Person","@id":"https:\/\/golfinhorotador.org.br\/#\/schema\/person\/31c9f545fc127c9e21fc1c5f001269db","name":"Projeto Golfinho Rotador","image":{"@type":"ImageObject","inLanguage":"en-US","@id":"https:\/\/secure.gravatar.com\/avatar\/4e2f6bba9197287956dc1c931a4caed810b09aec9b8f38aa913bd11926fd05d2?s=96&d=mm&r=g","url":"https:\/\/secure.gravatar.com\/avatar\/4e2f6bba9197287956dc1c931a4caed810b09aec9b8f38aa913bd11926fd05d2?s=96&d=mm&r=g","contentUrl":"https:\/\/secure.gravatar.com\/avatar\/4e2f6bba9197287956dc1c931a4caed810b09aec9b8f38aa913bd11926fd05d2?s=96&d=mm&r=g","caption":"Projeto Golfinho Rotador"},"url":"https:\/\/golfinhorotador.org.br\/en\/author\/projeto-golfinho-rotador\/"}]}},"_links":{"self":[{"href":"https:\/\/golfinhorotador.org.br\/en\/wp-json\/wp\/v2\/posts\/2791","targetHints":{"allow":["GET"]}}],"collection":[{"href":"https:\/\/golfinhorotador.org.br\/en\/wp-json\/wp\/v2\/posts"}],"about":[{"href":"https:\/\/golfinhorotador.org.br\/en\/wp-json\/wp\/v2\/types\/post"}],"author":[{"embeddable":true,"href":"https:\/\/golfinhorotador.org.br\/en\/wp-json\/wp\/v2\/users\/2"}],"replies":[{"embeddable":true,"href":"https:\/\/golfinhorotador.org.br\/en\/wp-json\/wp\/v2\/comments?post=2791"}],"version-history":[{"count":7,"href":"https:\/\/golfinhorotador.org.br\/en\/wp-json\/wp\/v2\/posts\/2791\/revisions"}],"predecessor-version":[{"id":2802,"href":"https:\/\/golfinhorotador.org.br\/en\/wp-json\/wp\/v2\/posts\/2791\/revisions\/2802"}],"wp:featuredmedia":[{"embeddable":true,"href":"https:\/\/golfinhorotador.org.br\/en\/wp-json\/wp\/v2\/media\/2792"}],"wp:attachment":[{"href":"https:\/\/golfinhorotador.org.br\/en\/wp-json\/wp\/v2\/media?parent=2791"}],"wp:term":[{"taxonomy":"category","embeddable":true,"href":"https:\/\/golfinhorotador.org.br\/en\/wp-json\/wp\/v2\/categories?post=2791"},{"taxonomy":"post_tag","embeddable":true,"href":"https:\/\/golfinhorotador.org.br\/en\/wp-json\/wp\/v2\/tags?post=2791"}],"curies":[{"name":"wp","href":"https:\/\/api.w.org\/{rel}","templated":true}]}}