{"id":2815,"date":"2021-05-25T00:03:06","date_gmt":"2021-05-25T03:03:06","guid":{"rendered":"https:\/\/golfinhorotador.org.br\/?p=2815"},"modified":"2025-08-11T00:12:19","modified_gmt":"2025-08-11T03:12:19","slug":"podcast-golfinhos-de-noronha-e-lancado-o-primeiro-podcast-na-tematica-socioambiental-de-fernando-de-noronha","status":"publish","type":"post","link":"https:\/\/golfinhorotador.org.br\/en\/2021\/05\/25\/podcast-golfinhos-de-noronha-e-lancado-o-primeiro-podcast-na-tematica-socioambiental-de-fernando-de-noronha\/","title":{"rendered":"Podcast Golfinhos de Noronha. \u00c9 lan\u00e7ado o primeiro podcast na tem\u00e1tica socioambiental de Fernando de Noronha"},"content":{"rendered":"\t\t<div data-elementor-type=\"wp-post\" data-elementor-id=\"2815\" class=\"elementor elementor-2815\" data-elementor-post-type=\"post\">\n\t\t\t\t<div class=\"elementor-element elementor-element-79c8d835 e-flex e-con-boxed e-con e-parent\" data-id=\"79c8d835\" data-element_type=\"container\" data-e-type=\"container\">\n\t\t\t\t\t<div class=\"e-con-inner\">\n\t\t\t\t<div class=\"elementor-element elementor-element-a2f4c37 elementor-widget__width-initial elementor-widget elementor-widget-image\" data-id=\"a2f4c37\" data-element_type=\"widget\" data-e-type=\"widget\" data-widget_type=\"image.default\">\n\t\t\t\t\t\t\t\t\t\t\t\t\t\t\t<img fetchpriority=\"high\" decoding=\"async\" width=\"512\" height=\"512\" src=\"https:\/\/golfinhorotador.org.br\/wp-content\/uploads\/2021\/04\/Logo-Podcast-Golfinhos-de-Noronha.png\" class=\"attachment-full size-full wp-image-2767\" alt=\"\" srcset=\"https:\/\/golfinhorotador.org.br\/wp-content\/uploads\/2021\/04\/Logo-Podcast-Golfinhos-de-Noronha.png 512w, https:\/\/golfinhorotador.org.br\/wp-content\/uploads\/2021\/04\/Logo-Podcast-Golfinhos-de-Noronha-300x300.png 300w, https:\/\/golfinhorotador.org.br\/wp-content\/uploads\/2021\/04\/Logo-Podcast-Golfinhos-de-Noronha-150x150.png 150w\" sizes=\"(max-width: 512px) 100vw, 512px\" \/>\t\t\t\t\t\t\t\t\t\t\t\t\t\t\t<\/div>\n\t\t\t\t<div class=\"elementor-element elementor-element-1c8c2cc9 elementor-widget elementor-widget-text-editor\" data-id=\"1c8c2cc9\" data-element_type=\"widget\" data-e-type=\"widget\" data-widget_type=\"text-editor.default\">\n\t\t\t\t\t\t\t\t\t<p>Batizado de \u201cGolfinhos de Noronha\u201d, o espa\u00e7o falar\u00e1 da vida dos animais do arquip\u00e9lago, da quest\u00e3o da sustentabilidade, do meio ambiente e tamb\u00e9m de temas sociais<\/p><p>Na sexta-feira, 30 de Abril, foi ao ar o primeiro canal podcast produzido em Fernando de Noronha na tem\u00e1tica socioambiental. Intitulado \u201cGolfinhos de Noronha\u201d, o conte\u00fado n\u00e3o trata apenas da vida desses animais, mas tamb\u00e9m de outras diversas esp\u00e9cies que vivem no Arquip\u00e9lago e de assuntos de interesse geral, como meio ambiente, sustentabilidade, educa\u00e7\u00e3o e quest\u00f5es sociais.<\/p><p>O canal podcast \u00e9 uma iniciativa do Projeto Golfinho Rotador (PGR), que conta com o patroc\u00ednio da Petrobras e atua na ilha desde 1990.<\/p><p>Ele ser\u00e1 produzido e administrado pela equipe de comunica\u00e7\u00e3o do PGR. \u201cA ideia de criarmos um canal podcast para falar sobre o nosso trabalho e outros temas tem o prop\u00f3sito de lan\u00e7armos mais um canal de comunica\u00e7\u00e3o com o p\u00fablico em geral, de todas as idades e de todas as partes do mundo\u201d, diz Cynthia Gerling, Coordenadora de Comunica\u00e7\u00e3o, Educa\u00e7\u00e3o Ambiental e Sustentabilidade do PGR.<\/p><p>\u201cQualquer pessoa que se interesse pelo meio ambiente e especialmente pela vida animal vai curtir nosso novo conte\u00fado\u201d.<\/p>\t\t\t\t\t\t\t\t<\/div>\n\t\t\t\t\t<\/div>\n\t\t\t\t<\/div>\n\t\t<div class=\"elementor-element elementor-element-05d194a e-flex e-con-boxed e-con e-parent\" data-id=\"05d194a\" data-element_type=\"container\" data-e-type=\"container\">\n\t\t\t\t\t<div class=\"e-con-inner\">\n\t\t\t\t<div class=\"elementor-element elementor-element-ae354a8 elementor-widget elementor-widget-gallery\" data-id=\"ae354a8\" data-element_type=\"widget\" data-e-type=\"widget\" data-settings=\"{&quot;aspect_ratio&quot;:&quot;4:3&quot;,&quot;image_hover_animation&quot;:&quot;grow&quot;,&quot;columns&quot;:3,&quot;overlay_title&quot;:&quot;caption&quot;,&quot;lazyload&quot;:&quot;yes&quot;,&quot;gallery_layout&quot;:&quot;grid&quot;,&quot;columns_tablet&quot;:2,&quot;columns_mobile&quot;:1,&quot;gap&quot;:{&quot;unit&quot;:&quot;px&quot;,&quot;size&quot;:10,&quot;sizes&quot;:[]},&quot;gap_tablet&quot;:{&quot;unit&quot;:&quot;px&quot;,&quot;size&quot;:10,&quot;sizes&quot;:[]},&quot;gap_mobile&quot;:{&quot;unit&quot;:&quot;px&quot;,&quot;size&quot;:10,&quot;sizes&quot;:[]},&quot;link_to&quot;:&quot;file&quot;,&quot;overlay_background&quot;:&quot;yes&quot;,&quot;content_hover_animation&quot;:&quot;fade-in&quot;}\" data-widget_type=\"gallery.default\">\n\t\t\t\t\t\t\t<div class=\"elementor-gallery__container\">\n\t\t\t\t\t\t\t<a class=\"e-gallery-item elementor-gallery-item elementor-animated-content\" href=\"https:\/\/golfinhorotador.org.br\/wp-content\/uploads\/2025\/08\/amanda.jpg\" data-elementor-open-lightbox=\"yes\" data-elementor-lightbox-slideshow=\"ae354a8\" data-elementor-lightbox-title=\"amanda\" data-e-action-hash=\"#elementor-action%3Aaction%3Dlightbox%26settings%3DeyJpZCI6Mjc2NSwidXJsIjoiaHR0cHM6XC9cL2dvbGZpbmhvcm90YWRvci5vcmcuYnJcL3dwLWNvbnRlbnRcL3VwbG9hZHNcLzIwMjVcLzA4XC9hbWFuZGEuanBnIiwic2xpZGVzaG93IjoiYWUzNTRhOCJ9\">\n\t\t\t\t\t<div class=\"e-gallery-image elementor-gallery-item__image\" data-thumbnail=\"https:\/\/golfinhorotador.org.br\/wp-content\/uploads\/2025\/08\/amanda.jpg\" data-width=\"1280\" data-height=\"962\" aria-label=\"\" role=\"img\" ><\/div>\n\t\t\t\t\t\t\t\t\t\t\t<div class=\"elementor-gallery-item__overlay\"><\/div>\n\t\t\t\t\t\t\t\t\t\t\t\t\t\t\t<div class=\"elementor-gallery-item__content\">\n\t\t\t\t\t\t\t\t\t\t\t\t\t\t<div class=\"elementor-gallery-item__title\">\n\t\t\t\t\t\t\t\t\t\t\t\t\t\t\t\t\t\tAmanda\t\t\t\t\t\t\t\t<\/div>\n\t\t\t\t\t\t\t\t\t\t\t\t<\/div>\n\t\t\t\t\t\t\t\t\t<\/a>\n\t\t\t\t\t\t\t<a class=\"e-gallery-item elementor-gallery-item elementor-animated-content\" href=\"https:\/\/golfinhorotador.org.br\/wp-content\/uploads\/2025\/08\/aisha-02.jpg\" data-elementor-open-lightbox=\"yes\" data-elementor-lightbox-slideshow=\"ae354a8\" data-elementor-lightbox-title=\"aisha-02\" data-e-action-hash=\"#elementor-action%3Aaction%3Dlightbox%26settings%3DeyJpZCI6Mjc2NCwidXJsIjoiaHR0cHM6XC9cL2dvbGZpbmhvcm90YWRvci5vcmcuYnJcL3dwLWNvbnRlbnRcL3VwbG9hZHNcLzIwMjVcLzA4XC9haXNoYS0wMi5qcGciLCJzbGlkZXNob3ciOiJhZTM1NGE4In0%3D\">\n\t\t\t\t\t<div class=\"e-gallery-image elementor-gallery-item__image\" data-thumbnail=\"https:\/\/golfinhorotador.org.br\/wp-content\/uploads\/2025\/08\/aisha-02.jpg\" data-width=\"1280\" data-height=\"960\" aria-label=\"\" role=\"img\" ><\/div>\n\t\t\t\t\t\t\t\t\t\t\t<div class=\"elementor-gallery-item__overlay\"><\/div>\n\t\t\t\t\t\t\t\t\t\t\t\t\t\t\t<div class=\"elementor-gallery-item__content\">\n\t\t\t\t\t\t\t\t\t\t\t\t\t\t<div class=\"elementor-gallery-item__title\">\n\t\t\t\t\t\t\t\t\t\t\t\t\t\t\t\t\t\tAisha\t\t\t\t\t\t\t\t<\/div>\n\t\t\t\t\t\t\t\t\t\t\t\t<\/div>\n\t\t\t\t\t\t\t\t\t<\/a>\n\t\t\t\t\t\t\t<a class=\"e-gallery-item elementor-gallery-item elementor-animated-content\" href=\"https:\/\/golfinhorotador.org.br\/wp-content\/uploads\/2025\/08\/abner.jpg\" data-elementor-open-lightbox=\"yes\" data-elementor-lightbox-slideshow=\"ae354a8\" data-elementor-lightbox-title=\"abner\" data-e-action-hash=\"#elementor-action%3Aaction%3Dlightbox%26settings%3DeyJpZCI6Mjc2MywidXJsIjoiaHR0cHM6XC9cL2dvbGZpbmhvcm90YWRvci5vcmcuYnJcL3dwLWNvbnRlbnRcL3VwbG9hZHNcLzIwMjVcLzA4XC9hYm5lci5qcGciLCJzbGlkZXNob3ciOiJhZTM1NGE4In0%3D\">\n\t\t\t\t\t<div class=\"e-gallery-image elementor-gallery-item__image\" data-thumbnail=\"https:\/\/golfinhorotador.org.br\/wp-content\/uploads\/2025\/08\/abner.jpg\" data-width=\"1012\" data-height=\"1280\" aria-label=\"\" role=\"img\" ><\/div>\n\t\t\t\t\t\t\t\t\t\t\t<div class=\"elementor-gallery-item__overlay\"><\/div>\n\t\t\t\t\t\t\t\t\t\t\t\t\t\t\t<div class=\"elementor-gallery-item__content\">\n\t\t\t\t\t\t\t\t\t\t\t\t\t\t<div class=\"elementor-gallery-item__title\">\n\t\t\t\t\t\t\t\t\t\t\t\t\t\t\t\t\t\tAbner\t\t\t\t\t\t\t\t<\/div>\n\t\t\t\t\t\t\t\t\t\t\t\t<\/div>\n\t\t\t\t\t\t\t\t\t<\/a>\n\t\t\t\t\t<\/div>\n\t\t\t\t\t<\/div>\n\t\t\t\t\t<\/div>\n\t\t\t\t<\/div>\n\t\t<div class=\"elementor-element elementor-element-a0a1ff2 e-flex e-con-boxed e-con e-parent\" data-id=\"a0a1ff2\" data-element_type=\"container\" data-e-type=\"container\">\n\t\t\t\t\t<div class=\"e-con-inner\">\n\t\t\t\t<div class=\"elementor-element elementor-element-83782fb elementor-widget elementor-widget-text-editor\" data-id=\"83782fb\" data-element_type=\"widget\" data-e-type=\"widget\" data-widget_type=\"text-editor.default\">\n\t\t\t\t\t\t\t\t\t<p>Tendo como pilares de trabalho a pesquisa, a educa\u00e7\u00e3o ambiental, o envolvimento comunit\u00e1rio, a sustentabilidade e as parcerias, o PGR elegeu como tema do primeiro epis\u00f3dio do canal a participa\u00e7\u00e3o de tr\u00eas jovens ambientalistas no programa &#8220;Jovem Mar\u201d, uma a\u00e7\u00e3o da Educa\u00e7\u00e3o Ambiental da Rede Biomar, composta por seis projetos: Albatroz, Baleia Jubarte, Coral Vivo, Golfinho Rotador, Meros do Brasil e TAMAR, todos com patroc\u00ednio da Petrobras.<\/p><p>O primeiro epis\u00f3dio chamado de \u201cRede Biomar: Jovem Mar\u201d entrou no ar no dia do lan\u00e7amento do canal, e, Cynthia Gerling conversou com Abner Federiche Monteiro, 16, do TAMAR de Ubatuba (SP); Aisha Nascimento, 18, do Baleia Jubarte na Praia do Forte (BA); e Amanda Cristina da Silva, 22, do Projeto Golfinho Rotador de Fernando de Noronha (PE).\u00a0<\/p><p>Abner, Aisha e Amanda s\u00e3o tr\u00eas dos mais de 90 jovens de todo o Brasil que participaram do IV encontro nacional Jovem Mar, que ocorre desde 2015 e este ano foi realizado entre os dias 25 e 27 de mar\u00e7o.\u00a0<\/p><p>Em virtude da pandemia do coronav\u00edrus, o evento foi realizado pela primeira vez por meio de uma plataforma digital. \u201cE com o mundo cada vez mais digitalizado, o canal podcast Golfinhos de Noronha chega na hora certa\u201d, diz Cynthia. \u201cE est\u00e1 dispon\u00edvel em v\u00e1rias plataformas como Spotify, Apple Podcast, Google Podcasts, Amazon Music, Podcast Index, Player FM, Deezer, Gaana, Saavan, Stitcher entre outros\u201d.<\/p>\t\t\t\t\t\t\t\t<\/div>\n\t\t\t\t\t<\/div>\n\t\t\t\t<\/div>\n\t\t<div class=\"elementor-element elementor-element-1cec411 e-flex e-con-boxed e-con e-parent\" data-id=\"1cec411\" data-element_type=\"container\" data-e-type=\"container\">\n\t\t\t\t\t<div class=\"e-con-inner\">\n\t\t\t\t<div class=\"elementor-element elementor-element-212d893 elementor-widget elementor-widget-html\" data-id=\"212d893\" data-element_type=\"widget\" data-e-type=\"widget\" data-widget_type=\"html.default\">\n\t\t\t\t\t<iframe src=\"https:\/\/open.spotify.com\/embed-podcast\/episode\/7Eg9W4SqUaWzDtTyWrGluI\" width=\"100%\" height=\"232\" frameborder=\"0\"><\/iframe>\t\t\t\t<\/div>\n\t\t\t\t\t<\/div>\n\t\t\t\t<\/div>\n\t\t\t\t<\/div>\n\t\t","protected":false},"excerpt":{"rendered":"<p>Batizado de \u201cGolfinhos de Noronha\u201d, o espa\u00e7o falar\u00e1 da vida dos animais do arquip\u00e9lago, da quest\u00e3o da sustentabilidade, do meio ambiente e tamb\u00e9m de temas sociais Na sexta-feira, 30 de Abril, foi ao ar o primeiro canal podcast produzido em Fernando de Noronha na tem\u00e1tica socioambiental. Intitulado \u201cGolfinhos de Noronha\u201d, o conte\u00fado n\u00e3o trata apenas [&hellip;]<\/p>\n","protected":false},"author":2,"featured_media":2816,"comment_status":"open","ping_status":"open","sticky":false,"template":"","format":"standard","meta":{"_acf_changed":false,"footnotes":""},"categories":[9],"tags":[],"class_list":["post-2815","post","type-post","status-publish","format-standard","has-post-thumbnail","hentry","category-noticias"],"acf":{"exibir_imagem_destacada":"N\u00e3o"},"yoast_head":"<!-- This site is optimized with the Yoast SEO plugin v27.5 - https:\/\/yoast.com\/product\/yoast-seo-wordpress\/ -->\n<title>Podcast Golfinhos de Noronha. \u00c9 lan\u00e7ado o primeiro podcast na tem\u00e1tica socioambiental de Fernando de Noronha - Projeto Golfinho Rotador<\/title>\n<meta name=\"robots\" content=\"index, follow, max-snippet:-1, max-image-preview:large, max-video-preview:-1\" \/>\n<link rel=\"canonical\" href=\"https:\/\/golfinhorotador.org.br\/2021\/05\/25\/podcast-golfinhos-de-noronha-e-lancado-o-primeiro-podcast-na-tematica-socioambiental-de-fernando-de-noronha\/\" \/>\n<meta property=\"og:locale\" content=\"en_US\" \/>\n<meta property=\"og:type\" content=\"article\" \/>\n<meta property=\"og:title\" content=\"Podcast Golfinhos de Noronha. \u00c9 lan\u00e7ado o primeiro podcast na tem\u00e1tica socioambiental de Fernando de Noronha - Projeto Golfinho Rotador\" \/>\n<meta property=\"og:description\" content=\"Batizado de \u201cGolfinhos de Noronha\u201d, o espa\u00e7o falar\u00e1 da vida dos animais do arquip\u00e9lago, da quest\u00e3o da sustentabilidade, do meio ambiente e tamb\u00e9m de temas sociais Na sexta-feira, 30 de Abril, foi ao ar o primeiro canal podcast produzido em Fernando de Noronha na tem\u00e1tica socioambiental. Intitulado \u201cGolfinhos de Noronha\u201d, o conte\u00fado n\u00e3o trata apenas [&hellip;]\" \/>\n<meta property=\"og:url\" content=\"https:\/\/golfinhorotador.org.br\/2021\/05\/25\/podcast-golfinhos-de-noronha-e-lancado-o-primeiro-podcast-na-tematica-socioambiental-de-fernando-de-noronha\/\" \/>\n<meta property=\"og:site_name\" content=\"Projeto Golfinho Rotador\" \/>\n<meta property=\"article:publisher\" content=\"https:\/\/www.facebook.com\/Projeto-Golfinho-Rotador-155695874539813\" \/>\n<meta property=\"article:published_time\" content=\"2021-05-25T03:03:06+00:00\" \/>\n<meta property=\"article:modified_time\" content=\"2025-08-11T03:12:19+00:00\" \/>\n<meta property=\"og:image\" content=\"https:\/\/golfinhorotador.org.br\/wp-content\/uploads\/2025\/08\/destaque-podcast.jpg\" \/>\n\t<meta property=\"og:image:width\" content=\"528\" \/>\n\t<meta property=\"og:image:height\" content=\"350\" \/>\n\t<meta property=\"og:image:type\" content=\"image\/jpeg\" \/>\n<meta name=\"author\" content=\"Projeto Golfinho Rotador\" \/>\n<meta name=\"twitter:card\" content=\"summary_large_image\" \/>\n<meta name=\"twitter:creator\" content=\"@golfinhorotador\" \/>\n<meta name=\"twitter:site\" content=\"@golfinhorotador\" \/>\n<meta name=\"twitter:label1\" content=\"Written by\" \/>\n\t<meta name=\"twitter:data1\" content=\"Projeto Golfinho Rotador\" \/>\n\t<meta name=\"twitter:label2\" content=\"Est. reading time\" \/>\n\t<meta name=\"twitter:data2\" content=\"2 minutes\" \/>\n<script type=\"application\/ld+json\" class=\"yoast-schema-graph\">{\"@context\":\"https:\\\/\\\/schema.org\",\"@graph\":[{\"@type\":\"Article\",\"@id\":\"https:\\\/\\\/golfinhorotador.org.br\\\/2021\\\/05\\\/25\\\/podcast-golfinhos-de-noronha-e-lancado-o-primeiro-podcast-na-tematica-socioambiental-de-fernando-de-noronha\\\/#article\",\"isPartOf\":{\"@id\":\"https:\\\/\\\/golfinhorotador.org.br\\\/2021\\\/05\\\/25\\\/podcast-golfinhos-de-noronha-e-lancado-o-primeiro-podcast-na-tematica-socioambiental-de-fernando-de-noronha\\\/\"},\"author\":{\"name\":\"Projeto Golfinho Rotador\",\"@id\":\"https:\\\/\\\/golfinhorotador.org.br\\\/#\\\/schema\\\/person\\\/31c9f545fc127c9e21fc1c5f001269db\"},\"headline\":\"Podcast Golfinhos de Noronha. \u00c9 lan\u00e7ado o primeiro podcast na tem\u00e1tica socioambiental de Fernando de Noronha\",\"datePublished\":\"2021-05-25T03:03:06+00:00\",\"dateModified\":\"2025-08-11T03:12:19+00:00\",\"mainEntityOfPage\":{\"@id\":\"https:\\\/\\\/golfinhorotador.org.br\\\/2021\\\/05\\\/25\\\/podcast-golfinhos-de-noronha-e-lancado-o-primeiro-podcast-na-tematica-socioambiental-de-fernando-de-noronha\\\/\"},\"wordCount\":465,\"commentCount\":0,\"publisher\":{\"@id\":\"https:\\\/\\\/golfinhorotador.org.br\\\/#organization\"},\"image\":{\"@id\":\"https:\\\/\\\/golfinhorotador.org.br\\\/2021\\\/05\\\/25\\\/podcast-golfinhos-de-noronha-e-lancado-o-primeiro-podcast-na-tematica-socioambiental-de-fernando-de-noronha\\\/#primaryimage\"},\"thumbnailUrl\":\"https:\\\/\\\/golfinhorotador.org.br\\\/wp-content\\\/uploads\\\/2025\\\/08\\\/destaque-podcast.jpg\",\"articleSection\":[\"Not\u00edcias\"],\"inLanguage\":\"en-US\",\"potentialAction\":[{\"@type\":\"CommentAction\",\"name\":\"Comment\",\"target\":[\"https:\\\/\\\/golfinhorotador.org.br\\\/2021\\\/05\\\/25\\\/podcast-golfinhos-de-noronha-e-lancado-o-primeiro-podcast-na-tematica-socioambiental-de-fernando-de-noronha\\\/#respond\"]}]},{\"@type\":\"WebPage\",\"@id\":\"https:\\\/\\\/golfinhorotador.org.br\\\/2021\\\/05\\\/25\\\/podcast-golfinhos-de-noronha-e-lancado-o-primeiro-podcast-na-tematica-socioambiental-de-fernando-de-noronha\\\/\",\"url\":\"https:\\\/\\\/golfinhorotador.org.br\\\/2021\\\/05\\\/25\\\/podcast-golfinhos-de-noronha-e-lancado-o-primeiro-podcast-na-tematica-socioambiental-de-fernando-de-noronha\\\/\",\"name\":\"Podcast Golfinhos de Noronha. \u00c9 lan\u00e7ado o primeiro podcast na tem\u00e1tica socioambiental de Fernando de Noronha - Projeto Golfinho Rotador\",\"isPartOf\":{\"@id\":\"https:\\\/\\\/golfinhorotador.org.br\\\/#website\"},\"primaryImageOfPage\":{\"@id\":\"https:\\\/\\\/golfinhorotador.org.br\\\/2021\\\/05\\\/25\\\/podcast-golfinhos-de-noronha-e-lancado-o-primeiro-podcast-na-tematica-socioambiental-de-fernando-de-noronha\\\/#primaryimage\"},\"image\":{\"@id\":\"https:\\\/\\\/golfinhorotador.org.br\\\/2021\\\/05\\\/25\\\/podcast-golfinhos-de-noronha-e-lancado-o-primeiro-podcast-na-tematica-socioambiental-de-fernando-de-noronha\\\/#primaryimage\"},\"thumbnailUrl\":\"https:\\\/\\\/golfinhorotador.org.br\\\/wp-content\\\/uploads\\\/2025\\\/08\\\/destaque-podcast.jpg\",\"datePublished\":\"2021-05-25T03:03:06+00:00\",\"dateModified\":\"2025-08-11T03:12:19+00:00\",\"breadcrumb\":{\"@id\":\"https:\\\/\\\/golfinhorotador.org.br\\\/2021\\\/05\\\/25\\\/podcast-golfinhos-de-noronha-e-lancado-o-primeiro-podcast-na-tematica-socioambiental-de-fernando-de-noronha\\\/#breadcrumb\"},\"inLanguage\":\"en-US\",\"potentialAction\":[{\"@type\":\"ReadAction\",\"target\":[\"https:\\\/\\\/golfinhorotador.org.br\\\/2021\\\/05\\\/25\\\/podcast-golfinhos-de-noronha-e-lancado-o-primeiro-podcast-na-tematica-socioambiental-de-fernando-de-noronha\\\/\"]}]},{\"@type\":\"ImageObject\",\"inLanguage\":\"en-US\",\"@id\":\"https:\\\/\\\/golfinhorotador.org.br\\\/2021\\\/05\\\/25\\\/podcast-golfinhos-de-noronha-e-lancado-o-primeiro-podcast-na-tematica-socioambiental-de-fernando-de-noronha\\\/#primaryimage\",\"url\":\"https:\\\/\\\/golfinhorotador.org.br\\\/wp-content\\\/uploads\\\/2025\\\/08\\\/destaque-podcast.jpg\",\"contentUrl\":\"https:\\\/\\\/golfinhorotador.org.br\\\/wp-content\\\/uploads\\\/2025\\\/08\\\/destaque-podcast.jpg\",\"width\":528,\"height\":350},{\"@type\":\"BreadcrumbList\",\"@id\":\"https:\\\/\\\/golfinhorotador.org.br\\\/2021\\\/05\\\/25\\\/podcast-golfinhos-de-noronha-e-lancado-o-primeiro-podcast-na-tematica-socioambiental-de-fernando-de-noronha\\\/#breadcrumb\",\"itemListElement\":[{\"@type\":\"ListItem\",\"position\":1,\"name\":\"In\u00edcio\",\"item\":\"https:\\\/\\\/golfinhorotador.org.br\\\/en\\\/home\\\/\"},{\"@type\":\"ListItem\",\"position\":2,\"name\":\"Podcast Golfinhos de Noronha. \u00c9 lan\u00e7ado o primeiro podcast na tem\u00e1tica socioambiental de Fernando de Noronha\"}]},{\"@type\":\"WebSite\",\"@id\":\"https:\\\/\\\/golfinhorotador.org.br\\\/#website\",\"url\":\"https:\\\/\\\/golfinhorotador.org.br\\\/\",\"name\":\"Projeto Golfinho Rotador\",\"description\":\"Fernando de Noronha\",\"publisher\":{\"@id\":\"https:\\\/\\\/golfinhorotador.org.br\\\/#organization\"},\"potentialAction\":[{\"@type\":\"SearchAction\",\"target\":{\"@type\":\"EntryPoint\",\"urlTemplate\":\"https:\\\/\\\/golfinhorotador.org.br\\\/?s={search_term_string}\"},\"query-input\":{\"@type\":\"PropertyValueSpecification\",\"valueRequired\":true,\"valueName\":\"search_term_string\"}}],\"inLanguage\":\"en-US\"},{\"@type\":\"Organization\",\"@id\":\"https:\\\/\\\/golfinhorotador.org.br\\\/#organization\",\"name\":\"Projeto Golfinho Rotador\",\"url\":\"https:\\\/\\\/golfinhorotador.org.br\\\/\",\"logo\":{\"@type\":\"ImageObject\",\"inLanguage\":\"en-US\",\"@id\":\"https:\\\/\\\/golfinhorotador.org.br\\\/#\\\/schema\\\/logo\\\/image\\\/\",\"url\":\"https:\\\/\\\/golfinhorotador.org.br\\\/wp-content\\\/uploads\\\/2025\\\/07\\\/Logo-PGR-2025-512.png\",\"contentUrl\":\"https:\\\/\\\/golfinhorotador.org.br\\\/wp-content\\\/uploads\\\/2025\\\/07\\\/Logo-PGR-2025-512.png\",\"width\":512,\"height\":512,\"caption\":\"Projeto Golfinho Rotador\"},\"image\":{\"@id\":\"https:\\\/\\\/golfinhorotador.org.br\\\/#\\\/schema\\\/logo\\\/image\\\/\"},\"sameAs\":[\"https:\\\/\\\/www.facebook.com\\\/Projeto-Golfinho-Rotador-155695874539813\",\"https:\\\/\\\/x.com\\\/golfinhorotador\",\"https:\\\/\\\/www.instagram.com\\\/golfinhorotador\\\/\",\"https:\\\/\\\/www.youtube.com\\\/channel\\\/UCYw-aMfBHbkUU_DimpWJzbw\",\"https:\\\/\\\/www.tiktok.com\\\/@golfinhorotador\"]},{\"@type\":\"Person\",\"@id\":\"https:\\\/\\\/golfinhorotador.org.br\\\/#\\\/schema\\\/person\\\/31c9f545fc127c9e21fc1c5f001269db\",\"name\":\"Projeto Golfinho Rotador\",\"image\":{\"@type\":\"ImageObject\",\"inLanguage\":\"en-US\",\"@id\":\"https:\\\/\\\/secure.gravatar.com\\\/avatar\\\/4e2f6bba9197287956dc1c931a4caed810b09aec9b8f38aa913bd11926fd05d2?s=96&d=mm&r=g\",\"url\":\"https:\\\/\\\/secure.gravatar.com\\\/avatar\\\/4e2f6bba9197287956dc1c931a4caed810b09aec9b8f38aa913bd11926fd05d2?s=96&d=mm&r=g\",\"contentUrl\":\"https:\\\/\\\/secure.gravatar.com\\\/avatar\\\/4e2f6bba9197287956dc1c931a4caed810b09aec9b8f38aa913bd11926fd05d2?s=96&d=mm&r=g\",\"caption\":\"Projeto Golfinho Rotador\"},\"url\":\"https:\\\/\\\/golfinhorotador.org.br\\\/en\\\/author\\\/projeto-golfinho-rotador\\\/\"}]}<\/script>\n<!-- \/ Yoast SEO plugin. -->","yoast_head_json":{"title":"Podcast Golfinhos de Noronha. \u00c9 lan\u00e7ado o primeiro podcast na tem\u00e1tica socioambiental de Fernando de Noronha - Projeto Golfinho Rotador","robots":{"index":"index","follow":"follow","max-snippet":"max-snippet:-1","max-image-preview":"max-image-preview:large","max-video-preview":"max-video-preview:-1"},"canonical":"https:\/\/golfinhorotador.org.br\/2021\/05\/25\/podcast-golfinhos-de-noronha-e-lancado-o-primeiro-podcast-na-tematica-socioambiental-de-fernando-de-noronha\/","og_locale":"en_US","og_type":"article","og_title":"Podcast Golfinhos de Noronha. \u00c9 lan\u00e7ado o primeiro podcast na tem\u00e1tica socioambiental de Fernando de Noronha - Projeto Golfinho Rotador","og_description":"Batizado de \u201cGolfinhos de Noronha\u201d, o espa\u00e7o falar\u00e1 da vida dos animais do arquip\u00e9lago, da quest\u00e3o da sustentabilidade, do meio ambiente e tamb\u00e9m de temas sociais Na sexta-feira, 30 de Abril, foi ao ar o primeiro canal podcast produzido em Fernando de Noronha na tem\u00e1tica socioambiental. Intitulado \u201cGolfinhos de Noronha\u201d, o conte\u00fado n\u00e3o trata apenas [&hellip;]","og_url":"https:\/\/golfinhorotador.org.br\/2021\/05\/25\/podcast-golfinhos-de-noronha-e-lancado-o-primeiro-podcast-na-tematica-socioambiental-de-fernando-de-noronha\/","og_site_name":"Projeto Golfinho Rotador","article_publisher":"https:\/\/www.facebook.com\/Projeto-Golfinho-Rotador-155695874539813","article_published_time":"2021-05-25T03:03:06+00:00","article_modified_time":"2025-08-11T03:12:19+00:00","og_image":[{"width":528,"height":350,"url":"https:\/\/golfinhorotador.org.br\/wp-content\/uploads\/2025\/08\/destaque-podcast.jpg","type":"image\/jpeg"}],"author":"Projeto Golfinho Rotador","twitter_card":"summary_large_image","twitter_creator":"@golfinhorotador","twitter_site":"@golfinhorotador","twitter_misc":{"Written by":"Projeto Golfinho Rotador","Est. reading time":"2 minutes"},"schema":{"@context":"https:\/\/schema.org","@graph":[{"@type":"Article","@id":"https:\/\/golfinhorotador.org.br\/2021\/05\/25\/podcast-golfinhos-de-noronha-e-lancado-o-primeiro-podcast-na-tematica-socioambiental-de-fernando-de-noronha\/#article","isPartOf":{"@id":"https:\/\/golfinhorotador.org.br\/2021\/05\/25\/podcast-golfinhos-de-noronha-e-lancado-o-primeiro-podcast-na-tematica-socioambiental-de-fernando-de-noronha\/"},"author":{"name":"Projeto Golfinho Rotador","@id":"https:\/\/golfinhorotador.org.br\/#\/schema\/person\/31c9f545fc127c9e21fc1c5f001269db"},"headline":"Podcast Golfinhos de Noronha. \u00c9 lan\u00e7ado o primeiro podcast na tem\u00e1tica socioambiental de Fernando de Noronha","datePublished":"2021-05-25T03:03:06+00:00","dateModified":"2025-08-11T03:12:19+00:00","mainEntityOfPage":{"@id":"https:\/\/golfinhorotador.org.br\/2021\/05\/25\/podcast-golfinhos-de-noronha-e-lancado-o-primeiro-podcast-na-tematica-socioambiental-de-fernando-de-noronha\/"},"wordCount":465,"commentCount":0,"publisher":{"@id":"https:\/\/golfinhorotador.org.br\/#organization"},"image":{"@id":"https:\/\/golfinhorotador.org.br\/2021\/05\/25\/podcast-golfinhos-de-noronha-e-lancado-o-primeiro-podcast-na-tematica-socioambiental-de-fernando-de-noronha\/#primaryimage"},"thumbnailUrl":"https:\/\/golfinhorotador.org.br\/wp-content\/uploads\/2025\/08\/destaque-podcast.jpg","articleSection":["Not\u00edcias"],"inLanguage":"en-US","potentialAction":[{"@type":"CommentAction","name":"Comment","target":["https:\/\/golfinhorotador.org.br\/2021\/05\/25\/podcast-golfinhos-de-noronha-e-lancado-o-primeiro-podcast-na-tematica-socioambiental-de-fernando-de-noronha\/#respond"]}]},{"@type":"WebPage","@id":"https:\/\/golfinhorotador.org.br\/2021\/05\/25\/podcast-golfinhos-de-noronha-e-lancado-o-primeiro-podcast-na-tematica-socioambiental-de-fernando-de-noronha\/","url":"https:\/\/golfinhorotador.org.br\/2021\/05\/25\/podcast-golfinhos-de-noronha-e-lancado-o-primeiro-podcast-na-tematica-socioambiental-de-fernando-de-noronha\/","name":"Podcast Golfinhos de Noronha. \u00c9 lan\u00e7ado o primeiro podcast na tem\u00e1tica socioambiental de Fernando de Noronha - Projeto Golfinho Rotador","isPartOf":{"@id":"https:\/\/golfinhorotador.org.br\/#website"},"primaryImageOfPage":{"@id":"https:\/\/golfinhorotador.org.br\/2021\/05\/25\/podcast-golfinhos-de-noronha-e-lancado-o-primeiro-podcast-na-tematica-socioambiental-de-fernando-de-noronha\/#primaryimage"},"image":{"@id":"https:\/\/golfinhorotador.org.br\/2021\/05\/25\/podcast-golfinhos-de-noronha-e-lancado-o-primeiro-podcast-na-tematica-socioambiental-de-fernando-de-noronha\/#primaryimage"},"thumbnailUrl":"https:\/\/golfinhorotador.org.br\/wp-content\/uploads\/2025\/08\/destaque-podcast.jpg","datePublished":"2021-05-25T03:03:06+00:00","dateModified":"2025-08-11T03:12:19+00:00","breadcrumb":{"@id":"https:\/\/golfinhorotador.org.br\/2021\/05\/25\/podcast-golfinhos-de-noronha-e-lancado-o-primeiro-podcast-na-tematica-socioambiental-de-fernando-de-noronha\/#breadcrumb"},"inLanguage":"en-US","potentialAction":[{"@type":"ReadAction","target":["https:\/\/golfinhorotador.org.br\/2021\/05\/25\/podcast-golfinhos-de-noronha-e-lancado-o-primeiro-podcast-na-tematica-socioambiental-de-fernando-de-noronha\/"]}]},{"@type":"ImageObject","inLanguage":"en-US","@id":"https:\/\/golfinhorotador.org.br\/2021\/05\/25\/podcast-golfinhos-de-noronha-e-lancado-o-primeiro-podcast-na-tematica-socioambiental-de-fernando-de-noronha\/#primaryimage","url":"https:\/\/golfinhorotador.org.br\/wp-content\/uploads\/2025\/08\/destaque-podcast.jpg","contentUrl":"https:\/\/golfinhorotador.org.br\/wp-content\/uploads\/2025\/08\/destaque-podcast.jpg","width":528,"height":350},{"@type":"BreadcrumbList","@id":"https:\/\/golfinhorotador.org.br\/2021\/05\/25\/podcast-golfinhos-de-noronha-e-lancado-o-primeiro-podcast-na-tematica-socioambiental-de-fernando-de-noronha\/#breadcrumb","itemListElement":[{"@type":"ListItem","position":1,"name":"In\u00edcio","item":"https:\/\/golfinhorotador.org.br\/en\/home\/"},{"@type":"ListItem","position":2,"name":"Podcast Golfinhos de Noronha. \u00c9 lan\u00e7ado o primeiro podcast na tem\u00e1tica socioambiental de Fernando de Noronha"}]},{"@type":"WebSite","@id":"https:\/\/golfinhorotador.org.br\/#website","url":"https:\/\/golfinhorotador.org.br\/","name":"Projeto Golfinho Rotador","description":"Fernando de Noronha","publisher":{"@id":"https:\/\/golfinhorotador.org.br\/#organization"},"potentialAction":[{"@type":"SearchAction","target":{"@type":"EntryPoint","urlTemplate":"https:\/\/golfinhorotador.org.br\/?s={search_term_string}"},"query-input":{"@type":"PropertyValueSpecification","valueRequired":true,"valueName":"search_term_string"}}],"inLanguage":"en-US"},{"@type":"Organization","@id":"https:\/\/golfinhorotador.org.br\/#organization","name":"Projeto Golfinho Rotador","url":"https:\/\/golfinhorotador.org.br\/","logo":{"@type":"ImageObject","inLanguage":"en-US","@id":"https:\/\/golfinhorotador.org.br\/#\/schema\/logo\/image\/","url":"https:\/\/golfinhorotador.org.br\/wp-content\/uploads\/2025\/07\/Logo-PGR-2025-512.png","contentUrl":"https:\/\/golfinhorotador.org.br\/wp-content\/uploads\/2025\/07\/Logo-PGR-2025-512.png","width":512,"height":512,"caption":"Projeto Golfinho Rotador"},"image":{"@id":"https:\/\/golfinhorotador.org.br\/#\/schema\/logo\/image\/"},"sameAs":["https:\/\/www.facebook.com\/Projeto-Golfinho-Rotador-155695874539813","https:\/\/x.com\/golfinhorotador","https:\/\/www.instagram.com\/golfinhorotador\/","https:\/\/www.youtube.com\/channel\/UCYw-aMfBHbkUU_DimpWJzbw","https:\/\/www.tiktok.com\/@golfinhorotador"]},{"@type":"Person","@id":"https:\/\/golfinhorotador.org.br\/#\/schema\/person\/31c9f545fc127c9e21fc1c5f001269db","name":"Projeto Golfinho Rotador","image":{"@type":"ImageObject","inLanguage":"en-US","@id":"https:\/\/secure.gravatar.com\/avatar\/4e2f6bba9197287956dc1c931a4caed810b09aec9b8f38aa913bd11926fd05d2?s=96&d=mm&r=g","url":"https:\/\/secure.gravatar.com\/avatar\/4e2f6bba9197287956dc1c931a4caed810b09aec9b8f38aa913bd11926fd05d2?s=96&d=mm&r=g","contentUrl":"https:\/\/secure.gravatar.com\/avatar\/4e2f6bba9197287956dc1c931a4caed810b09aec9b8f38aa913bd11926fd05d2?s=96&d=mm&r=g","caption":"Projeto Golfinho Rotador"},"url":"https:\/\/golfinhorotador.org.br\/en\/author\/projeto-golfinho-rotador\/"}]}},"_links":{"self":[{"href":"https:\/\/golfinhorotador.org.br\/en\/wp-json\/wp\/v2\/posts\/2815","targetHints":{"allow":["GET"]}}],"collection":[{"href":"https:\/\/golfinhorotador.org.br\/en\/wp-json\/wp\/v2\/posts"}],"about":[{"href":"https:\/\/golfinhorotador.org.br\/en\/wp-json\/wp\/v2\/types\/post"}],"author":[{"embeddable":true,"href":"https:\/\/golfinhorotador.org.br\/en\/wp-json\/wp\/v2\/users\/2"}],"replies":[{"embeddable":true,"href":"https:\/\/golfinhorotador.org.br\/en\/wp-json\/wp\/v2\/comments?post=2815"}],"version-history":[{"count":8,"href":"https:\/\/golfinhorotador.org.br\/en\/wp-json\/wp\/v2\/posts\/2815\/revisions"}],"predecessor-version":[{"id":2825,"href":"https:\/\/golfinhorotador.org.br\/en\/wp-json\/wp\/v2\/posts\/2815\/revisions\/2825"}],"wp:featuredmedia":[{"embeddable":true,"href":"https:\/\/golfinhorotador.org.br\/en\/wp-json\/wp\/v2\/media\/2816"}],"wp:attachment":[{"href":"https:\/\/golfinhorotador.org.br\/en\/wp-json\/wp\/v2\/media?parent=2815"}],"wp:term":[{"taxonomy":"category","embeddable":true,"href":"https:\/\/golfinhorotador.org.br\/en\/wp-json\/wp\/v2\/categories?post=2815"},{"taxonomy":"post_tag","embeddable":true,"href":"https:\/\/golfinhorotador.org.br\/en\/wp-json\/wp\/v2\/tags?post=2815"}],"curies":[{"name":"wp","href":"https:\/\/api.w.org\/{rel}","templated":true}]}}