{"id":2856,"date":"2021-06-23T00:34:10","date_gmt":"2021-06-23T03:34:10","guid":{"rendered":"https:\/\/golfinhorotador.org.br\/?p=2856"},"modified":"2025-08-11T00:37:26","modified_gmt":"2025-08-11T03:37:26","slug":"batalha-de-fotos-e-sucesso-no-instagram","status":"publish","type":"post","link":"https:\/\/golfinhorotador.org.br\/en\/2021\/06\/23\/batalha-de-fotos-e-sucesso-no-instagram\/","title":{"rendered":"Batalha de fotos \u00e9 sucesso no Instagram"},"content":{"rendered":"\t\t<div data-elementor-type=\"wp-post\" data-elementor-id=\"2856\" class=\"elementor elementor-2856\" data-elementor-post-type=\"post\">\n\t\t\t\t<div class=\"elementor-element elementor-element-33db38af e-flex e-con-boxed e-con e-parent\" data-id=\"33db38af\" data-element_type=\"container\" data-e-type=\"container\">\n\t\t\t\t\t<div class=\"e-con-inner\">\n\t\t\t\t<div class=\"elementor-element elementor-element-1ac2a8a2 elementor-widget elementor-widget-text-editor\" data-id=\"1ac2a8a2\" data-element_type=\"widget\" data-e-type=\"widget\" data-widget_type=\"text-editor.default\">\n\t\t\t\t\t\t\t\t\t<h5>Em parceria com outros projetos ambientais, o Projeto Golfinho Rotador realizou competi\u00e7\u00e3o que elegeu as melhores imagens enviadas pelo Instagram, em tr\u00eas categorias.<\/h5>\t\t\t\t\t\t\t\t<\/div>\n\t\t\t\t\t<\/div>\n\t\t\t\t<\/div>\n\t\t<div class=\"elementor-element elementor-element-83e3b54 e-flex e-con-boxed e-con e-parent\" data-id=\"83e3b54\" data-element_type=\"container\" data-e-type=\"container\">\n\t\t\t\t\t<div class=\"e-con-inner\">\n\t\t\t\t<div class=\"elementor-element elementor-element-cac1099 elementor-widget elementor-widget-gallery\" data-id=\"cac1099\" data-element_type=\"widget\" data-e-type=\"widget\" data-settings=\"{&quot;aspect_ratio&quot;:&quot;4:3&quot;,&quot;image_hover_animation&quot;:&quot;grow&quot;,&quot;columns&quot;:3,&quot;overlay_description&quot;:&quot;caption&quot;,&quot;lazyload&quot;:&quot;yes&quot;,&quot;gallery_layout&quot;:&quot;grid&quot;,&quot;columns_tablet&quot;:2,&quot;columns_mobile&quot;:1,&quot;gap&quot;:{&quot;unit&quot;:&quot;px&quot;,&quot;size&quot;:10,&quot;sizes&quot;:[]},&quot;gap_tablet&quot;:{&quot;unit&quot;:&quot;px&quot;,&quot;size&quot;:10,&quot;sizes&quot;:[]},&quot;gap_mobile&quot;:{&quot;unit&quot;:&quot;px&quot;,&quot;size&quot;:10,&quot;sizes&quot;:[]},&quot;link_to&quot;:&quot;file&quot;,&quot;overlay_background&quot;:&quot;yes&quot;,&quot;content_hover_animation&quot;:&quot;fade-in&quot;}\" data-widget_type=\"gallery.default\">\n\t\t\t\t\t\t\t<div class=\"elementor-gallery__container\">\n\t\t\t\t\t\t\t<a class=\"e-gallery-item elementor-gallery-item elementor-animated-content\" href=\"https:\/\/golfinhorotador.org.br\/wp-content\/uploads\/2025\/08\/NContinental_F45_Adriana-Israel-de-Almeida-Pereira-a-2.jpg\" data-elementor-open-lightbox=\"yes\" data-elementor-lightbox-slideshow=\"cac1099\" data-elementor-lightbox-title=\"NContinental_F45_Adriana-Israel-de-Almeida-Pereira-a-2\" data-e-action-hash=\"#elementor-action%3Aaction%3Dlightbox%26settings%3DeyJpZCI6Mjg1NywidXJsIjoiaHR0cHM6XC9cL2dvbGZpbmhvcm90YWRvci5vcmcuYnJcL3dwLWNvbnRlbnRcL3VwbG9hZHNcLzIwMjVcLzA4XC9OQ29udGluZW50YWxfRjQ1X0FkcmlhbmEtSXNyYWVsLWRlLUFsbWVpZGEtUGVyZWlyYS1hLTIuanBnIiwic2xpZGVzaG93IjoiY2FjMTA5OSJ9\">\n\t\t\t\t\t<div class=\"e-gallery-image elementor-gallery-item__image\" data-thumbnail=\"https:\/\/golfinhorotador.org.br\/wp-content\/uploads\/2025\/08\/NContinental_F45_Adriana-Israel-de-Almeida-Pereira-a-2.jpg\" data-width=\"616\" data-height=\"399\" aria-label=\"\" role=\"img\" ><\/div>\n\t\t\t\t\t\t\t\t\t\t\t<div class=\"elementor-gallery-item__overlay\"><\/div>\n\t\t\t\t\t\t\t\t\t\t\t\t\t\t\t<div class=\"elementor-gallery-item__content\">\n\t\t\t\t\t\t\t\t\t\t\t\t\t\t<div class=\"elementor-gallery-item__description\">\n\t\t\t\t\t\t\t\t\t\t\t\t\t\t\t\t\t\tfoto: Adriana Israel de Almeida Pereira\t\t\t\t\t\t\t\t<\/div>\n\t\t\t\t\t\t\t\t\t\t\t\t<\/div>\n\t\t\t\t\t\t\t\t\t<\/a>\n\t\t\t\t\t\t\t<a class=\"e-gallery-item elementor-gallery-item elementor-animated-content\" href=\"https:\/\/golfinhorotador.org.br\/wp-content\/uploads\/2025\/08\/NMarinha_F49_Fernando-tuna-2.jpg\" data-elementor-open-lightbox=\"yes\" data-elementor-lightbox-slideshow=\"cac1099\" data-elementor-lightbox-title=\"NMarinha_F49_Fernando-tuna-2\" data-e-action-hash=\"#elementor-action%3Aaction%3Dlightbox%26settings%3DeyJpZCI6Mjg1OCwidXJsIjoiaHR0cHM6XC9cL2dvbGZpbmhvcm90YWRvci5vcmcuYnJcL3dwLWNvbnRlbnRcL3VwbG9hZHNcLzIwMjVcLzA4XC9OTWFyaW5oYV9GNDlfRmVybmFuZG8tdHVuYS0yLmpwZyIsInNsaWRlc2hvdyI6ImNhYzEwOTkifQ%3D%3D\">\n\t\t\t\t\t<div class=\"e-gallery-image elementor-gallery-item__image\" data-thumbnail=\"https:\/\/golfinhorotador.org.br\/wp-content\/uploads\/2025\/08\/NMarinha_F49_Fernando-tuna-2.jpg\" data-width=\"640\" data-height=\"559\" aria-label=\"\" role=\"img\" ><\/div>\n\t\t\t\t\t\t\t\t\t\t\t<div class=\"elementor-gallery-item__overlay\"><\/div>\n\t\t\t\t\t\t\t\t\t\t\t\t\t\t\t<div class=\"elementor-gallery-item__content\">\n\t\t\t\t\t\t\t\t\t\t\t\t\t\t<div class=\"elementor-gallery-item__description\">\n\t\t\t\t\t\t\t\t\t\t\t\t\t\t\t\t\t\tfoto: Fernando Tuna\t\t\t\t\t\t\t\t<\/div>\n\t\t\t\t\t\t\t\t\t\t\t\t<\/div>\n\t\t\t\t\t\t\t\t\t<\/a>\n\t\t\t\t\t\t\t<a class=\"e-gallery-item elementor-gallery-item elementor-animated-content\" href=\"https:\/\/golfinhorotador.org.br\/wp-content\/uploads\/2025\/08\/Nurbna_F30_Rafael-Mendes-Teixeira-a-2.jpg\" data-elementor-open-lightbox=\"yes\" data-elementor-lightbox-slideshow=\"cac1099\" data-elementor-lightbox-title=\"Nurbna_F30_Rafael-Mendes-Teixeira-a-2\" data-e-action-hash=\"#elementor-action%3Aaction%3Dlightbox%26settings%3DeyJpZCI6Mjg1OSwidXJsIjoiaHR0cHM6XC9cL2dvbGZpbmhvcm90YWRvci5vcmcuYnJcL3dwLWNvbnRlbnRcL3VwbG9hZHNcLzIwMjVcLzA4XC9OdXJibmFfRjMwX1JhZmFlbC1NZW5kZXMtVGVpeGVpcmEtYS0yLmpwZyIsInNsaWRlc2hvdyI6ImNhYzEwOTkifQ%3D%3D\">\n\t\t\t\t\t<div class=\"e-gallery-image elementor-gallery-item__image\" data-thumbnail=\"https:\/\/golfinhorotador.org.br\/wp-content\/uploads\/2025\/08\/Nurbna_F30_Rafael-Mendes-Teixeira-a-2.jpg\" data-width=\"648\" data-height=\"432\" aria-label=\"\" role=\"img\" ><\/div>\n\t\t\t\t\t\t\t\t\t\t\t<div class=\"elementor-gallery-item__overlay\"><\/div>\n\t\t\t\t\t\t\t\t\t\t\t\t\t\t\t<div class=\"elementor-gallery-item__content\">\n\t\t\t\t\t\t\t\t\t\t\t\t\t\t<div class=\"elementor-gallery-item__description\">\n\t\t\t\t\t\t\t\t\t\t\t\t\t\t\t\t\t\tfoto: Rafael Mendes Teixeira\t\t\t\t\t\t\t\t<\/div>\n\t\t\t\t\t\t\t\t\t\t\t\t<\/div>\n\t\t\t\t\t\t\t\t\t<\/a>\n\t\t\t\t\t<\/div>\n\t\t\t\t\t<\/div>\n\t\t\t\t\t<\/div>\n\t\t\t\t<\/div>\n\t\t<div class=\"elementor-element elementor-element-6d506ca e-flex e-con-boxed e-con e-parent\" data-id=\"6d506ca\" data-element_type=\"container\" data-e-type=\"container\">\n\t\t\t\t\t<div class=\"e-con-inner\">\n\t\t\t\t<div class=\"elementor-element elementor-element-dde3215 elementor-widget elementor-widget-text-editor\" data-id=\"dde3215\" data-element_type=\"widget\" data-e-type=\"widget\" data-widget_type=\"text-editor.default\">\n\t\t\t\t\t\t\t\t\t<p>Para celebrar a Semana do Meio Ambiente, que come\u00e7ou no dia 31 de maio, e o Dia Mundial dos Oceanos celebrado em 8 de junho, o Projeto Golfinho Rotador (PGR) que \u00e9 patrocinado pela Petrobras, realizou uma competi\u00e7\u00e3o com o objetivo de eleger as mais belas imagens enviadas pelos internautas, pelo Instagram. Intitulada &#8220;Batalha de Fotos&#8221;, a campanha teve a participa\u00e7\u00e3o de pessoas de todo o Brasil, que enviaram fotografias tendo como tem\u00e1tica o meio ambiente. Foram tr\u00eas disputas, em tr\u00eas categorias: Natureza Marinha, Natureza Continental e Natureza Urbana, que tiveram, ao todo, 128 fotos concorrendo, inscritas por quarenta e uma pessoas, algumas pessoas inscreveram mais de uma imagem. A categoria mais concorrida foi a de Natureza Marinha, com 50 fotos, inscritas por 30 pessoas.<\/p><p>Al\u00e9m do PGR tamb\u00e9m participaram da campanha os projetos Ciclo Vivo, Bichos do Pantanal, Budi\u00f5es e Via Girassol. Escolhidos por voto popular no Instagram, os vencedores foram e premiados com dois kits: um com brindes do Golfinho Rotador e um segundo com brindes de um dos outros projetos participantes. Al\u00e9m disso, as tr\u00eas fotos vencedoras foram postadas no Instagram dos projetos, para mostrar a natureza nos diferentes ambientes do Brasil. &#8220;Al\u00e9m de incentivar a participa\u00e7\u00e3o do p\u00fablico em geral, a Batalha de Fotos \u00e9 uma forma de registrar o que temos de belo no nosso pa\u00eds e como precisamos trabalhar em prol da preserva\u00e7\u00e3o ambiental, tanto nos centros urbanos como longe deles&#8221;, diz a bi\u00f3loga Lume Garcia, pesquisadora do PGR e coordenadora da campanha.<\/p><p>Na categoria Natureza Continental, a vencedora foi Adriana Almeida, com uma linda foto das montanhas rochosas e de tom rosado, do Parque Nacional do Catimbau, no munic\u00edpio de Bu\u00edque, no interior de Penambuco. J\u00e1 na categoria Natureza Urbana, o campe\u00e3o foi Rafael Teixeira. Ele concorreu com a imagem capturada em Vi\u00e7osa, Minas Gerais, que mostra uma estrada no meio de uma bela mata, banhada por raios do sol. E na categoria Natureza Marinha, a mais disputada de todas, a vit\u00f3ria foi para Fernando Tuna, que enviou uma foto que mostra a Ilha Grande, em Santa Catarina, iluminada por um fabuloso p\u00f4r do sol. O sucesso da batalha foi tamanho, que o PGR j\u00e1 estuda a ideia de repetir a dose em outra ocasi\u00e3o.<\/p>\t\t\t\t\t\t\t\t<\/div>\n\t\t\t\t\t<\/div>\n\t\t\t\t<\/div>\n\t\t\t\t<\/div>\n\t\t","protected":false},"excerpt":{"rendered":"<p>Em parceria com outros projetos ambientais, o Projeto Golfinho Rotador realizou competi\u00e7\u00e3o que elegeu as melhores imagens enviadas pelo Instagram, em tr\u00eas categorias. foto: Adriana Israel de Almeida Pereira foto: Fernando Tuna foto: Rafael Mendes Teixeira Para celebrar a Semana do Meio Ambiente, que come\u00e7ou no dia 31 de maio, e o Dia Mundial dos [&hellip;]<\/p>\n","protected":false},"author":2,"featured_media":2857,"comment_status":"open","ping_status":"open","sticky":false,"template":"","format":"standard","meta":{"_acf_changed":false,"footnotes":""},"categories":[9],"tags":[],"class_list":["post-2856","post","type-post","status-publish","format-standard","has-post-thumbnail","hentry","category-noticias"],"acf":{"exibir_imagem_destacada":"N\u00e3o"},"yoast_head":"<!-- This site is optimized with the Yoast SEO plugin v27.5 - https:\/\/yoast.com\/product\/yoast-seo-wordpress\/ -->\n<title>Batalha de fotos \u00e9 sucesso no Instagram - Projeto Golfinho Rotador<\/title>\n<meta name=\"robots\" content=\"index, follow, max-snippet:-1, max-image-preview:large, max-video-preview:-1\" \/>\n<link rel=\"canonical\" href=\"https:\/\/golfinhorotador.org.br\/2021\/06\/23\/batalha-de-fotos-e-sucesso-no-instagram\/\" \/>\n<meta property=\"og:locale\" content=\"en_US\" \/>\n<meta property=\"og:type\" content=\"article\" \/>\n<meta property=\"og:title\" content=\"Batalha de fotos \u00e9 sucesso no Instagram - Projeto Golfinho Rotador\" \/>\n<meta property=\"og:description\" content=\"Em parceria com outros projetos ambientais, o Projeto Golfinho Rotador realizou competi\u00e7\u00e3o que elegeu as melhores imagens enviadas pelo Instagram, em tr\u00eas categorias. foto: Adriana Israel de Almeida Pereira foto: Fernando Tuna foto: Rafael Mendes Teixeira Para celebrar a Semana do Meio Ambiente, que come\u00e7ou no dia 31 de maio, e o Dia Mundial dos [&hellip;]\" \/>\n<meta property=\"og:url\" content=\"https:\/\/golfinhorotador.org.br\/2021\/06\/23\/batalha-de-fotos-e-sucesso-no-instagram\/\" \/>\n<meta property=\"og:site_name\" content=\"Projeto Golfinho Rotador\" \/>\n<meta property=\"article:publisher\" content=\"https:\/\/www.facebook.com\/Projeto-Golfinho-Rotador-155695874539813\" \/>\n<meta property=\"article:published_time\" content=\"2021-06-23T03:34:10+00:00\" \/>\n<meta property=\"article:modified_time\" content=\"2025-08-11T03:37:26+00:00\" \/>\n<meta property=\"og:image\" content=\"https:\/\/golfinhorotador.org.br\/wp-content\/uploads\/2025\/08\/NContinental_F45_Adriana-Israel-de-Almeida-Pereira-a-2.jpg\" \/>\n\t<meta property=\"og:image:width\" content=\"616\" \/>\n\t<meta property=\"og:image:height\" content=\"399\" \/>\n\t<meta property=\"og:image:type\" content=\"image\/jpeg\" \/>\n<meta name=\"author\" content=\"Projeto Golfinho Rotador\" \/>\n<meta name=\"twitter:card\" content=\"summary_large_image\" \/>\n<meta name=\"twitter:creator\" content=\"@golfinhorotador\" \/>\n<meta name=\"twitter:site\" content=\"@golfinhorotador\" \/>\n<meta name=\"twitter:label1\" content=\"Written by\" \/>\n\t<meta name=\"twitter:data1\" content=\"Projeto Golfinho Rotador\" \/>\n\t<meta name=\"twitter:label2\" content=\"Est. reading time\" \/>\n\t<meta name=\"twitter:data2\" content=\"2 minutes\" \/>\n<script type=\"application\/ld+json\" class=\"yoast-schema-graph\">{\"@context\":\"https:\\\/\\\/schema.org\",\"@graph\":[{\"@type\":\"Article\",\"@id\":\"https:\\\/\\\/golfinhorotador.org.br\\\/2021\\\/06\\\/23\\\/batalha-de-fotos-e-sucesso-no-instagram\\\/#article\",\"isPartOf\":{\"@id\":\"https:\\\/\\\/golfinhorotador.org.br\\\/2021\\\/06\\\/23\\\/batalha-de-fotos-e-sucesso-no-instagram\\\/\"},\"author\":{\"name\":\"Projeto Golfinho Rotador\",\"@id\":\"https:\\\/\\\/golfinhorotador.org.br\\\/#\\\/schema\\\/person\\\/31c9f545fc127c9e21fc1c5f001269db\"},\"headline\":\"Batalha de fotos \u00e9 sucesso no Instagram\",\"datePublished\":\"2021-06-23T03:34:10+00:00\",\"dateModified\":\"2025-08-11T03:37:26+00:00\",\"mainEntityOfPage\":{\"@id\":\"https:\\\/\\\/golfinhorotador.org.br\\\/2021\\\/06\\\/23\\\/batalha-de-fotos-e-sucesso-no-instagram\\\/\"},\"wordCount\":433,\"commentCount\":0,\"publisher\":{\"@id\":\"https:\\\/\\\/golfinhorotador.org.br\\\/#organization\"},\"image\":{\"@id\":\"https:\\\/\\\/golfinhorotador.org.br\\\/2021\\\/06\\\/23\\\/batalha-de-fotos-e-sucesso-no-instagram\\\/#primaryimage\"},\"thumbnailUrl\":\"https:\\\/\\\/golfinhorotador.org.br\\\/wp-content\\\/uploads\\\/2025\\\/08\\\/NContinental_F45_Adriana-Israel-de-Almeida-Pereira-a-2.jpg\",\"articleSection\":[\"Not\u00edcias\"],\"inLanguage\":\"en-US\",\"potentialAction\":[{\"@type\":\"CommentAction\",\"name\":\"Comment\",\"target\":[\"https:\\\/\\\/golfinhorotador.org.br\\\/2021\\\/06\\\/23\\\/batalha-de-fotos-e-sucesso-no-instagram\\\/#respond\"]}]},{\"@type\":\"WebPage\",\"@id\":\"https:\\\/\\\/golfinhorotador.org.br\\\/2021\\\/06\\\/23\\\/batalha-de-fotos-e-sucesso-no-instagram\\\/\",\"url\":\"https:\\\/\\\/golfinhorotador.org.br\\\/2021\\\/06\\\/23\\\/batalha-de-fotos-e-sucesso-no-instagram\\\/\",\"name\":\"Batalha de fotos \u00e9 sucesso no Instagram - Projeto Golfinho Rotador\",\"isPartOf\":{\"@id\":\"https:\\\/\\\/golfinhorotador.org.br\\\/#website\"},\"primaryImageOfPage\":{\"@id\":\"https:\\\/\\\/golfinhorotador.org.br\\\/2021\\\/06\\\/23\\\/batalha-de-fotos-e-sucesso-no-instagram\\\/#primaryimage\"},\"image\":{\"@id\":\"https:\\\/\\\/golfinhorotador.org.br\\\/2021\\\/06\\\/23\\\/batalha-de-fotos-e-sucesso-no-instagram\\\/#primaryimage\"},\"thumbnailUrl\":\"https:\\\/\\\/golfinhorotador.org.br\\\/wp-content\\\/uploads\\\/2025\\\/08\\\/NContinental_F45_Adriana-Israel-de-Almeida-Pereira-a-2.jpg\",\"datePublished\":\"2021-06-23T03:34:10+00:00\",\"dateModified\":\"2025-08-11T03:37:26+00:00\",\"breadcrumb\":{\"@id\":\"https:\\\/\\\/golfinhorotador.org.br\\\/2021\\\/06\\\/23\\\/batalha-de-fotos-e-sucesso-no-instagram\\\/#breadcrumb\"},\"inLanguage\":\"en-US\",\"potentialAction\":[{\"@type\":\"ReadAction\",\"target\":[\"https:\\\/\\\/golfinhorotador.org.br\\\/2021\\\/06\\\/23\\\/batalha-de-fotos-e-sucesso-no-instagram\\\/\"]}]},{\"@type\":\"ImageObject\",\"inLanguage\":\"en-US\",\"@id\":\"https:\\\/\\\/golfinhorotador.org.br\\\/2021\\\/06\\\/23\\\/batalha-de-fotos-e-sucesso-no-instagram\\\/#primaryimage\",\"url\":\"https:\\\/\\\/golfinhorotador.org.br\\\/wp-content\\\/uploads\\\/2025\\\/08\\\/NContinental_F45_Adriana-Israel-de-Almeida-Pereira-a-2.jpg\",\"contentUrl\":\"https:\\\/\\\/golfinhorotador.org.br\\\/wp-content\\\/uploads\\\/2025\\\/08\\\/NContinental_F45_Adriana-Israel-de-Almeida-Pereira-a-2.jpg\",\"width\":616,\"height\":399,\"caption\":\"foto: Adriana Israel de Almeida Pereira\"},{\"@type\":\"BreadcrumbList\",\"@id\":\"https:\\\/\\\/golfinhorotador.org.br\\\/2021\\\/06\\\/23\\\/batalha-de-fotos-e-sucesso-no-instagram\\\/#breadcrumb\",\"itemListElement\":[{\"@type\":\"ListItem\",\"position\":1,\"name\":\"In\u00edcio\",\"item\":\"https:\\\/\\\/golfinhorotador.org.br\\\/en\\\/home\\\/\"},{\"@type\":\"ListItem\",\"position\":2,\"name\":\"Batalha de fotos \u00e9 sucesso no Instagram\"}]},{\"@type\":\"WebSite\",\"@id\":\"https:\\\/\\\/golfinhorotador.org.br\\\/#website\",\"url\":\"https:\\\/\\\/golfinhorotador.org.br\\\/\",\"name\":\"Projeto Golfinho Rotador\",\"description\":\"Fernando de Noronha\",\"publisher\":{\"@id\":\"https:\\\/\\\/golfinhorotador.org.br\\\/#organization\"},\"potentialAction\":[{\"@type\":\"SearchAction\",\"target\":{\"@type\":\"EntryPoint\",\"urlTemplate\":\"https:\\\/\\\/golfinhorotador.org.br\\\/?s={search_term_string}\"},\"query-input\":{\"@type\":\"PropertyValueSpecification\",\"valueRequired\":true,\"valueName\":\"search_term_string\"}}],\"inLanguage\":\"en-US\"},{\"@type\":\"Organization\",\"@id\":\"https:\\\/\\\/golfinhorotador.org.br\\\/#organization\",\"name\":\"Projeto Golfinho Rotador\",\"url\":\"https:\\\/\\\/golfinhorotador.org.br\\\/\",\"logo\":{\"@type\":\"ImageObject\",\"inLanguage\":\"en-US\",\"@id\":\"https:\\\/\\\/golfinhorotador.org.br\\\/#\\\/schema\\\/logo\\\/image\\\/\",\"url\":\"https:\\\/\\\/golfinhorotador.org.br\\\/wp-content\\\/uploads\\\/2025\\\/07\\\/Logo-PGR-2025-512.png\",\"contentUrl\":\"https:\\\/\\\/golfinhorotador.org.br\\\/wp-content\\\/uploads\\\/2025\\\/07\\\/Logo-PGR-2025-512.png\",\"width\":512,\"height\":512,\"caption\":\"Projeto Golfinho Rotador\"},\"image\":{\"@id\":\"https:\\\/\\\/golfinhorotador.org.br\\\/#\\\/schema\\\/logo\\\/image\\\/\"},\"sameAs\":[\"https:\\\/\\\/www.facebook.com\\\/Projeto-Golfinho-Rotador-155695874539813\",\"https:\\\/\\\/x.com\\\/golfinhorotador\",\"https:\\\/\\\/www.instagram.com\\\/golfinhorotador\\\/\",\"https:\\\/\\\/www.youtube.com\\\/channel\\\/UCYw-aMfBHbkUU_DimpWJzbw\",\"https:\\\/\\\/www.tiktok.com\\\/@golfinhorotador\"]},{\"@type\":\"Person\",\"@id\":\"https:\\\/\\\/golfinhorotador.org.br\\\/#\\\/schema\\\/person\\\/31c9f545fc127c9e21fc1c5f001269db\",\"name\":\"Projeto Golfinho Rotador\",\"image\":{\"@type\":\"ImageObject\",\"inLanguage\":\"en-US\",\"@id\":\"https:\\\/\\\/secure.gravatar.com\\\/avatar\\\/4e2f6bba9197287956dc1c931a4caed810b09aec9b8f38aa913bd11926fd05d2?s=96&d=mm&r=g\",\"url\":\"https:\\\/\\\/secure.gravatar.com\\\/avatar\\\/4e2f6bba9197287956dc1c931a4caed810b09aec9b8f38aa913bd11926fd05d2?s=96&d=mm&r=g\",\"contentUrl\":\"https:\\\/\\\/secure.gravatar.com\\\/avatar\\\/4e2f6bba9197287956dc1c931a4caed810b09aec9b8f38aa913bd11926fd05d2?s=96&d=mm&r=g\",\"caption\":\"Projeto Golfinho Rotador\"},\"url\":\"https:\\\/\\\/golfinhorotador.org.br\\\/en\\\/author\\\/projeto-golfinho-rotador\\\/\"}]}<\/script>\n<!-- \/ Yoast SEO plugin. -->","yoast_head_json":{"title":"Batalha de fotos \u00e9 sucesso no Instagram - Projeto Golfinho Rotador","robots":{"index":"index","follow":"follow","max-snippet":"max-snippet:-1","max-image-preview":"max-image-preview:large","max-video-preview":"max-video-preview:-1"},"canonical":"https:\/\/golfinhorotador.org.br\/2021\/06\/23\/batalha-de-fotos-e-sucesso-no-instagram\/","og_locale":"en_US","og_type":"article","og_title":"Batalha de fotos \u00e9 sucesso no Instagram - Projeto Golfinho Rotador","og_description":"Em parceria com outros projetos ambientais, o Projeto Golfinho Rotador realizou competi\u00e7\u00e3o que elegeu as melhores imagens enviadas pelo Instagram, em tr\u00eas categorias. foto: Adriana Israel de Almeida Pereira foto: Fernando Tuna foto: Rafael Mendes Teixeira Para celebrar a Semana do Meio Ambiente, que come\u00e7ou no dia 31 de maio, e o Dia Mundial dos [&hellip;]","og_url":"https:\/\/golfinhorotador.org.br\/2021\/06\/23\/batalha-de-fotos-e-sucesso-no-instagram\/","og_site_name":"Projeto Golfinho Rotador","article_publisher":"https:\/\/www.facebook.com\/Projeto-Golfinho-Rotador-155695874539813","article_published_time":"2021-06-23T03:34:10+00:00","article_modified_time":"2025-08-11T03:37:26+00:00","og_image":[{"width":616,"height":399,"url":"https:\/\/golfinhorotador.org.br\/wp-content\/uploads\/2025\/08\/NContinental_F45_Adriana-Israel-de-Almeida-Pereira-a-2.jpg","type":"image\/jpeg"}],"author":"Projeto Golfinho Rotador","twitter_card":"summary_large_image","twitter_creator":"@golfinhorotador","twitter_site":"@golfinhorotador","twitter_misc":{"Written by":"Projeto Golfinho Rotador","Est. reading time":"2 minutes"},"schema":{"@context":"https:\/\/schema.org","@graph":[{"@type":"Article","@id":"https:\/\/golfinhorotador.org.br\/2021\/06\/23\/batalha-de-fotos-e-sucesso-no-instagram\/#article","isPartOf":{"@id":"https:\/\/golfinhorotador.org.br\/2021\/06\/23\/batalha-de-fotos-e-sucesso-no-instagram\/"},"author":{"name":"Projeto Golfinho Rotador","@id":"https:\/\/golfinhorotador.org.br\/#\/schema\/person\/31c9f545fc127c9e21fc1c5f001269db"},"headline":"Batalha de fotos \u00e9 sucesso no Instagram","datePublished":"2021-06-23T03:34:10+00:00","dateModified":"2025-08-11T03:37:26+00:00","mainEntityOfPage":{"@id":"https:\/\/golfinhorotador.org.br\/2021\/06\/23\/batalha-de-fotos-e-sucesso-no-instagram\/"},"wordCount":433,"commentCount":0,"publisher":{"@id":"https:\/\/golfinhorotador.org.br\/#organization"},"image":{"@id":"https:\/\/golfinhorotador.org.br\/2021\/06\/23\/batalha-de-fotos-e-sucesso-no-instagram\/#primaryimage"},"thumbnailUrl":"https:\/\/golfinhorotador.org.br\/wp-content\/uploads\/2025\/08\/NContinental_F45_Adriana-Israel-de-Almeida-Pereira-a-2.jpg","articleSection":["Not\u00edcias"],"inLanguage":"en-US","potentialAction":[{"@type":"CommentAction","name":"Comment","target":["https:\/\/golfinhorotador.org.br\/2021\/06\/23\/batalha-de-fotos-e-sucesso-no-instagram\/#respond"]}]},{"@type":"WebPage","@id":"https:\/\/golfinhorotador.org.br\/2021\/06\/23\/batalha-de-fotos-e-sucesso-no-instagram\/","url":"https:\/\/golfinhorotador.org.br\/2021\/06\/23\/batalha-de-fotos-e-sucesso-no-instagram\/","name":"Batalha de fotos \u00e9 sucesso no Instagram - Projeto Golfinho Rotador","isPartOf":{"@id":"https:\/\/golfinhorotador.org.br\/#website"},"primaryImageOfPage":{"@id":"https:\/\/golfinhorotador.org.br\/2021\/06\/23\/batalha-de-fotos-e-sucesso-no-instagram\/#primaryimage"},"image":{"@id":"https:\/\/golfinhorotador.org.br\/2021\/06\/23\/batalha-de-fotos-e-sucesso-no-instagram\/#primaryimage"},"thumbnailUrl":"https:\/\/golfinhorotador.org.br\/wp-content\/uploads\/2025\/08\/NContinental_F45_Adriana-Israel-de-Almeida-Pereira-a-2.jpg","datePublished":"2021-06-23T03:34:10+00:00","dateModified":"2025-08-11T03:37:26+00:00","breadcrumb":{"@id":"https:\/\/golfinhorotador.org.br\/2021\/06\/23\/batalha-de-fotos-e-sucesso-no-instagram\/#breadcrumb"},"inLanguage":"en-US","potentialAction":[{"@type":"ReadAction","target":["https:\/\/golfinhorotador.org.br\/2021\/06\/23\/batalha-de-fotos-e-sucesso-no-instagram\/"]}]},{"@type":"ImageObject","inLanguage":"en-US","@id":"https:\/\/golfinhorotador.org.br\/2021\/06\/23\/batalha-de-fotos-e-sucesso-no-instagram\/#primaryimage","url":"https:\/\/golfinhorotador.org.br\/wp-content\/uploads\/2025\/08\/NContinental_F45_Adriana-Israel-de-Almeida-Pereira-a-2.jpg","contentUrl":"https:\/\/golfinhorotador.org.br\/wp-content\/uploads\/2025\/08\/NContinental_F45_Adriana-Israel-de-Almeida-Pereira-a-2.jpg","width":616,"height":399,"caption":"foto: Adriana Israel de Almeida Pereira"},{"@type":"BreadcrumbList","@id":"https:\/\/golfinhorotador.org.br\/2021\/06\/23\/batalha-de-fotos-e-sucesso-no-instagram\/#breadcrumb","itemListElement":[{"@type":"ListItem","position":1,"name":"In\u00edcio","item":"https:\/\/golfinhorotador.org.br\/en\/home\/"},{"@type":"ListItem","position":2,"name":"Batalha de fotos \u00e9 sucesso no Instagram"}]},{"@type":"WebSite","@id":"https:\/\/golfinhorotador.org.br\/#website","url":"https:\/\/golfinhorotador.org.br\/","name":"Projeto Golfinho Rotador","description":"Fernando de Noronha","publisher":{"@id":"https:\/\/golfinhorotador.org.br\/#organization"},"potentialAction":[{"@type":"SearchAction","target":{"@type":"EntryPoint","urlTemplate":"https:\/\/golfinhorotador.org.br\/?s={search_term_string}"},"query-input":{"@type":"PropertyValueSpecification","valueRequired":true,"valueName":"search_term_string"}}],"inLanguage":"en-US"},{"@type":"Organization","@id":"https:\/\/golfinhorotador.org.br\/#organization","name":"Projeto Golfinho Rotador","url":"https:\/\/golfinhorotador.org.br\/","logo":{"@type":"ImageObject","inLanguage":"en-US","@id":"https:\/\/golfinhorotador.org.br\/#\/schema\/logo\/image\/","url":"https:\/\/golfinhorotador.org.br\/wp-content\/uploads\/2025\/07\/Logo-PGR-2025-512.png","contentUrl":"https:\/\/golfinhorotador.org.br\/wp-content\/uploads\/2025\/07\/Logo-PGR-2025-512.png","width":512,"height":512,"caption":"Projeto Golfinho Rotador"},"image":{"@id":"https:\/\/golfinhorotador.org.br\/#\/schema\/logo\/image\/"},"sameAs":["https:\/\/www.facebook.com\/Projeto-Golfinho-Rotador-155695874539813","https:\/\/x.com\/golfinhorotador","https:\/\/www.instagram.com\/golfinhorotador\/","https:\/\/www.youtube.com\/channel\/UCYw-aMfBHbkUU_DimpWJzbw","https:\/\/www.tiktok.com\/@golfinhorotador"]},{"@type":"Person","@id":"https:\/\/golfinhorotador.org.br\/#\/schema\/person\/31c9f545fc127c9e21fc1c5f001269db","name":"Projeto Golfinho Rotador","image":{"@type":"ImageObject","inLanguage":"en-US","@id":"https:\/\/secure.gravatar.com\/avatar\/4e2f6bba9197287956dc1c931a4caed810b09aec9b8f38aa913bd11926fd05d2?s=96&d=mm&r=g","url":"https:\/\/secure.gravatar.com\/avatar\/4e2f6bba9197287956dc1c931a4caed810b09aec9b8f38aa913bd11926fd05d2?s=96&d=mm&r=g","contentUrl":"https:\/\/secure.gravatar.com\/avatar\/4e2f6bba9197287956dc1c931a4caed810b09aec9b8f38aa913bd11926fd05d2?s=96&d=mm&r=g","caption":"Projeto Golfinho Rotador"},"url":"https:\/\/golfinhorotador.org.br\/en\/author\/projeto-golfinho-rotador\/"}]}},"_links":{"self":[{"href":"https:\/\/golfinhorotador.org.br\/en\/wp-json\/wp\/v2\/posts\/2856","targetHints":{"allow":["GET"]}}],"collection":[{"href":"https:\/\/golfinhorotador.org.br\/en\/wp-json\/wp\/v2\/posts"}],"about":[{"href":"https:\/\/golfinhorotador.org.br\/en\/wp-json\/wp\/v2\/types\/post"}],"author":[{"embeddable":true,"href":"https:\/\/golfinhorotador.org.br\/en\/wp-json\/wp\/v2\/users\/2"}],"replies":[{"embeddable":true,"href":"https:\/\/golfinhorotador.org.br\/en\/wp-json\/wp\/v2\/comments?post=2856"}],"version-history":[{"count":4,"href":"https:\/\/golfinhorotador.org.br\/en\/wp-json\/wp\/v2\/posts\/2856\/revisions"}],"predecessor-version":[{"id":2863,"href":"https:\/\/golfinhorotador.org.br\/en\/wp-json\/wp\/v2\/posts\/2856\/revisions\/2863"}],"wp:featuredmedia":[{"embeddable":true,"href":"https:\/\/golfinhorotador.org.br\/en\/wp-json\/wp\/v2\/media\/2857"}],"wp:attachment":[{"href":"https:\/\/golfinhorotador.org.br\/en\/wp-json\/wp\/v2\/media?parent=2856"}],"wp:term":[{"taxonomy":"category","embeddable":true,"href":"https:\/\/golfinhorotador.org.br\/en\/wp-json\/wp\/v2\/categories?post=2856"},{"taxonomy":"post_tag","embeddable":true,"href":"https:\/\/golfinhorotador.org.br\/en\/wp-json\/wp\/v2\/tags?post=2856"}],"curies":[{"name":"wp","href":"https:\/\/api.w.org\/{rel}","templated":true}]}}