{"id":2953,"date":"2021-08-16T01:23:36","date_gmt":"2021-08-16T04:23:36","guid":{"rendered":"https:\/\/golfinhorotador.org.br\/?p=2953"},"modified":"2026-03-24T18:43:53","modified_gmt":"2026-03-24T21:43:53","slug":"parabens-pelos-seus-518-anos-fernando-de-noronha","status":"publish","type":"post","link":"https:\/\/golfinhorotador.org.br\/en\/2021\/08\/16\/parabens-pelos-seus-518-anos-fernando-de-noronha\/","title":{"rendered":"Parab\u00e9ns pelos seus 518 anos, Fernando de Noronha!"},"content":{"rendered":"<p><iframe title=\"FERNANDO DE NORONHA DE PONTA A PONTA\" width=\"800\" height=\"450\" src=\"https:\/\/www.youtube.com\/embed\/1tNBIUPj220?feature=oembed\" frameborder=\"0\" allow=\"accelerometer; autoplay; clipboard-write; encrypted-media; gyroscope; picture-in-picture; web-share\" referrerpolicy=\"strict-origin-when-cross-origin\" allowfullscreen><\/iframe><\/p>\n<p>Fernando de Noronha de ponta a ponta \u00e9 um v\u00eddeo contemplativo que resume em imagens exclusivas e de alta defini\u00e7\u00e3o, as praias e ba\u00edas de Noronha. Esta \u00e9 uma pequena homenagem aos 518 anos de descobrimento Arquip\u00e9lago, que \u00e9 comemorado todo 10 de Agosto. O Projeto Golfinho Rotador tem o orgulho de ter a sua sede em Noronha e contribuir para o desenvolvimento sustent\u00e1vel e preserva\u00e7\u00e3o do arquip\u00e9lago e dos golfinhos-rotadores, sendo nossa miss\u00e3o desde 1990 quando da sua cria\u00e7\u00e3o. Com respeito e gratid\u00e3o desejamos muitos anos de vida a Fernando de Noronha. Assista o v\u00eddeo e se encante!<\/p>\n","protected":false},"excerpt":{"rendered":"<p>Fernando de Noronha de ponta a ponta \u00e9 um v\u00eddeo contemplativo que resume em imagens exclusivas e de alta defini\u00e7\u00e3o, as praias e ba\u00edas de Noronha. Esta \u00e9 uma pequena homenagem aos 518 anos de descobrimento Arquip\u00e9lago, que \u00e9 comemorado todo 10 de Agosto. O Projeto Golfinho Rotador tem o orgulho de ter a sua [&hellip;]<\/p>\n","protected":false},"author":2,"featured_media":2956,"comment_status":"open","ping_status":"open","sticky":false,"template":"","format":"standard","meta":{"_acf_changed":false,"footnotes":""},"categories":[9],"tags":[],"class_list":["post-2953","post","type-post","status-publish","format-standard","has-post-thumbnail","hentry","category-noticias"],"acf":{"exibir_imagem_destacada":"N\u00e3o"},"yoast_head":"<!-- This site is optimized with the Yoast SEO plugin v27.5 - https:\/\/yoast.com\/product\/yoast-seo-wordpress\/ -->\n<title>Parab\u00e9ns pelos seus 518 anos, Fernando de Noronha! - Projeto Golfinho Rotador<\/title>\n<meta name=\"robots\" content=\"index, follow, max-snippet:-1, max-image-preview:large, max-video-preview:-1\" \/>\n<link rel=\"canonical\" href=\"https:\/\/golfinhorotador.org.br\/2021\/08\/16\/parabens-pelos-seus-518-anos-fernando-de-noronha\/\" \/>\n<meta property=\"og:locale\" content=\"en_US\" \/>\n<meta property=\"og:type\" content=\"article\" \/>\n<meta property=\"og:title\" content=\"Parab\u00e9ns pelos seus 518 anos, Fernando de Noronha! - Projeto Golfinho Rotador\" \/>\n<meta property=\"og:description\" content=\"Fernando de Noronha de ponta a ponta \u00e9 um v\u00eddeo contemplativo que resume em imagens exclusivas e de alta defini\u00e7\u00e3o, as praias e ba\u00edas de Noronha. Esta \u00e9 uma pequena homenagem aos 518 anos de descobrimento Arquip\u00e9lago, que \u00e9 comemorado todo 10 de Agosto. O Projeto Golfinho Rotador tem o orgulho de ter a sua [&hellip;]\" \/>\n<meta property=\"og:url\" content=\"https:\/\/golfinhorotador.org.br\/2021\/08\/16\/parabens-pelos-seus-518-anos-fernando-de-noronha\/\" \/>\n<meta property=\"og:site_name\" content=\"Projeto Golfinho Rotador\" \/>\n<meta property=\"article:publisher\" content=\"https:\/\/www.facebook.com\/Projeto-Golfinho-Rotador-155695874539813\" \/>\n<meta property=\"article:published_time\" content=\"2021-08-16T04:23:36+00:00\" \/>\n<meta property=\"article:modified_time\" content=\"2026-03-24T21:43:53+00:00\" \/>\n<meta property=\"og:image\" content=\"https:\/\/golfinhorotador.org.br\/wp-content\/uploads\/2021\/08\/518-anos-noronha-Large.jpeg\" \/>\n\t<meta property=\"og:image:width\" content=\"1280\" \/>\n\t<meta property=\"og:image:height\" content=\"720\" \/>\n\t<meta property=\"og:image:type\" content=\"image\/jpeg\" \/>\n<meta name=\"author\" content=\"Projeto Golfinho Rotador\" \/>\n<meta name=\"twitter:card\" content=\"summary_large_image\" \/>\n<meta name=\"twitter:creator\" content=\"@golfinhorotador\" \/>\n<meta name=\"twitter:site\" content=\"@golfinhorotador\" \/>\n<meta name=\"twitter:label1\" content=\"Written by\" \/>\n\t<meta name=\"twitter:data1\" content=\"Projeto Golfinho Rotador\" \/>\n\t<meta name=\"twitter:label2\" content=\"Est. reading time\" \/>\n\t<meta name=\"twitter:data2\" content=\"1 minute\" \/>\n<script type=\"application\/ld+json\" class=\"yoast-schema-graph\">{\"@context\":\"https:\\\/\\\/schema.org\",\"@graph\":[{\"@type\":\"Article\",\"@id\":\"https:\\\/\\\/golfinhorotador.org.br\\\/2021\\\/08\\\/16\\\/parabens-pelos-seus-518-anos-fernando-de-noronha\\\/#article\",\"isPartOf\":{\"@id\":\"https:\\\/\\\/golfinhorotador.org.br\\\/2021\\\/08\\\/16\\\/parabens-pelos-seus-518-anos-fernando-de-noronha\\\/\"},\"author\":{\"name\":\"Projeto Golfinho Rotador\",\"@id\":\"https:\\\/\\\/golfinhorotador.org.br\\\/#\\\/schema\\\/person\\\/31c9f545fc127c9e21fc1c5f001269db\"},\"headline\":\"Parab\u00e9ns pelos seus 518 anos, Fernando de Noronha!\",\"datePublished\":\"2021-08-16T04:23:36+00:00\",\"dateModified\":\"2026-03-24T21:43:53+00:00\",\"mainEntityOfPage\":{\"@id\":\"https:\\\/\\\/golfinhorotador.org.br\\\/2021\\\/08\\\/16\\\/parabens-pelos-seus-518-anos-fernando-de-noronha\\\/\"},\"wordCount\":116,\"commentCount\":0,\"publisher\":{\"@id\":\"https:\\\/\\\/golfinhorotador.org.br\\\/#organization\"},\"image\":{\"@id\":\"https:\\\/\\\/golfinhorotador.org.br\\\/2021\\\/08\\\/16\\\/parabens-pelos-seus-518-anos-fernando-de-noronha\\\/#primaryimage\"},\"thumbnailUrl\":\"https:\\\/\\\/golfinhorotador.org.br\\\/wp-content\\\/uploads\\\/2021\\\/08\\\/518-anos-noronha-Large.jpeg\",\"articleSection\":[\"Not\u00edcias\"],\"inLanguage\":\"en-US\",\"potentialAction\":[{\"@type\":\"CommentAction\",\"name\":\"Comment\",\"target\":[\"https:\\\/\\\/golfinhorotador.org.br\\\/2021\\\/08\\\/16\\\/parabens-pelos-seus-518-anos-fernando-de-noronha\\\/#respond\"]}]},{\"@type\":\"WebPage\",\"@id\":\"https:\\\/\\\/golfinhorotador.org.br\\\/2021\\\/08\\\/16\\\/parabens-pelos-seus-518-anos-fernando-de-noronha\\\/\",\"url\":\"https:\\\/\\\/golfinhorotador.org.br\\\/2021\\\/08\\\/16\\\/parabens-pelos-seus-518-anos-fernando-de-noronha\\\/\",\"name\":\"Parab\u00e9ns pelos seus 518 anos, Fernando de Noronha! - Projeto Golfinho Rotador\",\"isPartOf\":{\"@id\":\"https:\\\/\\\/golfinhorotador.org.br\\\/#website\"},\"primaryImageOfPage\":{\"@id\":\"https:\\\/\\\/golfinhorotador.org.br\\\/2021\\\/08\\\/16\\\/parabens-pelos-seus-518-anos-fernando-de-noronha\\\/#primaryimage\"},\"image\":{\"@id\":\"https:\\\/\\\/golfinhorotador.org.br\\\/2021\\\/08\\\/16\\\/parabens-pelos-seus-518-anos-fernando-de-noronha\\\/#primaryimage\"},\"thumbnailUrl\":\"https:\\\/\\\/golfinhorotador.org.br\\\/wp-content\\\/uploads\\\/2021\\\/08\\\/518-anos-noronha-Large.jpeg\",\"datePublished\":\"2021-08-16T04:23:36+00:00\",\"dateModified\":\"2026-03-24T21:43:53+00:00\",\"breadcrumb\":{\"@id\":\"https:\\\/\\\/golfinhorotador.org.br\\\/2021\\\/08\\\/16\\\/parabens-pelos-seus-518-anos-fernando-de-noronha\\\/#breadcrumb\"},\"inLanguage\":\"en-US\",\"potentialAction\":[{\"@type\":\"ReadAction\",\"target\":[\"https:\\\/\\\/golfinhorotador.org.br\\\/2021\\\/08\\\/16\\\/parabens-pelos-seus-518-anos-fernando-de-noronha\\\/\"]}]},{\"@type\":\"ImageObject\",\"inLanguage\":\"en-US\",\"@id\":\"https:\\\/\\\/golfinhorotador.org.br\\\/2021\\\/08\\\/16\\\/parabens-pelos-seus-518-anos-fernando-de-noronha\\\/#primaryimage\",\"url\":\"https:\\\/\\\/golfinhorotador.org.br\\\/wp-content\\\/uploads\\\/2021\\\/08\\\/518-anos-noronha-Large.jpeg\",\"contentUrl\":\"https:\\\/\\\/golfinhorotador.org.br\\\/wp-content\\\/uploads\\\/2021\\\/08\\\/518-anos-noronha-Large.jpeg\",\"width\":1280,\"height\":720},{\"@type\":\"BreadcrumbList\",\"@id\":\"https:\\\/\\\/golfinhorotador.org.br\\\/2021\\\/08\\\/16\\\/parabens-pelos-seus-518-anos-fernando-de-noronha\\\/#breadcrumb\",\"itemListElement\":[{\"@type\":\"ListItem\",\"position\":1,\"name\":\"In\u00edcio\",\"item\":\"https:\\\/\\\/golfinhorotador.org.br\\\/en\\\/home\\\/\"},{\"@type\":\"ListItem\",\"position\":2,\"name\":\"Parab\u00e9ns pelos seus 518 anos, Fernando de Noronha!\"}]},{\"@type\":\"WebSite\",\"@id\":\"https:\\\/\\\/golfinhorotador.org.br\\\/#website\",\"url\":\"https:\\\/\\\/golfinhorotador.org.br\\\/\",\"name\":\"Projeto Golfinho Rotador\",\"description\":\"Fernando de Noronha\",\"publisher\":{\"@id\":\"https:\\\/\\\/golfinhorotador.org.br\\\/#organization\"},\"potentialAction\":[{\"@type\":\"SearchAction\",\"target\":{\"@type\":\"EntryPoint\",\"urlTemplate\":\"https:\\\/\\\/golfinhorotador.org.br\\\/?s={search_term_string}\"},\"query-input\":{\"@type\":\"PropertyValueSpecification\",\"valueRequired\":true,\"valueName\":\"search_term_string\"}}],\"inLanguage\":\"en-US\"},{\"@type\":\"Organization\",\"@id\":\"https:\\\/\\\/golfinhorotador.org.br\\\/#organization\",\"name\":\"Projeto Golfinho Rotador\",\"url\":\"https:\\\/\\\/golfinhorotador.org.br\\\/\",\"logo\":{\"@type\":\"ImageObject\",\"inLanguage\":\"en-US\",\"@id\":\"https:\\\/\\\/golfinhorotador.org.br\\\/#\\\/schema\\\/logo\\\/image\\\/\",\"url\":\"https:\\\/\\\/golfinhorotador.org.br\\\/wp-content\\\/uploads\\\/2025\\\/07\\\/Logo-PGR-2025-512.png\",\"contentUrl\":\"https:\\\/\\\/golfinhorotador.org.br\\\/wp-content\\\/uploads\\\/2025\\\/07\\\/Logo-PGR-2025-512.png\",\"width\":512,\"height\":512,\"caption\":\"Projeto Golfinho Rotador\"},\"image\":{\"@id\":\"https:\\\/\\\/golfinhorotador.org.br\\\/#\\\/schema\\\/logo\\\/image\\\/\"},\"sameAs\":[\"https:\\\/\\\/www.facebook.com\\\/Projeto-Golfinho-Rotador-155695874539813\",\"https:\\\/\\\/x.com\\\/golfinhorotador\",\"https:\\\/\\\/www.instagram.com\\\/golfinhorotador\\\/\",\"https:\\\/\\\/www.youtube.com\\\/channel\\\/UCYw-aMfBHbkUU_DimpWJzbw\",\"https:\\\/\\\/www.tiktok.com\\\/@golfinhorotador\"]},{\"@type\":\"Person\",\"@id\":\"https:\\\/\\\/golfinhorotador.org.br\\\/#\\\/schema\\\/person\\\/31c9f545fc127c9e21fc1c5f001269db\",\"name\":\"Projeto Golfinho Rotador\",\"image\":{\"@type\":\"ImageObject\",\"inLanguage\":\"en-US\",\"@id\":\"https:\\\/\\\/secure.gravatar.com\\\/avatar\\\/4e2f6bba9197287956dc1c931a4caed810b09aec9b8f38aa913bd11926fd05d2?s=96&d=mm&r=g\",\"url\":\"https:\\\/\\\/secure.gravatar.com\\\/avatar\\\/4e2f6bba9197287956dc1c931a4caed810b09aec9b8f38aa913bd11926fd05d2?s=96&d=mm&r=g\",\"contentUrl\":\"https:\\\/\\\/secure.gravatar.com\\\/avatar\\\/4e2f6bba9197287956dc1c931a4caed810b09aec9b8f38aa913bd11926fd05d2?s=96&d=mm&r=g\",\"caption\":\"Projeto Golfinho Rotador\"},\"url\":\"https:\\\/\\\/golfinhorotador.org.br\\\/en\\\/author\\\/projeto-golfinho-rotador\\\/\"}]}<\/script>\n<!-- \/ Yoast SEO plugin. -->","yoast_head_json":{"title":"Parab\u00e9ns pelos seus 518 anos, Fernando de Noronha! - Projeto Golfinho Rotador","robots":{"index":"index","follow":"follow","max-snippet":"max-snippet:-1","max-image-preview":"max-image-preview:large","max-video-preview":"max-video-preview:-1"},"canonical":"https:\/\/golfinhorotador.org.br\/2021\/08\/16\/parabens-pelos-seus-518-anos-fernando-de-noronha\/","og_locale":"en_US","og_type":"article","og_title":"Parab\u00e9ns pelos seus 518 anos, Fernando de Noronha! - Projeto Golfinho Rotador","og_description":"Fernando de Noronha de ponta a ponta \u00e9 um v\u00eddeo contemplativo que resume em imagens exclusivas e de alta defini\u00e7\u00e3o, as praias e ba\u00edas de Noronha. Esta \u00e9 uma pequena homenagem aos 518 anos de descobrimento Arquip\u00e9lago, que \u00e9 comemorado todo 10 de Agosto. O Projeto Golfinho Rotador tem o orgulho de ter a sua [&hellip;]","og_url":"https:\/\/golfinhorotador.org.br\/2021\/08\/16\/parabens-pelos-seus-518-anos-fernando-de-noronha\/","og_site_name":"Projeto Golfinho Rotador","article_publisher":"https:\/\/www.facebook.com\/Projeto-Golfinho-Rotador-155695874539813","article_published_time":"2021-08-16T04:23:36+00:00","article_modified_time":"2026-03-24T21:43:53+00:00","og_image":[{"width":1280,"height":720,"url":"https:\/\/golfinhorotador.org.br\/wp-content\/uploads\/2021\/08\/518-anos-noronha-Large.jpeg","type":"image\/jpeg"}],"author":"Projeto Golfinho Rotador","twitter_card":"summary_large_image","twitter_creator":"@golfinhorotador","twitter_site":"@golfinhorotador","twitter_misc":{"Written by":"Projeto Golfinho Rotador","Est. reading time":"1 minute"},"schema":{"@context":"https:\/\/schema.org","@graph":[{"@type":"Article","@id":"https:\/\/golfinhorotador.org.br\/2021\/08\/16\/parabens-pelos-seus-518-anos-fernando-de-noronha\/#article","isPartOf":{"@id":"https:\/\/golfinhorotador.org.br\/2021\/08\/16\/parabens-pelos-seus-518-anos-fernando-de-noronha\/"},"author":{"name":"Projeto Golfinho Rotador","@id":"https:\/\/golfinhorotador.org.br\/#\/schema\/person\/31c9f545fc127c9e21fc1c5f001269db"},"headline":"Parab\u00e9ns pelos seus 518 anos, Fernando de Noronha!","datePublished":"2021-08-16T04:23:36+00:00","dateModified":"2026-03-24T21:43:53+00:00","mainEntityOfPage":{"@id":"https:\/\/golfinhorotador.org.br\/2021\/08\/16\/parabens-pelos-seus-518-anos-fernando-de-noronha\/"},"wordCount":116,"commentCount":0,"publisher":{"@id":"https:\/\/golfinhorotador.org.br\/#organization"},"image":{"@id":"https:\/\/golfinhorotador.org.br\/2021\/08\/16\/parabens-pelos-seus-518-anos-fernando-de-noronha\/#primaryimage"},"thumbnailUrl":"https:\/\/golfinhorotador.org.br\/wp-content\/uploads\/2021\/08\/518-anos-noronha-Large.jpeg","articleSection":["Not\u00edcias"],"inLanguage":"en-US","potentialAction":[{"@type":"CommentAction","name":"Comment","target":["https:\/\/golfinhorotador.org.br\/2021\/08\/16\/parabens-pelos-seus-518-anos-fernando-de-noronha\/#respond"]}]},{"@type":"WebPage","@id":"https:\/\/golfinhorotador.org.br\/2021\/08\/16\/parabens-pelos-seus-518-anos-fernando-de-noronha\/","url":"https:\/\/golfinhorotador.org.br\/2021\/08\/16\/parabens-pelos-seus-518-anos-fernando-de-noronha\/","name":"Parab\u00e9ns pelos seus 518 anos, Fernando de Noronha! - Projeto Golfinho Rotador","isPartOf":{"@id":"https:\/\/golfinhorotador.org.br\/#website"},"primaryImageOfPage":{"@id":"https:\/\/golfinhorotador.org.br\/2021\/08\/16\/parabens-pelos-seus-518-anos-fernando-de-noronha\/#primaryimage"},"image":{"@id":"https:\/\/golfinhorotador.org.br\/2021\/08\/16\/parabens-pelos-seus-518-anos-fernando-de-noronha\/#primaryimage"},"thumbnailUrl":"https:\/\/golfinhorotador.org.br\/wp-content\/uploads\/2021\/08\/518-anos-noronha-Large.jpeg","datePublished":"2021-08-16T04:23:36+00:00","dateModified":"2026-03-24T21:43:53+00:00","breadcrumb":{"@id":"https:\/\/golfinhorotador.org.br\/2021\/08\/16\/parabens-pelos-seus-518-anos-fernando-de-noronha\/#breadcrumb"},"inLanguage":"en-US","potentialAction":[{"@type":"ReadAction","target":["https:\/\/golfinhorotador.org.br\/2021\/08\/16\/parabens-pelos-seus-518-anos-fernando-de-noronha\/"]}]},{"@type":"ImageObject","inLanguage":"en-US","@id":"https:\/\/golfinhorotador.org.br\/2021\/08\/16\/parabens-pelos-seus-518-anos-fernando-de-noronha\/#primaryimage","url":"https:\/\/golfinhorotador.org.br\/wp-content\/uploads\/2021\/08\/518-anos-noronha-Large.jpeg","contentUrl":"https:\/\/golfinhorotador.org.br\/wp-content\/uploads\/2021\/08\/518-anos-noronha-Large.jpeg","width":1280,"height":720},{"@type":"BreadcrumbList","@id":"https:\/\/golfinhorotador.org.br\/2021\/08\/16\/parabens-pelos-seus-518-anos-fernando-de-noronha\/#breadcrumb","itemListElement":[{"@type":"ListItem","position":1,"name":"In\u00edcio","item":"https:\/\/golfinhorotador.org.br\/en\/home\/"},{"@type":"ListItem","position":2,"name":"Parab\u00e9ns pelos seus 518 anos, Fernando de Noronha!"}]},{"@type":"WebSite","@id":"https:\/\/golfinhorotador.org.br\/#website","url":"https:\/\/golfinhorotador.org.br\/","name":"Projeto Golfinho Rotador","description":"Fernando de Noronha","publisher":{"@id":"https:\/\/golfinhorotador.org.br\/#organization"},"potentialAction":[{"@type":"SearchAction","target":{"@type":"EntryPoint","urlTemplate":"https:\/\/golfinhorotador.org.br\/?s={search_term_string}"},"query-input":{"@type":"PropertyValueSpecification","valueRequired":true,"valueName":"search_term_string"}}],"inLanguage":"en-US"},{"@type":"Organization","@id":"https:\/\/golfinhorotador.org.br\/#organization","name":"Projeto Golfinho Rotador","url":"https:\/\/golfinhorotador.org.br\/","logo":{"@type":"ImageObject","inLanguage":"en-US","@id":"https:\/\/golfinhorotador.org.br\/#\/schema\/logo\/image\/","url":"https:\/\/golfinhorotador.org.br\/wp-content\/uploads\/2025\/07\/Logo-PGR-2025-512.png","contentUrl":"https:\/\/golfinhorotador.org.br\/wp-content\/uploads\/2025\/07\/Logo-PGR-2025-512.png","width":512,"height":512,"caption":"Projeto Golfinho Rotador"},"image":{"@id":"https:\/\/golfinhorotador.org.br\/#\/schema\/logo\/image\/"},"sameAs":["https:\/\/www.facebook.com\/Projeto-Golfinho-Rotador-155695874539813","https:\/\/x.com\/golfinhorotador","https:\/\/www.instagram.com\/golfinhorotador\/","https:\/\/www.youtube.com\/channel\/UCYw-aMfBHbkUU_DimpWJzbw","https:\/\/www.tiktok.com\/@golfinhorotador"]},{"@type":"Person","@id":"https:\/\/golfinhorotador.org.br\/#\/schema\/person\/31c9f545fc127c9e21fc1c5f001269db","name":"Projeto Golfinho Rotador","image":{"@type":"ImageObject","inLanguage":"en-US","@id":"https:\/\/secure.gravatar.com\/avatar\/4e2f6bba9197287956dc1c931a4caed810b09aec9b8f38aa913bd11926fd05d2?s=96&d=mm&r=g","url":"https:\/\/secure.gravatar.com\/avatar\/4e2f6bba9197287956dc1c931a4caed810b09aec9b8f38aa913bd11926fd05d2?s=96&d=mm&r=g","contentUrl":"https:\/\/secure.gravatar.com\/avatar\/4e2f6bba9197287956dc1c931a4caed810b09aec9b8f38aa913bd11926fd05d2?s=96&d=mm&r=g","caption":"Projeto Golfinho Rotador"},"url":"https:\/\/golfinhorotador.org.br\/en\/author\/projeto-golfinho-rotador\/"}]}},"_links":{"self":[{"href":"https:\/\/golfinhorotador.org.br\/en\/wp-json\/wp\/v2\/posts\/2953","targetHints":{"allow":["GET"]}}],"collection":[{"href":"https:\/\/golfinhorotador.org.br\/en\/wp-json\/wp\/v2\/posts"}],"about":[{"href":"https:\/\/golfinhorotador.org.br\/en\/wp-json\/wp\/v2\/types\/post"}],"author":[{"embeddable":true,"href":"https:\/\/golfinhorotador.org.br\/en\/wp-json\/wp\/v2\/users\/2"}],"replies":[{"embeddable":true,"href":"https:\/\/golfinhorotador.org.br\/en\/wp-json\/wp\/v2\/comments?post=2953"}],"version-history":[{"count":2,"href":"https:\/\/golfinhorotador.org.br\/en\/wp-json\/wp\/v2\/posts\/2953\/revisions"}],"predecessor-version":[{"id":2957,"href":"https:\/\/golfinhorotador.org.br\/en\/wp-json\/wp\/v2\/posts\/2953\/revisions\/2957"}],"wp:featuredmedia":[{"embeddable":true,"href":"https:\/\/golfinhorotador.org.br\/en\/wp-json\/wp\/v2\/media\/2956"}],"wp:attachment":[{"href":"https:\/\/golfinhorotador.org.br\/en\/wp-json\/wp\/v2\/media?parent=2953"}],"wp:term":[{"taxonomy":"category","embeddable":true,"href":"https:\/\/golfinhorotador.org.br\/en\/wp-json\/wp\/v2\/categories?post=2953"},{"taxonomy":"post_tag","embeddable":true,"href":"https:\/\/golfinhorotador.org.br\/en\/wp-json\/wp\/v2\/tags?post=2953"}],"curies":[{"name":"wp","href":"https:\/\/api.w.org\/{rel}","templated":true}]}}