{"id":3090,"date":"2021-12-16T14:57:01","date_gmt":"2021-12-16T17:57:01","guid":{"rendered":"https:\/\/golfinhorotador.org.br\/?p=3090"},"modified":"2025-08-11T14:58:42","modified_gmt":"2025-08-11T17:58:42","slug":"ferias-ecologicas-2022-oceane-se","status":"publish","type":"post","link":"https:\/\/golfinhorotador.org.br\/en\/2021\/12\/16\/ferias-ecologicas-2022-oceane-se\/","title":{"rendered":"F\u00e9rias Ecol\u00f3gicas 2022: Oceane-se"},"content":{"rendered":"<p><a href=\"https:\/\/golfinhorotador.org.br\/wp-content\/uploads\/2025\/08\/Feed_FE2022.png\"><img fetchpriority=\"high\" decoding=\"async\" class=\"alignleft wp-image-3091\" src=\"https:\/\/golfinhorotador.org.br\/wp-content\/uploads\/2025\/08\/Feed_FE2022.png\" alt=\"\" width=\"500\" height=\"500\" srcset=\"https:\/\/golfinhorotador.org.br\/wp-content\/uploads\/2025\/08\/Feed_FE2022.png 1080w, https:\/\/golfinhorotador.org.br\/wp-content\/uploads\/2025\/08\/Feed_FE2022-300x300.png 300w, https:\/\/golfinhorotador.org.br\/wp-content\/uploads\/2025\/08\/Feed_FE2022-1024x1024.png 1024w, https:\/\/golfinhorotador.org.br\/wp-content\/uploads\/2025\/08\/Feed_FE2022-150x150.png 150w, https:\/\/golfinhorotador.org.br\/wp-content\/uploads\/2025\/08\/Feed_FE2022-768x768.png 768w\" sizes=\"(max-width: 500px) 100vw, 500px\" \/><\/a>O Projeto Golfinho Rotador, com o patroc\u00ednio da Petrobras por meio do Programa Petrobras Socioambiental, desenvolve anualmente um programa de Educomunica\u00e7\u00e3o Ambiental para as crian\u00e7as da ilha durante o per\u00edodo de f\u00e9rias escolares, o \u201cF\u00e9rias Ecol\u00f3gicas\u201d.<\/p>\n<p>O programa \u201cF\u00e9rias Ecol\u00f3gicas\u201d, criado em 1990, j\u00e1 \u00e9 tradi\u00e7\u00e3o em Fernando de Noronha para oferecer op\u00e7\u00e3o de lazer e ampliar a percep\u00e7\u00e3o sobre a conserva\u00e7\u00e3o ambiental dos jovens moradores da ilha no per\u00edodo das f\u00e9rias escolares.<\/p>\n<p>O programa tamb\u00e9m possui um grande alcance social, pois cria oportunidades de divers\u00e3o e aprendizado para crian\u00e7as e adolescentes noronhenses e impede que estes estejam entregues ao \u00f3cio no per\u00edodo de f\u00e9rias escolares, quando o turismo atinge seu \u00e1pice e a grande quantidade de turistas inevitavelmente implica na entrada de diversas realidades e mentalidades para o conv\u00edvio com a comunidade. \u00c9 durante este per\u00edodo que os pais est\u00e3o mais atarefados e, consequentemente menos presentes dentro da estrutura familiar, uma vez que o turismo representa a principal atividade s\u00f3cio-econ\u00f4mica da ilha.<\/p>\n<p>O tema escolhido para as f\u00e9rias de 2022 \u00e9 \u201cOCEANE-SE\u201d, chamando a aten\u00e7\u00e3o de que 2021 marca o in\u00edcio da D\u00e9cada do Oceano. A escolha deste tema tem por objetivo chamar a aten\u00e7\u00e3o das crian\u00e7as e jovens da interdepend\u00eancia que existe entre o Oceano e o cotidiano dos moradores de Fernando de Noronha, que comp\u00f5em a \u00fanica comunidade civil oce\u00e2nica do Brasil.<\/p>\n<p>Nestas F\u00e9rias Ecol\u00f3gicas ser\u00e3o realizadas diversas atividades educativas e recreativas espec\u00edficas para cada faixa et\u00e1ria na praia da Ba\u00eda de Santo Ant\u00f4nio. Estas atividades compreender\u00e3o viv\u00eancia de cultura e experi\u00eancias oce\u00e2nicas, arte e conhecimento te\u00f3rico. As F\u00e9rias acontecer\u00e3o durante o m\u00eas de julho, entre 9h e 12h, de segunda a s\u00e1bado.<\/p>\n<p>Por se tratar de um per\u00edodo curto de f\u00e9rias escolares e em fun\u00e7\u00e3o das restri\u00e7\u00f5es impostas pela Pandemia da COVID-19, pensamos em uma programa\u00e7\u00e3o que possa atender o maior n\u00famero de participantes ao longo desse per\u00edodo com a m\u00e1xima seguran\u00e7a poss\u00edvel. Sendo assim, a cada dois dias ser\u00e1 atendida uma faixa et\u00e1ria e participantes diferentes, conforme descrito abaixo:<\/p>\n<ul>\n<li>Turma 1 \u2013 5 e 6 anos: dias 9 e 10 de julho.<\/li>\n<li>Turma 2 \u2013 7 e 8 anos: dias 12 e 13 de julho.<\/li>\n<li>Turma 3 \u2013 9 e 10 anos: dias 14 e 15 de julho.<\/li>\n<li>Turma 4 \u2013 11 e 12 anos: dias 16 e 17 de julho.<\/li>\n<li>Turma 5 \u2013 13 e 14 anos: dias 19 e 20 de julho.<\/li>\n<li>Turma 6 \u2013 15 e 16 anos: dias 21 e 22 de julho.<\/li>\n<\/ul>\n<p>Os interessados que t\u00eam mais de 16 anos podem se inscrever como monitores e auxiliar os coordenadores nas atividades.<\/p>\n<p>Pretendemos oferecer para as tr\u00eas primeiras turmas, dos dias 09 ao 15 de julho, a seguinte programa\u00e7\u00e3o: no primeiro dia, canoa havaiana e no segundo dia, aula de surf.<\/p>\n<p>Nas tr\u00eas ultimas turmas, de 16 ao 22 de julho, no primeiro dia, sa\u00edda de barco para observa\u00e7\u00e3o da biodiversidade marinha, inclusive golfinhos e baleias, pois as primeiras baleias da temporada 2021 j\u00e1 foram avistadas em Fernando de Noronha, e no segundo dia, batismo em mergulho aut\u00f4nomo na Praia do Porto.<\/p>\n<p>As inscri\u00e7\u00f5es ser\u00e3o na sede do Projeto Golfinho Rotador, no Boldr\u00f3, e a sele\u00e7\u00e3o dos participantes para cada faixa et\u00e1ria ocorrer\u00e1 por ordem de inscri\u00e7\u00e3o. Quando fechar os 12 participantes de cada faixa et\u00e1ria, encerramos as inscri\u00e7\u00f5es da faixa et\u00e1ria correspondente. O uso de m\u00e1scara e \u00e1lcool em gel ser\u00e1 mantido.<\/p>\n","protected":false},"excerpt":{"rendered":"<p>O Projeto Golfinho Rotador, com o patroc\u00ednio da Petrobras por meio do Programa Petrobras Socioambiental, desenvolve anualmente um programa de Educomunica\u00e7\u00e3o Ambiental para as crian\u00e7as da ilha durante o per\u00edodo de f\u00e9rias escolares, o \u201cF\u00e9rias Ecol\u00f3gicas\u201d. O programa \u201cF\u00e9rias Ecol\u00f3gicas\u201d, criado em 1990, j\u00e1 \u00e9 tradi\u00e7\u00e3o em Fernando de Noronha para oferecer op\u00e7\u00e3o de lazer [&hellip;]<\/p>\n","protected":false},"author":2,"featured_media":3091,"comment_status":"open","ping_status":"open","sticky":false,"template":"","format":"standard","meta":{"_acf_changed":false,"footnotes":""},"categories":[9],"tags":[],"class_list":["post-3090","post","type-post","status-publish","format-standard","has-post-thumbnail","hentry","category-noticias"],"acf":{"exibir_imagem_destacada":"N\u00e3o"},"yoast_head":"<!-- This site is optimized with the Yoast SEO plugin v27.5 - https:\/\/yoast.com\/product\/yoast-seo-wordpress\/ -->\n<title>F\u00e9rias Ecol\u00f3gicas 2022: Oceane-se - Projeto Golfinho Rotador<\/title>\n<meta name=\"robots\" content=\"index, follow, max-snippet:-1, max-image-preview:large, max-video-preview:-1\" \/>\n<link rel=\"canonical\" href=\"https:\/\/golfinhorotador.org.br\/2021\/12\/16\/ferias-ecologicas-2022-oceane-se\/\" \/>\n<meta property=\"og:locale\" content=\"en_US\" \/>\n<meta property=\"og:type\" content=\"article\" \/>\n<meta property=\"og:title\" content=\"F\u00e9rias Ecol\u00f3gicas 2022: Oceane-se - Projeto Golfinho Rotador\" \/>\n<meta property=\"og:description\" content=\"O Projeto Golfinho Rotador, com o patroc\u00ednio da Petrobras por meio do Programa Petrobras Socioambiental, desenvolve anualmente um programa de Educomunica\u00e7\u00e3o Ambiental para as crian\u00e7as da ilha durante o per\u00edodo de f\u00e9rias escolares, o \u201cF\u00e9rias Ecol\u00f3gicas\u201d. O programa \u201cF\u00e9rias Ecol\u00f3gicas\u201d, criado em 1990, j\u00e1 \u00e9 tradi\u00e7\u00e3o em Fernando de Noronha para oferecer op\u00e7\u00e3o de lazer [&hellip;]\" \/>\n<meta property=\"og:url\" content=\"https:\/\/golfinhorotador.org.br\/2021\/12\/16\/ferias-ecologicas-2022-oceane-se\/\" \/>\n<meta property=\"og:site_name\" content=\"Projeto Golfinho Rotador\" \/>\n<meta property=\"article:publisher\" content=\"https:\/\/www.facebook.com\/Projeto-Golfinho-Rotador-155695874539813\" \/>\n<meta property=\"article:published_time\" content=\"2021-12-16T17:57:01+00:00\" \/>\n<meta property=\"article:modified_time\" content=\"2025-08-11T17:58:42+00:00\" \/>\n<meta property=\"og:image\" content=\"https:\/\/golfinhorotador.org.br\/wp-content\/uploads\/2025\/08\/Feed_FE2022.png\" \/>\n\t<meta property=\"og:image:width\" content=\"1080\" \/>\n\t<meta property=\"og:image:height\" content=\"1080\" \/>\n\t<meta property=\"og:image:type\" content=\"image\/png\" \/>\n<meta name=\"author\" content=\"Projeto Golfinho Rotador\" \/>\n<meta name=\"twitter:card\" content=\"summary_large_image\" \/>\n<meta name=\"twitter:creator\" content=\"@golfinhorotador\" \/>\n<meta name=\"twitter:site\" content=\"@golfinhorotador\" \/>\n<meta name=\"twitter:label1\" content=\"Written by\" \/>\n\t<meta name=\"twitter:data1\" content=\"Projeto Golfinho Rotador\" \/>\n\t<meta name=\"twitter:label2\" content=\"Est. reading time\" \/>\n\t<meta name=\"twitter:data2\" content=\"3 minutes\" \/>\n<script type=\"application\/ld+json\" class=\"yoast-schema-graph\">{\"@context\":\"https:\\\/\\\/schema.org\",\"@graph\":[{\"@type\":\"Article\",\"@id\":\"https:\\\/\\\/golfinhorotador.org.br\\\/2021\\\/12\\\/16\\\/ferias-ecologicas-2022-oceane-se\\\/#article\",\"isPartOf\":{\"@id\":\"https:\\\/\\\/golfinhorotador.org.br\\\/2021\\\/12\\\/16\\\/ferias-ecologicas-2022-oceane-se\\\/\"},\"author\":{\"name\":\"Projeto Golfinho Rotador\",\"@id\":\"https:\\\/\\\/golfinhorotador.org.br\\\/#\\\/schema\\\/person\\\/31c9f545fc127c9e21fc1c5f001269db\"},\"headline\":\"F\u00e9rias Ecol\u00f3gicas 2022: Oceane-se\",\"datePublished\":\"2021-12-16T17:57:01+00:00\",\"dateModified\":\"2025-08-11T17:58:42+00:00\",\"mainEntityOfPage\":{\"@id\":\"https:\\\/\\\/golfinhorotador.org.br\\\/2021\\\/12\\\/16\\\/ferias-ecologicas-2022-oceane-se\\\/\"},\"wordCount\":595,\"commentCount\":0,\"publisher\":{\"@id\":\"https:\\\/\\\/golfinhorotador.org.br\\\/#organization\"},\"image\":{\"@id\":\"https:\\\/\\\/golfinhorotador.org.br\\\/2021\\\/12\\\/16\\\/ferias-ecologicas-2022-oceane-se\\\/#primaryimage\"},\"thumbnailUrl\":\"https:\\\/\\\/golfinhorotador.org.br\\\/wp-content\\\/uploads\\\/2025\\\/08\\\/Feed_FE2022.png\",\"articleSection\":[\"Not\u00edcias\"],\"inLanguage\":\"en-US\",\"potentialAction\":[{\"@type\":\"CommentAction\",\"name\":\"Comment\",\"target\":[\"https:\\\/\\\/golfinhorotador.org.br\\\/2021\\\/12\\\/16\\\/ferias-ecologicas-2022-oceane-se\\\/#respond\"]}]},{\"@type\":\"WebPage\",\"@id\":\"https:\\\/\\\/golfinhorotador.org.br\\\/2021\\\/12\\\/16\\\/ferias-ecologicas-2022-oceane-se\\\/\",\"url\":\"https:\\\/\\\/golfinhorotador.org.br\\\/2021\\\/12\\\/16\\\/ferias-ecologicas-2022-oceane-se\\\/\",\"name\":\"F\u00e9rias Ecol\u00f3gicas 2022: Oceane-se - Projeto Golfinho Rotador\",\"isPartOf\":{\"@id\":\"https:\\\/\\\/golfinhorotador.org.br\\\/#website\"},\"primaryImageOfPage\":{\"@id\":\"https:\\\/\\\/golfinhorotador.org.br\\\/2021\\\/12\\\/16\\\/ferias-ecologicas-2022-oceane-se\\\/#primaryimage\"},\"image\":{\"@id\":\"https:\\\/\\\/golfinhorotador.org.br\\\/2021\\\/12\\\/16\\\/ferias-ecologicas-2022-oceane-se\\\/#primaryimage\"},\"thumbnailUrl\":\"https:\\\/\\\/golfinhorotador.org.br\\\/wp-content\\\/uploads\\\/2025\\\/08\\\/Feed_FE2022.png\",\"datePublished\":\"2021-12-16T17:57:01+00:00\",\"dateModified\":\"2025-08-11T17:58:42+00:00\",\"breadcrumb\":{\"@id\":\"https:\\\/\\\/golfinhorotador.org.br\\\/2021\\\/12\\\/16\\\/ferias-ecologicas-2022-oceane-se\\\/#breadcrumb\"},\"inLanguage\":\"en-US\",\"potentialAction\":[{\"@type\":\"ReadAction\",\"target\":[\"https:\\\/\\\/golfinhorotador.org.br\\\/2021\\\/12\\\/16\\\/ferias-ecologicas-2022-oceane-se\\\/\"]}]},{\"@type\":\"ImageObject\",\"inLanguage\":\"en-US\",\"@id\":\"https:\\\/\\\/golfinhorotador.org.br\\\/2021\\\/12\\\/16\\\/ferias-ecologicas-2022-oceane-se\\\/#primaryimage\",\"url\":\"https:\\\/\\\/golfinhorotador.org.br\\\/wp-content\\\/uploads\\\/2025\\\/08\\\/Feed_FE2022.png\",\"contentUrl\":\"https:\\\/\\\/golfinhorotador.org.br\\\/wp-content\\\/uploads\\\/2025\\\/08\\\/Feed_FE2022.png\",\"width\":1080,\"height\":1080},{\"@type\":\"BreadcrumbList\",\"@id\":\"https:\\\/\\\/golfinhorotador.org.br\\\/2021\\\/12\\\/16\\\/ferias-ecologicas-2022-oceane-se\\\/#breadcrumb\",\"itemListElement\":[{\"@type\":\"ListItem\",\"position\":1,\"name\":\"In\u00edcio\",\"item\":\"https:\\\/\\\/golfinhorotador.org.br\\\/en\\\/home\\\/\"},{\"@type\":\"ListItem\",\"position\":2,\"name\":\"F\u00e9rias Ecol\u00f3gicas 2022: Oceane-se\"}]},{\"@type\":\"WebSite\",\"@id\":\"https:\\\/\\\/golfinhorotador.org.br\\\/#website\",\"url\":\"https:\\\/\\\/golfinhorotador.org.br\\\/\",\"name\":\"Projeto Golfinho Rotador\",\"description\":\"Fernando de Noronha\",\"publisher\":{\"@id\":\"https:\\\/\\\/golfinhorotador.org.br\\\/#organization\"},\"potentialAction\":[{\"@type\":\"SearchAction\",\"target\":{\"@type\":\"EntryPoint\",\"urlTemplate\":\"https:\\\/\\\/golfinhorotador.org.br\\\/?s={search_term_string}\"},\"query-input\":{\"@type\":\"PropertyValueSpecification\",\"valueRequired\":true,\"valueName\":\"search_term_string\"}}],\"inLanguage\":\"en-US\"},{\"@type\":\"Organization\",\"@id\":\"https:\\\/\\\/golfinhorotador.org.br\\\/#organization\",\"name\":\"Projeto Golfinho Rotador\",\"url\":\"https:\\\/\\\/golfinhorotador.org.br\\\/\",\"logo\":{\"@type\":\"ImageObject\",\"inLanguage\":\"en-US\",\"@id\":\"https:\\\/\\\/golfinhorotador.org.br\\\/#\\\/schema\\\/logo\\\/image\\\/\",\"url\":\"https:\\\/\\\/golfinhorotador.org.br\\\/wp-content\\\/uploads\\\/2025\\\/07\\\/Logo-PGR-2025-512.png\",\"contentUrl\":\"https:\\\/\\\/golfinhorotador.org.br\\\/wp-content\\\/uploads\\\/2025\\\/07\\\/Logo-PGR-2025-512.png\",\"width\":512,\"height\":512,\"caption\":\"Projeto Golfinho Rotador\"},\"image\":{\"@id\":\"https:\\\/\\\/golfinhorotador.org.br\\\/#\\\/schema\\\/logo\\\/image\\\/\"},\"sameAs\":[\"https:\\\/\\\/www.facebook.com\\\/Projeto-Golfinho-Rotador-155695874539813\",\"https:\\\/\\\/x.com\\\/golfinhorotador\",\"https:\\\/\\\/www.instagram.com\\\/golfinhorotador\\\/\",\"https:\\\/\\\/www.youtube.com\\\/channel\\\/UCYw-aMfBHbkUU_DimpWJzbw\",\"https:\\\/\\\/www.tiktok.com\\\/@golfinhorotador\"]},{\"@type\":\"Person\",\"@id\":\"https:\\\/\\\/golfinhorotador.org.br\\\/#\\\/schema\\\/person\\\/31c9f545fc127c9e21fc1c5f001269db\",\"name\":\"Projeto Golfinho Rotador\",\"image\":{\"@type\":\"ImageObject\",\"inLanguage\":\"en-US\",\"@id\":\"https:\\\/\\\/secure.gravatar.com\\\/avatar\\\/4e2f6bba9197287956dc1c931a4caed810b09aec9b8f38aa913bd11926fd05d2?s=96&d=mm&r=g\",\"url\":\"https:\\\/\\\/secure.gravatar.com\\\/avatar\\\/4e2f6bba9197287956dc1c931a4caed810b09aec9b8f38aa913bd11926fd05d2?s=96&d=mm&r=g\",\"contentUrl\":\"https:\\\/\\\/secure.gravatar.com\\\/avatar\\\/4e2f6bba9197287956dc1c931a4caed810b09aec9b8f38aa913bd11926fd05d2?s=96&d=mm&r=g\",\"caption\":\"Projeto Golfinho Rotador\"},\"url\":\"https:\\\/\\\/golfinhorotador.org.br\\\/en\\\/author\\\/projeto-golfinho-rotador\\\/\"}]}<\/script>\n<!-- \/ Yoast SEO plugin. -->","yoast_head_json":{"title":"F\u00e9rias Ecol\u00f3gicas 2022: Oceane-se - Projeto Golfinho Rotador","robots":{"index":"index","follow":"follow","max-snippet":"max-snippet:-1","max-image-preview":"max-image-preview:large","max-video-preview":"max-video-preview:-1"},"canonical":"https:\/\/golfinhorotador.org.br\/2021\/12\/16\/ferias-ecologicas-2022-oceane-se\/","og_locale":"en_US","og_type":"article","og_title":"F\u00e9rias Ecol\u00f3gicas 2022: Oceane-se - Projeto Golfinho Rotador","og_description":"O Projeto Golfinho Rotador, com o patroc\u00ednio da Petrobras por meio do Programa Petrobras Socioambiental, desenvolve anualmente um programa de Educomunica\u00e7\u00e3o Ambiental para as crian\u00e7as da ilha durante o per\u00edodo de f\u00e9rias escolares, o \u201cF\u00e9rias Ecol\u00f3gicas\u201d. O programa \u201cF\u00e9rias Ecol\u00f3gicas\u201d, criado em 1990, j\u00e1 \u00e9 tradi\u00e7\u00e3o em Fernando de Noronha para oferecer op\u00e7\u00e3o de lazer [&hellip;]","og_url":"https:\/\/golfinhorotador.org.br\/2021\/12\/16\/ferias-ecologicas-2022-oceane-se\/","og_site_name":"Projeto Golfinho Rotador","article_publisher":"https:\/\/www.facebook.com\/Projeto-Golfinho-Rotador-155695874539813","article_published_time":"2021-12-16T17:57:01+00:00","article_modified_time":"2025-08-11T17:58:42+00:00","og_image":[{"width":1080,"height":1080,"url":"https:\/\/golfinhorotador.org.br\/wp-content\/uploads\/2025\/08\/Feed_FE2022.png","type":"image\/png"}],"author":"Projeto Golfinho Rotador","twitter_card":"summary_large_image","twitter_creator":"@golfinhorotador","twitter_site":"@golfinhorotador","twitter_misc":{"Written by":"Projeto Golfinho Rotador","Est. reading time":"3 minutes"},"schema":{"@context":"https:\/\/schema.org","@graph":[{"@type":"Article","@id":"https:\/\/golfinhorotador.org.br\/2021\/12\/16\/ferias-ecologicas-2022-oceane-se\/#article","isPartOf":{"@id":"https:\/\/golfinhorotador.org.br\/2021\/12\/16\/ferias-ecologicas-2022-oceane-se\/"},"author":{"name":"Projeto Golfinho Rotador","@id":"https:\/\/golfinhorotador.org.br\/#\/schema\/person\/31c9f545fc127c9e21fc1c5f001269db"},"headline":"F\u00e9rias Ecol\u00f3gicas 2022: Oceane-se","datePublished":"2021-12-16T17:57:01+00:00","dateModified":"2025-08-11T17:58:42+00:00","mainEntityOfPage":{"@id":"https:\/\/golfinhorotador.org.br\/2021\/12\/16\/ferias-ecologicas-2022-oceane-se\/"},"wordCount":595,"commentCount":0,"publisher":{"@id":"https:\/\/golfinhorotador.org.br\/#organization"},"image":{"@id":"https:\/\/golfinhorotador.org.br\/2021\/12\/16\/ferias-ecologicas-2022-oceane-se\/#primaryimage"},"thumbnailUrl":"https:\/\/golfinhorotador.org.br\/wp-content\/uploads\/2025\/08\/Feed_FE2022.png","articleSection":["Not\u00edcias"],"inLanguage":"en-US","potentialAction":[{"@type":"CommentAction","name":"Comment","target":["https:\/\/golfinhorotador.org.br\/2021\/12\/16\/ferias-ecologicas-2022-oceane-se\/#respond"]}]},{"@type":"WebPage","@id":"https:\/\/golfinhorotador.org.br\/2021\/12\/16\/ferias-ecologicas-2022-oceane-se\/","url":"https:\/\/golfinhorotador.org.br\/2021\/12\/16\/ferias-ecologicas-2022-oceane-se\/","name":"F\u00e9rias Ecol\u00f3gicas 2022: Oceane-se - Projeto Golfinho Rotador","isPartOf":{"@id":"https:\/\/golfinhorotador.org.br\/#website"},"primaryImageOfPage":{"@id":"https:\/\/golfinhorotador.org.br\/2021\/12\/16\/ferias-ecologicas-2022-oceane-se\/#primaryimage"},"image":{"@id":"https:\/\/golfinhorotador.org.br\/2021\/12\/16\/ferias-ecologicas-2022-oceane-se\/#primaryimage"},"thumbnailUrl":"https:\/\/golfinhorotador.org.br\/wp-content\/uploads\/2025\/08\/Feed_FE2022.png","datePublished":"2021-12-16T17:57:01+00:00","dateModified":"2025-08-11T17:58:42+00:00","breadcrumb":{"@id":"https:\/\/golfinhorotador.org.br\/2021\/12\/16\/ferias-ecologicas-2022-oceane-se\/#breadcrumb"},"inLanguage":"en-US","potentialAction":[{"@type":"ReadAction","target":["https:\/\/golfinhorotador.org.br\/2021\/12\/16\/ferias-ecologicas-2022-oceane-se\/"]}]},{"@type":"ImageObject","inLanguage":"en-US","@id":"https:\/\/golfinhorotador.org.br\/2021\/12\/16\/ferias-ecologicas-2022-oceane-se\/#primaryimage","url":"https:\/\/golfinhorotador.org.br\/wp-content\/uploads\/2025\/08\/Feed_FE2022.png","contentUrl":"https:\/\/golfinhorotador.org.br\/wp-content\/uploads\/2025\/08\/Feed_FE2022.png","width":1080,"height":1080},{"@type":"BreadcrumbList","@id":"https:\/\/golfinhorotador.org.br\/2021\/12\/16\/ferias-ecologicas-2022-oceane-se\/#breadcrumb","itemListElement":[{"@type":"ListItem","position":1,"name":"In\u00edcio","item":"https:\/\/golfinhorotador.org.br\/en\/home\/"},{"@type":"ListItem","position":2,"name":"F\u00e9rias Ecol\u00f3gicas 2022: Oceane-se"}]},{"@type":"WebSite","@id":"https:\/\/golfinhorotador.org.br\/#website","url":"https:\/\/golfinhorotador.org.br\/","name":"Projeto Golfinho Rotador","description":"Fernando de Noronha","publisher":{"@id":"https:\/\/golfinhorotador.org.br\/#organization"},"potentialAction":[{"@type":"SearchAction","target":{"@type":"EntryPoint","urlTemplate":"https:\/\/golfinhorotador.org.br\/?s={search_term_string}"},"query-input":{"@type":"PropertyValueSpecification","valueRequired":true,"valueName":"search_term_string"}}],"inLanguage":"en-US"},{"@type":"Organization","@id":"https:\/\/golfinhorotador.org.br\/#organization","name":"Projeto Golfinho Rotador","url":"https:\/\/golfinhorotador.org.br\/","logo":{"@type":"ImageObject","inLanguage":"en-US","@id":"https:\/\/golfinhorotador.org.br\/#\/schema\/logo\/image\/","url":"https:\/\/golfinhorotador.org.br\/wp-content\/uploads\/2025\/07\/Logo-PGR-2025-512.png","contentUrl":"https:\/\/golfinhorotador.org.br\/wp-content\/uploads\/2025\/07\/Logo-PGR-2025-512.png","width":512,"height":512,"caption":"Projeto Golfinho Rotador"},"image":{"@id":"https:\/\/golfinhorotador.org.br\/#\/schema\/logo\/image\/"},"sameAs":["https:\/\/www.facebook.com\/Projeto-Golfinho-Rotador-155695874539813","https:\/\/x.com\/golfinhorotador","https:\/\/www.instagram.com\/golfinhorotador\/","https:\/\/www.youtube.com\/channel\/UCYw-aMfBHbkUU_DimpWJzbw","https:\/\/www.tiktok.com\/@golfinhorotador"]},{"@type":"Person","@id":"https:\/\/golfinhorotador.org.br\/#\/schema\/person\/31c9f545fc127c9e21fc1c5f001269db","name":"Projeto Golfinho Rotador","image":{"@type":"ImageObject","inLanguage":"en-US","@id":"https:\/\/secure.gravatar.com\/avatar\/4e2f6bba9197287956dc1c931a4caed810b09aec9b8f38aa913bd11926fd05d2?s=96&d=mm&r=g","url":"https:\/\/secure.gravatar.com\/avatar\/4e2f6bba9197287956dc1c931a4caed810b09aec9b8f38aa913bd11926fd05d2?s=96&d=mm&r=g","contentUrl":"https:\/\/secure.gravatar.com\/avatar\/4e2f6bba9197287956dc1c931a4caed810b09aec9b8f38aa913bd11926fd05d2?s=96&d=mm&r=g","caption":"Projeto Golfinho Rotador"},"url":"https:\/\/golfinhorotador.org.br\/en\/author\/projeto-golfinho-rotador\/"}]}},"_links":{"self":[{"href":"https:\/\/golfinhorotador.org.br\/en\/wp-json\/wp\/v2\/posts\/3090","targetHints":{"allow":["GET"]}}],"collection":[{"href":"https:\/\/golfinhorotador.org.br\/en\/wp-json\/wp\/v2\/posts"}],"about":[{"href":"https:\/\/golfinhorotador.org.br\/en\/wp-json\/wp\/v2\/types\/post"}],"author":[{"embeddable":true,"href":"https:\/\/golfinhorotador.org.br\/en\/wp-json\/wp\/v2\/users\/2"}],"replies":[{"embeddable":true,"href":"https:\/\/golfinhorotador.org.br\/en\/wp-json\/wp\/v2\/comments?post=3090"}],"version-history":[{"count":1,"href":"https:\/\/golfinhorotador.org.br\/en\/wp-json\/wp\/v2\/posts\/3090\/revisions"}],"predecessor-version":[{"id":3092,"href":"https:\/\/golfinhorotador.org.br\/en\/wp-json\/wp\/v2\/posts\/3090\/revisions\/3092"}],"wp:featuredmedia":[{"embeddable":true,"href":"https:\/\/golfinhorotador.org.br\/en\/wp-json\/wp\/v2\/media\/3091"}],"wp:attachment":[{"href":"https:\/\/golfinhorotador.org.br\/en\/wp-json\/wp\/v2\/media?parent=3090"}],"wp:term":[{"taxonomy":"category","embeddable":true,"href":"https:\/\/golfinhorotador.org.br\/en\/wp-json\/wp\/v2\/categories?post=3090"},{"taxonomy":"post_tag","embeddable":true,"href":"https:\/\/golfinhorotador.org.br\/en\/wp-json\/wp\/v2\/tags?post=3090"}],"curies":[{"name":"wp","href":"https:\/\/api.w.org\/{rel}","templated":true}]}}