{"id":3122,"date":"2022-01-31T15:42:07","date_gmt":"2022-01-31T18:42:07","guid":{"rendered":"https:\/\/golfinhorotador.org.br\/?p=3122"},"modified":"2025-08-11T15:46:31","modified_gmt":"2025-08-11T18:46:31","slug":"ferias-ecologicas-2022-oceane-se-2","status":"publish","type":"post","link":"https:\/\/golfinhorotador.org.br\/en\/2022\/01\/31\/ferias-ecologicas-2022-oceane-se-2\/","title":{"rendered":"F\u00e9rias Ecol\u00f3gicas 2022: Oceane-se"},"content":{"rendered":"\t\t<div data-elementor-type=\"wp-post\" data-elementor-id=\"3122\" class=\"elementor elementor-3122\" data-elementor-post-type=\"post\">\n\t\t\t\t<div class=\"elementor-element elementor-element-74a0139e e-flex e-con-boxed e-con e-parent\" data-id=\"74a0139e\" data-element_type=\"container\" data-e-type=\"container\">\n\t\t\t\t\t<div class=\"e-con-inner\">\n\t\t\t\t<div class=\"elementor-element elementor-element-61eb862 elementor-widget elementor-widget-gallery\" data-id=\"61eb862\" data-element_type=\"widget\" data-e-type=\"widget\" data-settings=\"{&quot;aspect_ratio&quot;:&quot;9:16&quot;,&quot;image_hover_animation&quot;:&quot;grow&quot;,&quot;lazyload&quot;:&quot;yes&quot;,&quot;gallery_layout&quot;:&quot;grid&quot;,&quot;columns&quot;:4,&quot;columns_tablet&quot;:2,&quot;columns_mobile&quot;:1,&quot;gap&quot;:{&quot;unit&quot;:&quot;px&quot;,&quot;size&quot;:10,&quot;sizes&quot;:[]},&quot;gap_tablet&quot;:{&quot;unit&quot;:&quot;px&quot;,&quot;size&quot;:10,&quot;sizes&quot;:[]},&quot;gap_mobile&quot;:{&quot;unit&quot;:&quot;px&quot;,&quot;size&quot;:10,&quot;sizes&quot;:[]},&quot;link_to&quot;:&quot;file&quot;,&quot;overlay_background&quot;:&quot;yes&quot;,&quot;content_hover_animation&quot;:&quot;fade-in&quot;}\" data-widget_type=\"gallery.default\">\n\t\t\t\t\t\t\t<div class=\"elementor-gallery__container\">\n\t\t\t\t\t\t\t<a class=\"e-gallery-item elementor-gallery-item elementor-animated-content\" href=\"https:\/\/golfinhorotador.org.br\/wp-content\/uploads\/2025\/08\/ferias-ecologicas-003.jpg\" data-elementor-open-lightbox=\"yes\" data-elementor-lightbox-slideshow=\"61eb862\" data-elementor-lightbox-title=\"ferias-ecologicas-003\" data-e-action-hash=\"#elementor-action%3Aaction%3Dlightbox%26settings%3DeyJpZCI6MzEyNiwidXJsIjoiaHR0cHM6XC9cL2dvbGZpbmhvcm90YWRvci5vcmcuYnJcL3dwLWNvbnRlbnRcL3VwbG9hZHNcLzIwMjVcLzA4XC9mZXJpYXMtZWNvbG9naWNhcy0wMDMuanBnIiwic2xpZGVzaG93IjoiNjFlYjg2MiJ9\">\n\t\t\t\t\t<div class=\"e-gallery-image elementor-gallery-item__image\" data-thumbnail=\"https:\/\/golfinhorotador.org.br\/wp-content\/uploads\/2025\/08\/ferias-ecologicas-003.jpg\" data-width=\"2000\" data-height=\"1125\" aria-label=\"\" role=\"img\" ><\/div>\n\t\t\t\t\t\t\t\t\t\t\t<div class=\"elementor-gallery-item__overlay\"><\/div>\n\t\t\t\t\t\t\t\t\t\t\t\t\t\t<\/a>\n\t\t\t\t\t\t\t<a class=\"e-gallery-item elementor-gallery-item elementor-animated-content\" href=\"https:\/\/golfinhorotador.org.br\/wp-content\/uploads\/2025\/08\/ferias-ecologicas-001.jpg\" data-elementor-open-lightbox=\"yes\" data-elementor-lightbox-slideshow=\"61eb862\" data-elementor-lightbox-title=\"ferias-ecologicas-001\" data-e-action-hash=\"#elementor-action%3Aaction%3Dlightbox%26settings%3DeyJpZCI6MzEyNCwidXJsIjoiaHR0cHM6XC9cL2dvbGZpbmhvcm90YWRvci5vcmcuYnJcL3dwLWNvbnRlbnRcL3VwbG9hZHNcLzIwMjVcLzA4XC9mZXJpYXMtZWNvbG9naWNhcy0wMDEuanBnIiwic2xpZGVzaG93IjoiNjFlYjg2MiJ9\">\n\t\t\t\t\t<div class=\"e-gallery-image elementor-gallery-item__image\" data-thumbnail=\"https:\/\/golfinhorotador.org.br\/wp-content\/uploads\/2025\/08\/ferias-ecologicas-001.jpg\" data-width=\"2000\" data-height=\"1334\" aria-label=\"\" role=\"img\" ><\/div>\n\t\t\t\t\t\t\t\t\t\t\t<div class=\"elementor-gallery-item__overlay\"><\/div>\n\t\t\t\t\t\t\t\t\t\t\t\t\t\t<\/a>\n\t\t\t\t\t\t\t<a class=\"e-gallery-item elementor-gallery-item elementor-animated-content\" href=\"https:\/\/golfinhorotador.org.br\/wp-content\/uploads\/2025\/08\/ferias-ecologicas-002.jpg\" data-elementor-open-lightbox=\"yes\" data-elementor-lightbox-slideshow=\"61eb862\" data-elementor-lightbox-title=\"ferias-ecologicas-002\" data-e-action-hash=\"#elementor-action%3Aaction%3Dlightbox%26settings%3DeyJpZCI6MzEyNSwidXJsIjoiaHR0cHM6XC9cL2dvbGZpbmhvcm90YWRvci5vcmcuYnJcL3dwLWNvbnRlbnRcL3VwbG9hZHNcLzIwMjVcLzA4XC9mZXJpYXMtZWNvbG9naWNhcy0wMDIuanBnIiwic2xpZGVzaG93IjoiNjFlYjg2MiJ9\">\n\t\t\t\t\t<div class=\"e-gallery-image elementor-gallery-item__image\" data-thumbnail=\"https:\/\/golfinhorotador.org.br\/wp-content\/uploads\/2025\/08\/ferias-ecologicas-002.jpg\" data-width=\"2000\" data-height=\"1334\" aria-label=\"\" role=\"img\" ><\/div>\n\t\t\t\t\t\t\t\t\t\t\t<div class=\"elementor-gallery-item__overlay\"><\/div>\n\t\t\t\t\t\t\t\t\t\t\t\t\t\t<\/a>\n\t\t\t\t\t\t\t<a class=\"e-gallery-item elementor-gallery-item elementor-animated-content\" href=\"https:\/\/golfinhorotador.org.br\/wp-content\/uploads\/2025\/08\/ferias-ecologicas-004.jpg\" data-elementor-open-lightbox=\"yes\" data-elementor-lightbox-slideshow=\"61eb862\" data-elementor-lightbox-title=\"ferias-ecologicas-004\" data-e-action-hash=\"#elementor-action%3Aaction%3Dlightbox%26settings%3DeyJpZCI6MzEyNywidXJsIjoiaHR0cHM6XC9cL2dvbGZpbmhvcm90YWRvci5vcmcuYnJcL3dwLWNvbnRlbnRcL3VwbG9hZHNcLzIwMjVcLzA4XC9mZXJpYXMtZWNvbG9naWNhcy0wMDQuanBnIiwic2xpZGVzaG93IjoiNjFlYjg2MiJ9\">\n\t\t\t\t\t<div class=\"e-gallery-image elementor-gallery-item__image\" data-thumbnail=\"https:\/\/golfinhorotador.org.br\/wp-content\/uploads\/2025\/08\/ferias-ecologicas-004.jpg\" data-width=\"2000\" data-height=\"1125\" aria-label=\"\" role=\"img\" ><\/div>\n\t\t\t\t\t\t\t\t\t\t\t<div class=\"elementor-gallery-item__overlay\"><\/div>\n\t\t\t\t\t\t\t\t\t\t\t\t\t\t<\/a>\n\t\t\t\t\t<\/div>\n\t\t\t\t\t<\/div>\n\t\t\t\t<div class=\"elementor-element elementor-element-345df268 elementor-widget elementor-widget-text-editor\" data-id=\"345df268\" data-element_type=\"widget\" data-e-type=\"widget\" data-widget_type=\"text-editor.default\">\n\t\t\t\t\t\t\t\t\t<p>O Projeto Golfinho Rotador, que conta com o patroc\u00ednio da Petrobras, desenvolve anualmente desde sua cria\u00e7\u00e3o em 1990 um programa de Educomunica\u00e7\u00e3o Ambiental para as crian\u00e7as da ilha durante o per\u00edodo de f\u00e9rias escolares no m\u00eas de Janeiro, o \u201cF\u00e9rias Ecol\u00f3gicas\u201d.<\/p><p>O programa \u201cF\u00e9rias Ecol\u00f3gicas\u201d j\u00e1 \u00e9 tradi\u00e7\u00e3o em Fernando de Noronha sendo criado em 1990 pelos ent\u00e3o Chefe do Parque Nacional Marinho de Fernando de Noronha, Heleno Armando da Silva, e o Chefe de Fiscaliza\u00e7\u00e3o, Josivan Rabelo, para oferecer op\u00e7\u00e3o de lazer e ampliar a percep\u00e7\u00e3o sobre a conserva\u00e7\u00e3o ambiental dos jovens moradores da ilha no per\u00edodo das f\u00e9rias escolares.<\/p><p>O programa possui um grande alcance social, pois cria oportunidades de divers\u00e3o e aprendizado para crian\u00e7as e adolescentes noronhenses e impede que estes estejam entregues ao \u00f3cio no per\u00edodo de f\u00e9rias escolares, quando o turismo atinge seu \u00e1pice e a grande quantidade de turistas inevitavelmente implica na entrada de diversas realidades e mentalidades para o conv\u00edvio com a comunidade. \u00c9 durante este per\u00edodo que os pais est\u00e3o mais atarefados e, consequentemente menos presentes dentro da estrutura familiar, uma vez que o turismo representa a principal atividade s\u00f3cio-econ\u00f4mica da ilha.<\/p><p>O tema escolhido para as F\u00e9rias Ecol\u00f3gicas de 2022 foi \u201cOCEANE-SE\u201d, chamando a aten\u00e7\u00e3o de que 2021 marcou o in\u00edcio da D\u00e9cada do Oceano, iniciativa das Na\u00e7\u00f5es Unidas a ser implementada de 2021 a 2030, buscando cumprir os compromissos da Agenda 2030, com foco no ODS 14, Vida na \u00c1gua, que visa conservar e promover o uso sustent\u00e1vel dos oceanos, dos mares e dos recursos marinhos.<\/p><p>A escolha deste tema tamb\u00e9m teve como objetivo chamar a aten\u00e7\u00e3o das crian\u00e7as e jovens da interdepend\u00eancia que existe entre o Oceano e o cotidiano dos moradores de Fernando de Noronha, que comp\u00f5em a \u00fanica comunidade civil insular oce\u00e2nica do Brasil.<\/p><p>Ao todo, participaram 77 crian\u00e7as de 5 a 16 anos e 05 monitores de 16 a 32 anos, sob a coordena\u00e7\u00e3o de duas educadoras ambientais do Projeto Golfinho Rotador: Cynthia Gerling e Melyna Lyra.<\/p><p>Ao longo das F\u00e9rias Ecol\u00f3gicas foram realizadas atividades educativas e recreativas espec\u00edficas para cada faixa et\u00e1ria com intensa viv\u00eancia di\u00e1ria ao ar livre na \u00e1rea do Parque Nacional Marinho, como o Mirante dos Golfinhos, Praia do Sueste e Ponta do Air France, proporcionando assim a experi\u00eancia da cultura oce\u00e2nica, arte e conhecimento te\u00f3rico e pr\u00e1tico.<\/p><p>Os participantes aprenderam mais sobre a flora, fauna, forma\u00e7\u00e3o geol\u00f3gica do Arquip\u00e9lago durante sa\u00eddas de campo, de barco e canoa havaiana e avistaram tamb\u00e9m grandes grupos de golfinhos-rotadores, um dos animais marinhos mais emblem\u00e1ticos da ilha. \u201cEstou aprendendo muitas coisas com as F\u00e9rias Ecol\u00f3gicas, estou gostando muito e aprendendo a conviver com a natureza e tamb\u00e9m a cuidar muito do Oceano, porque ele \u00e9 muito importante para a gente.\u201d relatou Daniel Barbosa, participante de 10 anos. \u201cComo sempre o Programa foi um sucesso, pois \u00e9 uma oportunidade \u00fanica de fazer essa imers\u00e3o na cultura oce\u00e2nica com as crian\u00e7as e jovens noronhenses\u201d diz Cynthia Gerling, Coordenadora de Educomunica\u00e7\u00e3o Ambiental e Sustentabilidade do Projeto Golfinho Rotador.<\/p><p>Contamos com a parceria do ICMBio e algumas empresas locais como \u00c1guas Claras, CELPE, Aloha Va\u2019a e Noronha Va\u2019a.<\/p><p>Anualmente ao final das F\u00e9rias Ecol\u00f3gicas sempre realizamos uma festa para as crian\u00e7as e seus familiares, mas em virtude da COVID 19, neste ano n\u00e3o a realizaremos.<\/p>\t\t\t\t\t\t\t\t<\/div>\n\t\t\t\t\t<\/div>\n\t\t\t\t<\/div>\n\t\t\t\t<\/div>\n\t\t","protected":false},"excerpt":{"rendered":"<p>O Projeto Golfinho Rotador, que conta com o patroc\u00ednio da Petrobras, desenvolve anualmente desde sua cria\u00e7\u00e3o em 1990 um programa de Educomunica\u00e7\u00e3o Ambiental para as crian\u00e7as da ilha durante o per\u00edodo de f\u00e9rias escolares no m\u00eas de Janeiro, o \u201cF\u00e9rias Ecol\u00f3gicas\u201d. O programa \u201cF\u00e9rias Ecol\u00f3gicas\u201d j\u00e1 \u00e9 tradi\u00e7\u00e3o em Fernando de Noronha sendo criado em [&hellip;]<\/p>\n","protected":false},"author":2,"featured_media":3126,"comment_status":"open","ping_status":"open","sticky":false,"template":"","format":"standard","meta":{"_acf_changed":false,"footnotes":""},"categories":[9],"tags":[],"class_list":["post-3122","post","type-post","status-publish","format-standard","has-post-thumbnail","hentry","category-noticias"],"acf":{"exibir_imagem_destacada":"N\u00e3o"},"yoast_head":"<!-- This site is optimized with the Yoast SEO plugin v27.5 - https:\/\/yoast.com\/product\/yoast-seo-wordpress\/ -->\n<title>F\u00e9rias Ecol\u00f3gicas 2022: Oceane-se - Projeto Golfinho Rotador<\/title>\n<meta name=\"robots\" content=\"index, follow, max-snippet:-1, max-image-preview:large, max-video-preview:-1\" \/>\n<link rel=\"canonical\" href=\"https:\/\/golfinhorotador.org.br\/2022\/01\/31\/ferias-ecologicas-2022-oceane-se-2\/\" \/>\n<meta property=\"og:locale\" content=\"en_US\" \/>\n<meta property=\"og:type\" content=\"article\" \/>\n<meta property=\"og:title\" content=\"F\u00e9rias Ecol\u00f3gicas 2022: Oceane-se - Projeto Golfinho Rotador\" \/>\n<meta property=\"og:description\" content=\"O Projeto Golfinho Rotador, que conta com o patroc\u00ednio da Petrobras, desenvolve anualmente desde sua cria\u00e7\u00e3o em 1990 um programa de Educomunica\u00e7\u00e3o Ambiental para as crian\u00e7as da ilha durante o per\u00edodo de f\u00e9rias escolares no m\u00eas de Janeiro, o \u201cF\u00e9rias Ecol\u00f3gicas\u201d. O programa \u201cF\u00e9rias Ecol\u00f3gicas\u201d j\u00e1 \u00e9 tradi\u00e7\u00e3o em Fernando de Noronha sendo criado em [&hellip;]\" \/>\n<meta property=\"og:url\" content=\"https:\/\/golfinhorotador.org.br\/2022\/01\/31\/ferias-ecologicas-2022-oceane-se-2\/\" \/>\n<meta property=\"og:site_name\" content=\"Projeto Golfinho Rotador\" \/>\n<meta property=\"article:publisher\" content=\"https:\/\/www.facebook.com\/Projeto-Golfinho-Rotador-155695874539813\" \/>\n<meta property=\"article:published_time\" content=\"2022-01-31T18:42:07+00:00\" \/>\n<meta property=\"article:modified_time\" content=\"2025-08-11T18:46:31+00:00\" \/>\n<meta property=\"og:image\" content=\"https:\/\/golfinhorotador.org.br\/wp-content\/uploads\/2025\/08\/ferias-ecologicas-003.jpg\" \/>\n\t<meta property=\"og:image:width\" content=\"2000\" \/>\n\t<meta property=\"og:image:height\" content=\"1125\" \/>\n\t<meta property=\"og:image:type\" content=\"image\/jpeg\" \/>\n<meta name=\"author\" content=\"Projeto Golfinho Rotador\" \/>\n<meta name=\"twitter:card\" content=\"summary_large_image\" \/>\n<meta name=\"twitter:creator\" content=\"@golfinhorotador\" \/>\n<meta name=\"twitter:site\" content=\"@golfinhorotador\" \/>\n<meta name=\"twitter:label1\" content=\"Written by\" \/>\n\t<meta name=\"twitter:data1\" content=\"Projeto Golfinho Rotador\" \/>\n\t<meta name=\"twitter:label2\" content=\"Est. reading time\" \/>\n\t<meta name=\"twitter:data2\" content=\"3 minutes\" \/>\n<script type=\"application\/ld+json\" class=\"yoast-schema-graph\">{\"@context\":\"https:\\\/\\\/schema.org\",\"@graph\":[{\"@type\":\"Article\",\"@id\":\"https:\\\/\\\/golfinhorotador.org.br\\\/2022\\\/01\\\/31\\\/ferias-ecologicas-2022-oceane-se-2\\\/#article\",\"isPartOf\":{\"@id\":\"https:\\\/\\\/golfinhorotador.org.br\\\/2022\\\/01\\\/31\\\/ferias-ecologicas-2022-oceane-se-2\\\/\"},\"author\":{\"name\":\"Projeto Golfinho Rotador\",\"@id\":\"https:\\\/\\\/golfinhorotador.org.br\\\/#\\\/schema\\\/person\\\/31c9f545fc127c9e21fc1c5f001269db\"},\"headline\":\"F\u00e9rias Ecol\u00f3gicas 2022: Oceane-se\",\"datePublished\":\"2022-01-31T18:42:07+00:00\",\"dateModified\":\"2025-08-11T18:46:31+00:00\",\"mainEntityOfPage\":{\"@id\":\"https:\\\/\\\/golfinhorotador.org.br\\\/2022\\\/01\\\/31\\\/ferias-ecologicas-2022-oceane-se-2\\\/\"},\"wordCount\":603,\"commentCount\":0,\"publisher\":{\"@id\":\"https:\\\/\\\/golfinhorotador.org.br\\\/#organization\"},\"image\":{\"@id\":\"https:\\\/\\\/golfinhorotador.org.br\\\/2022\\\/01\\\/31\\\/ferias-ecologicas-2022-oceane-se-2\\\/#primaryimage\"},\"thumbnailUrl\":\"https:\\\/\\\/golfinhorotador.org.br\\\/wp-content\\\/uploads\\\/2025\\\/08\\\/ferias-ecologicas-003.jpg\",\"articleSection\":[\"Not\u00edcias\"],\"inLanguage\":\"en-US\",\"potentialAction\":[{\"@type\":\"CommentAction\",\"name\":\"Comment\",\"target\":[\"https:\\\/\\\/golfinhorotador.org.br\\\/2022\\\/01\\\/31\\\/ferias-ecologicas-2022-oceane-se-2\\\/#respond\"]}]},{\"@type\":\"WebPage\",\"@id\":\"https:\\\/\\\/golfinhorotador.org.br\\\/2022\\\/01\\\/31\\\/ferias-ecologicas-2022-oceane-se-2\\\/\",\"url\":\"https:\\\/\\\/golfinhorotador.org.br\\\/2022\\\/01\\\/31\\\/ferias-ecologicas-2022-oceane-se-2\\\/\",\"name\":\"F\u00e9rias Ecol\u00f3gicas 2022: Oceane-se - Projeto Golfinho Rotador\",\"isPartOf\":{\"@id\":\"https:\\\/\\\/golfinhorotador.org.br\\\/#website\"},\"primaryImageOfPage\":{\"@id\":\"https:\\\/\\\/golfinhorotador.org.br\\\/2022\\\/01\\\/31\\\/ferias-ecologicas-2022-oceane-se-2\\\/#primaryimage\"},\"image\":{\"@id\":\"https:\\\/\\\/golfinhorotador.org.br\\\/2022\\\/01\\\/31\\\/ferias-ecologicas-2022-oceane-se-2\\\/#primaryimage\"},\"thumbnailUrl\":\"https:\\\/\\\/golfinhorotador.org.br\\\/wp-content\\\/uploads\\\/2025\\\/08\\\/ferias-ecologicas-003.jpg\",\"datePublished\":\"2022-01-31T18:42:07+00:00\",\"dateModified\":\"2025-08-11T18:46:31+00:00\",\"breadcrumb\":{\"@id\":\"https:\\\/\\\/golfinhorotador.org.br\\\/2022\\\/01\\\/31\\\/ferias-ecologicas-2022-oceane-se-2\\\/#breadcrumb\"},\"inLanguage\":\"en-US\",\"potentialAction\":[{\"@type\":\"ReadAction\",\"target\":[\"https:\\\/\\\/golfinhorotador.org.br\\\/2022\\\/01\\\/31\\\/ferias-ecologicas-2022-oceane-se-2\\\/\"]}]},{\"@type\":\"ImageObject\",\"inLanguage\":\"en-US\",\"@id\":\"https:\\\/\\\/golfinhorotador.org.br\\\/2022\\\/01\\\/31\\\/ferias-ecologicas-2022-oceane-se-2\\\/#primaryimage\",\"url\":\"https:\\\/\\\/golfinhorotador.org.br\\\/wp-content\\\/uploads\\\/2025\\\/08\\\/ferias-ecologicas-003.jpg\",\"contentUrl\":\"https:\\\/\\\/golfinhorotador.org.br\\\/wp-content\\\/uploads\\\/2025\\\/08\\\/ferias-ecologicas-003.jpg\",\"width\":2000,\"height\":1125},{\"@type\":\"BreadcrumbList\",\"@id\":\"https:\\\/\\\/golfinhorotador.org.br\\\/2022\\\/01\\\/31\\\/ferias-ecologicas-2022-oceane-se-2\\\/#breadcrumb\",\"itemListElement\":[{\"@type\":\"ListItem\",\"position\":1,\"name\":\"In\u00edcio\",\"item\":\"https:\\\/\\\/golfinhorotador.org.br\\\/en\\\/home\\\/\"},{\"@type\":\"ListItem\",\"position\":2,\"name\":\"F\u00e9rias Ecol\u00f3gicas 2022: Oceane-se\"}]},{\"@type\":\"WebSite\",\"@id\":\"https:\\\/\\\/golfinhorotador.org.br\\\/#website\",\"url\":\"https:\\\/\\\/golfinhorotador.org.br\\\/\",\"name\":\"Projeto Golfinho Rotador\",\"description\":\"Fernando de Noronha\",\"publisher\":{\"@id\":\"https:\\\/\\\/golfinhorotador.org.br\\\/#organization\"},\"potentialAction\":[{\"@type\":\"SearchAction\",\"target\":{\"@type\":\"EntryPoint\",\"urlTemplate\":\"https:\\\/\\\/golfinhorotador.org.br\\\/?s={search_term_string}\"},\"query-input\":{\"@type\":\"PropertyValueSpecification\",\"valueRequired\":true,\"valueName\":\"search_term_string\"}}],\"inLanguage\":\"en-US\"},{\"@type\":\"Organization\",\"@id\":\"https:\\\/\\\/golfinhorotador.org.br\\\/#organization\",\"name\":\"Projeto Golfinho Rotador\",\"url\":\"https:\\\/\\\/golfinhorotador.org.br\\\/\",\"logo\":{\"@type\":\"ImageObject\",\"inLanguage\":\"en-US\",\"@id\":\"https:\\\/\\\/golfinhorotador.org.br\\\/#\\\/schema\\\/logo\\\/image\\\/\",\"url\":\"https:\\\/\\\/golfinhorotador.org.br\\\/wp-content\\\/uploads\\\/2025\\\/07\\\/Logo-PGR-2025-512.png\",\"contentUrl\":\"https:\\\/\\\/golfinhorotador.org.br\\\/wp-content\\\/uploads\\\/2025\\\/07\\\/Logo-PGR-2025-512.png\",\"width\":512,\"height\":512,\"caption\":\"Projeto Golfinho Rotador\"},\"image\":{\"@id\":\"https:\\\/\\\/golfinhorotador.org.br\\\/#\\\/schema\\\/logo\\\/image\\\/\"},\"sameAs\":[\"https:\\\/\\\/www.facebook.com\\\/Projeto-Golfinho-Rotador-155695874539813\",\"https:\\\/\\\/x.com\\\/golfinhorotador\",\"https:\\\/\\\/www.instagram.com\\\/golfinhorotador\\\/\",\"https:\\\/\\\/www.youtube.com\\\/channel\\\/UCYw-aMfBHbkUU_DimpWJzbw\",\"https:\\\/\\\/www.tiktok.com\\\/@golfinhorotador\"]},{\"@type\":\"Person\",\"@id\":\"https:\\\/\\\/golfinhorotador.org.br\\\/#\\\/schema\\\/person\\\/31c9f545fc127c9e21fc1c5f001269db\",\"name\":\"Projeto Golfinho Rotador\",\"image\":{\"@type\":\"ImageObject\",\"inLanguage\":\"en-US\",\"@id\":\"https:\\\/\\\/secure.gravatar.com\\\/avatar\\\/4e2f6bba9197287956dc1c931a4caed810b09aec9b8f38aa913bd11926fd05d2?s=96&d=mm&r=g\",\"url\":\"https:\\\/\\\/secure.gravatar.com\\\/avatar\\\/4e2f6bba9197287956dc1c931a4caed810b09aec9b8f38aa913bd11926fd05d2?s=96&d=mm&r=g\",\"contentUrl\":\"https:\\\/\\\/secure.gravatar.com\\\/avatar\\\/4e2f6bba9197287956dc1c931a4caed810b09aec9b8f38aa913bd11926fd05d2?s=96&d=mm&r=g\",\"caption\":\"Projeto Golfinho Rotador\"},\"url\":\"https:\\\/\\\/golfinhorotador.org.br\\\/en\\\/author\\\/projeto-golfinho-rotador\\\/\"}]}<\/script>\n<!-- \/ Yoast SEO plugin. -->","yoast_head_json":{"title":"F\u00e9rias Ecol\u00f3gicas 2022: Oceane-se - Projeto Golfinho Rotador","robots":{"index":"index","follow":"follow","max-snippet":"max-snippet:-1","max-image-preview":"max-image-preview:large","max-video-preview":"max-video-preview:-1"},"canonical":"https:\/\/golfinhorotador.org.br\/2022\/01\/31\/ferias-ecologicas-2022-oceane-se-2\/","og_locale":"en_US","og_type":"article","og_title":"F\u00e9rias Ecol\u00f3gicas 2022: Oceane-se - Projeto Golfinho Rotador","og_description":"O Projeto Golfinho Rotador, que conta com o patroc\u00ednio da Petrobras, desenvolve anualmente desde sua cria\u00e7\u00e3o em 1990 um programa de Educomunica\u00e7\u00e3o Ambiental para as crian\u00e7as da ilha durante o per\u00edodo de f\u00e9rias escolares no m\u00eas de Janeiro, o \u201cF\u00e9rias Ecol\u00f3gicas\u201d. O programa \u201cF\u00e9rias Ecol\u00f3gicas\u201d j\u00e1 \u00e9 tradi\u00e7\u00e3o em Fernando de Noronha sendo criado em [&hellip;]","og_url":"https:\/\/golfinhorotador.org.br\/2022\/01\/31\/ferias-ecologicas-2022-oceane-se-2\/","og_site_name":"Projeto Golfinho Rotador","article_publisher":"https:\/\/www.facebook.com\/Projeto-Golfinho-Rotador-155695874539813","article_published_time":"2022-01-31T18:42:07+00:00","article_modified_time":"2025-08-11T18:46:31+00:00","og_image":[{"width":2000,"height":1125,"url":"https:\/\/golfinhorotador.org.br\/wp-content\/uploads\/2025\/08\/ferias-ecologicas-003.jpg","type":"image\/jpeg"}],"author":"Projeto Golfinho Rotador","twitter_card":"summary_large_image","twitter_creator":"@golfinhorotador","twitter_site":"@golfinhorotador","twitter_misc":{"Written by":"Projeto Golfinho Rotador","Est. reading time":"3 minutes"},"schema":{"@context":"https:\/\/schema.org","@graph":[{"@type":"Article","@id":"https:\/\/golfinhorotador.org.br\/2022\/01\/31\/ferias-ecologicas-2022-oceane-se-2\/#article","isPartOf":{"@id":"https:\/\/golfinhorotador.org.br\/2022\/01\/31\/ferias-ecologicas-2022-oceane-se-2\/"},"author":{"name":"Projeto Golfinho Rotador","@id":"https:\/\/golfinhorotador.org.br\/#\/schema\/person\/31c9f545fc127c9e21fc1c5f001269db"},"headline":"F\u00e9rias Ecol\u00f3gicas 2022: Oceane-se","datePublished":"2022-01-31T18:42:07+00:00","dateModified":"2025-08-11T18:46:31+00:00","mainEntityOfPage":{"@id":"https:\/\/golfinhorotador.org.br\/2022\/01\/31\/ferias-ecologicas-2022-oceane-se-2\/"},"wordCount":603,"commentCount":0,"publisher":{"@id":"https:\/\/golfinhorotador.org.br\/#organization"},"image":{"@id":"https:\/\/golfinhorotador.org.br\/2022\/01\/31\/ferias-ecologicas-2022-oceane-se-2\/#primaryimage"},"thumbnailUrl":"https:\/\/golfinhorotador.org.br\/wp-content\/uploads\/2025\/08\/ferias-ecologicas-003.jpg","articleSection":["Not\u00edcias"],"inLanguage":"en-US","potentialAction":[{"@type":"CommentAction","name":"Comment","target":["https:\/\/golfinhorotador.org.br\/2022\/01\/31\/ferias-ecologicas-2022-oceane-se-2\/#respond"]}]},{"@type":"WebPage","@id":"https:\/\/golfinhorotador.org.br\/2022\/01\/31\/ferias-ecologicas-2022-oceane-se-2\/","url":"https:\/\/golfinhorotador.org.br\/2022\/01\/31\/ferias-ecologicas-2022-oceane-se-2\/","name":"F\u00e9rias Ecol\u00f3gicas 2022: Oceane-se - Projeto Golfinho Rotador","isPartOf":{"@id":"https:\/\/golfinhorotador.org.br\/#website"},"primaryImageOfPage":{"@id":"https:\/\/golfinhorotador.org.br\/2022\/01\/31\/ferias-ecologicas-2022-oceane-se-2\/#primaryimage"},"image":{"@id":"https:\/\/golfinhorotador.org.br\/2022\/01\/31\/ferias-ecologicas-2022-oceane-se-2\/#primaryimage"},"thumbnailUrl":"https:\/\/golfinhorotador.org.br\/wp-content\/uploads\/2025\/08\/ferias-ecologicas-003.jpg","datePublished":"2022-01-31T18:42:07+00:00","dateModified":"2025-08-11T18:46:31+00:00","breadcrumb":{"@id":"https:\/\/golfinhorotador.org.br\/2022\/01\/31\/ferias-ecologicas-2022-oceane-se-2\/#breadcrumb"},"inLanguage":"en-US","potentialAction":[{"@type":"ReadAction","target":["https:\/\/golfinhorotador.org.br\/2022\/01\/31\/ferias-ecologicas-2022-oceane-se-2\/"]}]},{"@type":"ImageObject","inLanguage":"en-US","@id":"https:\/\/golfinhorotador.org.br\/2022\/01\/31\/ferias-ecologicas-2022-oceane-se-2\/#primaryimage","url":"https:\/\/golfinhorotador.org.br\/wp-content\/uploads\/2025\/08\/ferias-ecologicas-003.jpg","contentUrl":"https:\/\/golfinhorotador.org.br\/wp-content\/uploads\/2025\/08\/ferias-ecologicas-003.jpg","width":2000,"height":1125},{"@type":"BreadcrumbList","@id":"https:\/\/golfinhorotador.org.br\/2022\/01\/31\/ferias-ecologicas-2022-oceane-se-2\/#breadcrumb","itemListElement":[{"@type":"ListItem","position":1,"name":"In\u00edcio","item":"https:\/\/golfinhorotador.org.br\/en\/home\/"},{"@type":"ListItem","position":2,"name":"F\u00e9rias Ecol\u00f3gicas 2022: Oceane-se"}]},{"@type":"WebSite","@id":"https:\/\/golfinhorotador.org.br\/#website","url":"https:\/\/golfinhorotador.org.br\/","name":"Projeto Golfinho Rotador","description":"Fernando de Noronha","publisher":{"@id":"https:\/\/golfinhorotador.org.br\/#organization"},"potentialAction":[{"@type":"SearchAction","target":{"@type":"EntryPoint","urlTemplate":"https:\/\/golfinhorotador.org.br\/?s={search_term_string}"},"query-input":{"@type":"PropertyValueSpecification","valueRequired":true,"valueName":"search_term_string"}}],"inLanguage":"en-US"},{"@type":"Organization","@id":"https:\/\/golfinhorotador.org.br\/#organization","name":"Projeto Golfinho Rotador","url":"https:\/\/golfinhorotador.org.br\/","logo":{"@type":"ImageObject","inLanguage":"en-US","@id":"https:\/\/golfinhorotador.org.br\/#\/schema\/logo\/image\/","url":"https:\/\/golfinhorotador.org.br\/wp-content\/uploads\/2025\/07\/Logo-PGR-2025-512.png","contentUrl":"https:\/\/golfinhorotador.org.br\/wp-content\/uploads\/2025\/07\/Logo-PGR-2025-512.png","width":512,"height":512,"caption":"Projeto Golfinho Rotador"},"image":{"@id":"https:\/\/golfinhorotador.org.br\/#\/schema\/logo\/image\/"},"sameAs":["https:\/\/www.facebook.com\/Projeto-Golfinho-Rotador-155695874539813","https:\/\/x.com\/golfinhorotador","https:\/\/www.instagram.com\/golfinhorotador\/","https:\/\/www.youtube.com\/channel\/UCYw-aMfBHbkUU_DimpWJzbw","https:\/\/www.tiktok.com\/@golfinhorotador"]},{"@type":"Person","@id":"https:\/\/golfinhorotador.org.br\/#\/schema\/person\/31c9f545fc127c9e21fc1c5f001269db","name":"Projeto Golfinho Rotador","image":{"@type":"ImageObject","inLanguage":"en-US","@id":"https:\/\/secure.gravatar.com\/avatar\/4e2f6bba9197287956dc1c931a4caed810b09aec9b8f38aa913bd11926fd05d2?s=96&d=mm&r=g","url":"https:\/\/secure.gravatar.com\/avatar\/4e2f6bba9197287956dc1c931a4caed810b09aec9b8f38aa913bd11926fd05d2?s=96&d=mm&r=g","contentUrl":"https:\/\/secure.gravatar.com\/avatar\/4e2f6bba9197287956dc1c931a4caed810b09aec9b8f38aa913bd11926fd05d2?s=96&d=mm&r=g","caption":"Projeto Golfinho Rotador"},"url":"https:\/\/golfinhorotador.org.br\/en\/author\/projeto-golfinho-rotador\/"}]}},"_links":{"self":[{"href":"https:\/\/golfinhorotador.org.br\/en\/wp-json\/wp\/v2\/posts\/3122","targetHints":{"allow":["GET"]}}],"collection":[{"href":"https:\/\/golfinhorotador.org.br\/en\/wp-json\/wp\/v2\/posts"}],"about":[{"href":"https:\/\/golfinhorotador.org.br\/en\/wp-json\/wp\/v2\/types\/post"}],"author":[{"embeddable":true,"href":"https:\/\/golfinhorotador.org.br\/en\/wp-json\/wp\/v2\/users\/2"}],"replies":[{"embeddable":true,"href":"https:\/\/golfinhorotador.org.br\/en\/wp-json\/wp\/v2\/comments?post=3122"}],"version-history":[{"count":5,"href":"https:\/\/golfinhorotador.org.br\/en\/wp-json\/wp\/v2\/posts\/3122\/revisions"}],"predecessor-version":[{"id":3132,"href":"https:\/\/golfinhorotador.org.br\/en\/wp-json\/wp\/v2\/posts\/3122\/revisions\/3132"}],"wp:featuredmedia":[{"embeddable":true,"href":"https:\/\/golfinhorotador.org.br\/en\/wp-json\/wp\/v2\/media\/3126"}],"wp:attachment":[{"href":"https:\/\/golfinhorotador.org.br\/en\/wp-json\/wp\/v2\/media?parent=3122"}],"wp:term":[{"taxonomy":"category","embeddable":true,"href":"https:\/\/golfinhorotador.org.br\/en\/wp-json\/wp\/v2\/categories?post=3122"},{"taxonomy":"post_tag","embeddable":true,"href":"https:\/\/golfinhorotador.org.br\/en\/wp-json\/wp\/v2\/tags?post=3122"}],"curies":[{"name":"wp","href":"https:\/\/api.w.org\/{rel}","templated":true}]}}