{"id":3184,"date":"2022-04-03T16:13:46","date_gmt":"2022-04-03T19:13:46","guid":{"rendered":"https:\/\/golfinhorotador.org.br\/?p=3184"},"modified":"2025-08-11T16:17:12","modified_gmt":"2025-08-11T19:17:12","slug":"rocas-e-noronha-patrimonio-natural-da-humanidade-podcast-golfinhos-de-noronha-08","status":"publish","type":"post","link":"https:\/\/golfinhorotador.org.br\/en\/2022\/04\/03\/rocas-e-noronha-patrimonio-natural-da-humanidade-podcast-golfinhos-de-noronha-08\/","title":{"rendered":"Rocas e Noronha: Patrim\u00f4nio natural da humanidade <br>\u2013 Podcast Golfinhos de Noronha #08"},"content":{"rendered":"\t\t<div data-elementor-type=\"wp-post\" data-elementor-id=\"3184\" class=\"elementor elementor-3184\" data-elementor-post-type=\"post\">\n\t\t\t\t<div class=\"elementor-element elementor-element-2c046560 e-flex e-con-boxed e-con e-parent\" data-id=\"2c046560\" data-element_type=\"container\" data-e-type=\"container\">\n\t\t\t\t\t<div class=\"e-con-inner\">\n\t\t\t\t<div class=\"elementor-element elementor-element-b5956a2 elementor-widget elementor-widget-html\" data-id=\"b5956a2\" data-element_type=\"widget\" data-e-type=\"widget\" data-widget_type=\"html.default\">\n\t\t\t\t\t<iframe style=\"width: 100%; height: 200px;\" src=\"https:\/\/player.captivate.fm\/episode\/37072127-0117-49e9-a1fb-582d9aa82c10\" frameborder=\"no\" scrolling=\"no\" seamless=\"\"><\/iframe>\t\t\t\t<\/div>\n\t\t\t\t<div class=\"elementor-element elementor-element-6ccc1f02 elementor-widget elementor-widget-text-editor\" data-id=\"6ccc1f02\" data-element_type=\"widget\" data-e-type=\"widget\" data-widget_type=\"text-editor.default\">\n\t\t\t\t\t\t\t\t\t<p>Dois o\u00e1sis no Atl\u00e2ntico Sul ligados por uma cadeia de montanhas submarinas, chamada de Cadeia Fernando de Noronha. Esse epis\u00f3dio fala das pesquisas de dois cientistas Mirella Costa e Rafael Pinheiro nesses dois pontos emersos da cadeia, abordando v\u00e1rias curiosidades e a import\u00e2ncia de sua conserva\u00e7\u00e3o.<\/p><p><a href=\"https:\/\/www.instagram.com\/labogeo\/\" target=\"_blank\" rel=\"noopener\">@labogeo<\/a> <a href=\"https:\/\/www.instagram.com\/mirellabfcosta\/\" target=\"_blank\" rel=\"noopener\">@mirellabfcosta<\/a> <a href=\"https:\/\/www.instagram.com\/pinheirointheocean\/\" target=\"_blank\" rel=\"noopener\">@pinheirointheocean<\/a> <a href=\"https:\/\/www.instagram.com\/cynthiagerling\/\" target=\"_blank\" rel=\"noopener\">@cynthiagerling<\/a> <a href=\"https:\/\/www.instagram.com\/golfinhorotador\/\" target=\"_blank\" rel=\"noopener\">@golfinhorotador<\/a> <a href=\"https:\/\/www.instagram.com\/maurizeliabrito\/\" target=\"_blank\" rel=\"noopener\">@maurizeliabrito<\/a><\/p><p>#projetogolfinhorotador tem #patroci\u0301nioPetrobras por meio do Programa @Petrobras Socioambiental #programapetrobrassocioambiental #energiaquetransforma<\/p><p>#golfinhorotador #fernandodenoronha #oceano #natureza #conserva\u00e7\u00e3omarinha\u00a0 #golfinho #spinnerdolphins #biology #unesco #podcast<\/p>\t\t\t\t\t\t\t\t<\/div>\n\t\t\t\t<div class=\"elementor-element elementor-element-d2a8c08 elementor-widget elementor-widget-gallery\" data-id=\"d2a8c08\" data-element_type=\"widget\" data-e-type=\"widget\" data-settings=\"{&quot;aspect_ratio&quot;:&quot;9:16&quot;,&quot;image_hover_animation&quot;:&quot;grow&quot;,&quot;columns&quot;:3,&quot;overlay_title&quot;:&quot;caption&quot;,&quot;lazyload&quot;:&quot;yes&quot;,&quot;gallery_layout&quot;:&quot;grid&quot;,&quot;columns_tablet&quot;:2,&quot;columns_mobile&quot;:1,&quot;gap&quot;:{&quot;unit&quot;:&quot;px&quot;,&quot;size&quot;:10,&quot;sizes&quot;:[]},&quot;gap_tablet&quot;:{&quot;unit&quot;:&quot;px&quot;,&quot;size&quot;:10,&quot;sizes&quot;:[]},&quot;gap_mobile&quot;:{&quot;unit&quot;:&quot;px&quot;,&quot;size&quot;:10,&quot;sizes&quot;:[]},&quot;link_to&quot;:&quot;file&quot;,&quot;overlay_background&quot;:&quot;yes&quot;,&quot;content_hover_animation&quot;:&quot;fade-in&quot;}\" data-widget_type=\"gallery.default\">\n\t\t\t\t\t\t\t<div class=\"elementor-gallery__container\">\n\t\t\t\t\t\t\t<a class=\"e-gallery-item elementor-gallery-item elementor-animated-content\" href=\"https:\/\/golfinhorotador.org.br\/wp-content\/uploads\/2025\/08\/Mirella-Costa.jpg\" data-elementor-open-lightbox=\"yes\" data-elementor-lightbox-slideshow=\"d2a8c08\" data-elementor-lightbox-title=\"Mirella-Costa\" data-e-action-hash=\"#elementor-action%3Aaction%3Dlightbox%26settings%3DeyJpZCI6MzE4NiwidXJsIjoiaHR0cHM6XC9cL2dvbGZpbmhvcm90YWRvci5vcmcuYnJcL3dwLWNvbnRlbnRcL3VwbG9hZHNcLzIwMjVcLzA4XC9NaXJlbGxhLUNvc3RhLmpwZyIsInNsaWRlc2hvdyI6ImQyYThjMDgifQ%3D%3D\">\n\t\t\t\t\t<div class=\"e-gallery-image elementor-gallery-item__image\" data-thumbnail=\"https:\/\/golfinhorotador.org.br\/wp-content\/uploads\/2025\/08\/Mirella-Costa.jpg\" data-width=\"581\" data-height=\"787\" aria-label=\"\" role=\"img\" ><\/div>\n\t\t\t\t\t\t\t\t\t\t\t<div class=\"elementor-gallery-item__overlay\"><\/div>\n\t\t\t\t\t\t\t\t\t\t\t\t\t\t\t<div class=\"elementor-gallery-item__content\">\n\t\t\t\t\t\t\t\t\t\t\t\t\t\t<div class=\"elementor-gallery-item__title\">\n\t\t\t\t\t\t\t\t\t\t\t\t\t\t\t\t\t\tMirella Costa\t\t\t\t\t\t\t\t<\/div>\n\t\t\t\t\t\t\t\t\t\t\t\t<\/div>\n\t\t\t\t\t\t\t\t\t<\/a>\n\t\t\t\t\t\t\t<a class=\"e-gallery-item elementor-gallery-item elementor-animated-content\" href=\"https:\/\/golfinhorotador.org.br\/wp-content\/uploads\/2025\/08\/Rafael-Pinheiro.jpg\" data-elementor-open-lightbox=\"yes\" data-elementor-lightbox-slideshow=\"d2a8c08\" data-elementor-lightbox-title=\"Rafael-Pinheiro\" data-e-action-hash=\"#elementor-action%3Aaction%3Dlightbox%26settings%3DeyJpZCI6MzE4OCwidXJsIjoiaHR0cHM6XC9cL2dvbGZpbmhvcm90YWRvci5vcmcuYnJcL3dwLWNvbnRlbnRcL3VwbG9hZHNcLzIwMjVcLzA4XC9SYWZhZWwtUGluaGVpcm8uanBnIiwic2xpZGVzaG93IjoiZDJhOGMwOCJ9\">\n\t\t\t\t\t<div class=\"e-gallery-image elementor-gallery-item__image\" data-thumbnail=\"https:\/\/golfinhorotador.org.br\/wp-content\/uploads\/2025\/08\/Rafael-Pinheiro.jpg\" data-width=\"640\" data-height=\"640\" aria-label=\"\" role=\"img\" ><\/div>\n\t\t\t\t\t\t\t\t\t\t\t<div class=\"elementor-gallery-item__overlay\"><\/div>\n\t\t\t\t\t\t\t\t\t\t\t\t\t\t\t<div class=\"elementor-gallery-item__content\">\n\t\t\t\t\t\t\t\t\t\t\t\t\t\t<div class=\"elementor-gallery-item__title\">\n\t\t\t\t\t\t\t\t\t\t\t\t\t\t\t\t\t\tRafael Pinheiro\t\t\t\t\t\t\t\t<\/div>\n\t\t\t\t\t\t\t\t\t\t\t\t<\/div>\n\t\t\t\t\t\t\t\t\t<\/a>\n\t\t\t\t\t\t\t<a class=\"e-gallery-item elementor-gallery-item elementor-animated-content\" href=\"https:\/\/golfinhorotador.org.br\/wp-content\/uploads\/2025\/08\/Cynthia-Gerling-1024x576-1.jpg\" data-elementor-open-lightbox=\"yes\" data-elementor-lightbox-slideshow=\"d2a8c08\" data-elementor-lightbox-title=\"Cynthia-Gerling-1024x576\" data-e-action-hash=\"#elementor-action%3Aaction%3Dlightbox%26settings%3DeyJpZCI6MzE4NSwidXJsIjoiaHR0cHM6XC9cL2dvbGZpbmhvcm90YWRvci5vcmcuYnJcL3dwLWNvbnRlbnRcL3VwbG9hZHNcLzIwMjVcLzA4XC9DeW50aGlhLUdlcmxpbmctMTAyNHg1NzYtMS5qcGciLCJzbGlkZXNob3ciOiJkMmE4YzA4In0%3D\">\n\t\t\t\t\t<div class=\"e-gallery-image elementor-gallery-item__image\" data-thumbnail=\"https:\/\/golfinhorotador.org.br\/wp-content\/uploads\/2025\/08\/Cynthia-Gerling-1024x576-1.jpg\" data-width=\"1024\" data-height=\"576\" aria-label=\"\" role=\"img\" ><\/div>\n\t\t\t\t\t\t\t\t\t\t\t<div class=\"elementor-gallery-item__overlay\"><\/div>\n\t\t\t\t\t\t\t\t\t\t\t\t\t\t\t<div class=\"elementor-gallery-item__content\">\n\t\t\t\t\t\t\t\t\t\t\t\t\t\t<div class=\"elementor-gallery-item__title\">\n\t\t\t\t\t\t\t\t\t\t\t\t\t\t\t\t\t\tCynthia Gerling\t\t\t\t\t\t\t\t<\/div>\n\t\t\t\t\t\t\t\t\t\t\t\t<\/div>\n\t\t\t\t\t\t\t\t\t<\/a>\n\t\t\t\t\t<\/div>\n\t\t\t\t\t<\/div>\n\t\t\t\t<div class=\"elementor-element elementor-element-261c341 elementor-widget elementor-widget-text-editor\" data-id=\"261c341\" data-element_type=\"widget\" data-e-type=\"widget\" data-widget_type=\"text-editor.default\">\n\t\t\t\t\t\t\t\t\t<p><strong>Cynthia Gerling:<\/strong>\u00a0Coordenadora de Educomunica\u00e7\u00e3o Ambiental \u00e9 Sustentabilidade do Projeto Golfinho Rotador. Instagram:\u00a0<a href=\"https:\/\/www.instagram.com\/cynthiagerling\/\" target=\"_blank\" rel=\"noopener\">@cynthiagerling<\/a><\/p><p><strong>Rafael Pinheiro:<\/strong>\u00a0Bi\u00f3logo e Pesquisador no Projeto Golfinho Rotador. Instagram:\u00a0<a href=\"https:\/\/www.instagram.com\/pinheirointheocean\/\" target=\"_blank\" rel=\"noopener\">@pinheirointheocean<\/a><\/p><p><strong>Mirella Costa:<\/strong>\u00a0Dra. em Oceanografia; Professora do Departamento de Oceanografia da UFPE. Instagram:\u00a0<a href=\"https:\/\/www.instagram.com\/labogeo\/\" target=\"_blank\" rel=\"noopener\">@labogeo<\/a>\u00a0e\u00a0<a href=\"https:\/\/www.instagram.com\/mirellabfcosta\/\" target=\"_blank\" rel=\"noopener\">@mirellabfcosta<\/a><\/p>\t\t\t\t\t\t\t\t<\/div>\n\t\t\t\t<div class=\"elementor-element elementor-element-604a253 elementor-widget elementor-widget-template\" data-id=\"604a253\" data-element_type=\"widget\" data-e-type=\"widget\" data-widget_type=\"template.default\">\n\t\t\t\t<div class=\"elementor-widget-container\">\n\t\t\t\t\t\t\t<div class=\"elementor-template\">\n\t\t\t\t\t<div data-elementor-type=\"container\" data-elementor-id=\"2784\" class=\"elementor elementor-2784\" data-elementor-post-type=\"elementor_library\">\n\t\t\t\t<div class=\"elementor-element elementor-element-63d29cb1 e-flex e-con-boxed e-con e-parent\" data-id=\"63d29cb1\" data-element_type=\"container\" data-e-type=\"container\">\n\t\t\t\t\t<div class=\"e-con-inner\">\n\t\t\t\t<div class=\"elementor-element elementor-element-5df0ef02 elementor-widget elementor-widget-heading\" data-id=\"5df0ef02\" data-element_type=\"widget\" data-e-type=\"widget\" data-widget_type=\"heading.default\">\n\t\t\t\t\t<h5 class=\"elementor-heading-title elementor-size-default\">Sobre o Canal Golfinhos de Noronha\n<\/h5>\t\t\t\t<\/div>\n\t\t<div class=\"elementor-element elementor-element-15b5cbe5 e-con-full e-flex e-con e-child\" data-id=\"15b5cbe5\" data-element_type=\"container\" data-e-type=\"container\">\n\t\t\t\t<div class=\"elementor-element elementor-element-5de369f1 elementor-widget__width-initial elementor-widget-mobile__width-inherit elementor-widget elementor-widget-image\" data-id=\"5de369f1\" data-element_type=\"widget\" data-e-type=\"widget\" data-widget_type=\"image.default\">\n\t\t\t\t\t\t\t\t\t\t\t\t\t\t\t\t<a href=\"https:\/\/golfinhorotador.org.br\/conteudo\/podcast\/\">\n\t\t\t\t\t\t\t<img fetchpriority=\"high\" decoding=\"async\" width=\"512\" height=\"512\" src=\"https:\/\/golfinhorotador.org.br\/wp-content\/uploads\/2021\/04\/Logo-Podcast-Golfinhos-de-Noronha.png\" class=\"attachment-large size-large wp-image-6067\" alt=\"\" srcset=\"https:\/\/golfinhorotador.org.br\/wp-content\/uploads\/2021\/04\/Logo-Podcast-Golfinhos-de-Noronha.png 512w, https:\/\/golfinhorotador.org.br\/wp-content\/uploads\/2021\/04\/Logo-Podcast-Golfinhos-de-Noronha-300x300.png 300w, https:\/\/golfinhorotador.org.br\/wp-content\/uploads\/2021\/04\/Logo-Podcast-Golfinhos-de-Noronha-150x150.png 150w\" sizes=\"(max-width: 512px) 100vw, 512px\" \/>\t\t\t\t\t\t\t\t<\/a>\n\t\t\t\t\t\t\t\t\t\t\t\t\t\t\t<\/div>\n\t\t\t\t<div class=\"elementor-element elementor-element-18296881 elementor-widget elementor-widget-text-editor\" data-id=\"18296881\" data-element_type=\"widget\" data-e-type=\"widget\" data-widget_type=\"text-editor.default\">\n\t\t\t\t\t\t\t\t\t<p>Apaixonados pela conserva\u00e7\u00e3o dos golfinhos, do oceano e de Fernando de Noronha. Somos o Projeto Golfinho Rotador, que nasceu no Mirante dos Golfinhos em Fernando de Noronha em 23 de agosto de 1990. Ap\u00f3s tantos anos de trabalho nos tornamos um PELD (Programa de Pesquisa Ecol\u00f3gica de Longa Dura\u00e7\u00e3o. Nossos pilares s\u00e3o: pesquisa, educa\u00e7\u00e3o ambiental, envolvimento comunit\u00e1rio e sustentabilidade.<\/p><p>E voc\u00ea, \u00e9 nosso parceiro ideal! Mergulhe conosco nesse mundo azul.<\/p><p>O Podcast Golfinhos de Noronha conta com um patroc\u00ednio da Petrobras, por meio do programa Petrobras Socioambiental.<\/p>\t\t\t\t\t\t\t\t<\/div>\n\t\t\t\t<\/div>\n\t\t\t\t\t<\/div>\n\t\t\t\t<\/div>\n\t\t\t\t<\/div>\n\t\t\t\t<\/div>\n\t\t\t\t\t\t<\/div>\n\t\t\t\t<\/div>\n\t\t\t\t\t<\/div>\n\t\t\t\t<\/div>\n\t\t\t\t<\/div>\n\t\t","protected":false},"excerpt":{"rendered":"<p>Dois o\u00e1sis no Atl\u00e2ntico Sul ligados por uma cadeia de montanhas submarinas, chamada de Cadeia Fernando de Noronha. Esse epis\u00f3dio fala das pesquisas de dois cientistas Mirella Costa e Rafael Pinheiro nesses dois pontos emersos da cadeia, abordando v\u00e1rias curiosidades e a import\u00e2ncia de sua conserva\u00e7\u00e3o. @labogeo @mirellabfcosta @pinheirointheocean @cynthiagerling @golfinhorotador @maurizeliabrito #projetogolfinhorotador tem #patroci\u0301nioPetrobras [&hellip;]<\/p>\n","protected":false},"author":2,"featured_media":3187,"comment_status":"open","ping_status":"open","sticky":false,"template":"","format":"standard","meta":{"_acf_changed":false,"footnotes":""},"categories":[9,18],"tags":[],"class_list":["post-3184","post","type-post","status-publish","format-standard","has-post-thumbnail","hentry","category-noticias","category-podcast"],"acf":{"exibir_imagem_destacada":"N\u00e3o"},"yoast_head":"<!-- This site is optimized with the Yoast SEO plugin v27.4 - https:\/\/yoast.com\/product\/yoast-seo-wordpress\/ -->\n<title>Rocas e Noronha: Patrim\u00f4nio natural da humanidade \u2013 Podcast Golfinhos de Noronha #08 - Projeto Golfinho Rotador<\/title>\n<meta name=\"robots\" content=\"index, follow, max-snippet:-1, max-image-preview:large, max-video-preview:-1\" \/>\n<link rel=\"canonical\" href=\"https:\/\/golfinhorotador.org.br\/2022\/04\/03\/rocas-e-noronha-patrimonio-natural-da-humanidade-podcast-golfinhos-de-noronha-08\/\" \/>\n<meta property=\"og:locale\" content=\"en_US\" \/>\n<meta property=\"og:type\" content=\"article\" \/>\n<meta property=\"og:title\" content=\"Rocas e Noronha: Patrim\u00f4nio natural da humanidade \u2013 Podcast Golfinhos de Noronha #08 - Projeto Golfinho Rotador\" \/>\n<meta property=\"og:description\" content=\"Dois o\u00e1sis no Atl\u00e2ntico Sul ligados por uma cadeia de montanhas submarinas, chamada de Cadeia Fernando de Noronha. Esse epis\u00f3dio fala das pesquisas de dois cientistas Mirella Costa e Rafael Pinheiro nesses dois pontos emersos da cadeia, abordando v\u00e1rias curiosidades e a import\u00e2ncia de sua conserva\u00e7\u00e3o. @labogeo @mirellabfcosta @pinheirointheocean @cynthiagerling @golfinhorotador @maurizeliabrito #projetogolfinhorotador tem #patroci\u0301nioPetrobras [&hellip;]\" \/>\n<meta property=\"og:url\" content=\"https:\/\/golfinhorotador.org.br\/2022\/04\/03\/rocas-e-noronha-patrimonio-natural-da-humanidade-podcast-golfinhos-de-noronha-08\/\" \/>\n<meta property=\"og:site_name\" content=\"Projeto Golfinho Rotador\" \/>\n<meta property=\"article:publisher\" content=\"https:\/\/www.facebook.com\/Projeto-Golfinho-Rotador-155695874539813\" \/>\n<meta property=\"article:published_time\" content=\"2022-04-03T19:13:46+00:00\" \/>\n<meta property=\"article:modified_time\" content=\"2025-08-11T19:17:12+00:00\" \/>\n<meta property=\"og:image\" content=\"https:\/\/golfinhorotador.org.br\/wp-content\/uploads\/2025\/08\/pgr-podcast-08-destaque-1400.jpg\" \/>\n\t<meta property=\"og:image:width\" content=\"1400\" \/>\n\t<meta property=\"og:image:height\" content=\"1400\" \/>\n\t<meta property=\"og:image:type\" content=\"image\/jpeg\" \/>\n<meta name=\"author\" content=\"Projeto Golfinho Rotador\" \/>\n<meta name=\"twitter:card\" content=\"summary_large_image\" \/>\n<meta name=\"twitter:creator\" content=\"@golfinhorotador\" \/>\n<meta name=\"twitter:site\" content=\"@golfinhorotador\" \/>\n<meta name=\"twitter:label1\" content=\"Written by\" \/>\n\t<meta name=\"twitter:data1\" content=\"Projeto Golfinho Rotador\" \/>\n\t<meta name=\"twitter:label2\" content=\"Est. reading time\" \/>\n\t<meta name=\"twitter:data2\" content=\"1 minute\" \/>\n<script type=\"application\/ld+json\" class=\"yoast-schema-graph\">{\"@context\":\"https:\\\/\\\/schema.org\",\"@graph\":[{\"@type\":\"Article\",\"@id\":\"https:\\\/\\\/golfinhorotador.org.br\\\/2022\\\/04\\\/03\\\/rocas-e-noronha-patrimonio-natural-da-humanidade-podcast-golfinhos-de-noronha-08\\\/#article\",\"isPartOf\":{\"@id\":\"https:\\\/\\\/golfinhorotador.org.br\\\/2022\\\/04\\\/03\\\/rocas-e-noronha-patrimonio-natural-da-humanidade-podcast-golfinhos-de-noronha-08\\\/\"},\"author\":{\"name\":\"Projeto Golfinho Rotador\",\"@id\":\"https:\\\/\\\/golfinhorotador.org.br\\\/#\\\/schema\\\/person\\\/31c9f545fc127c9e21fc1c5f001269db\"},\"headline\":\"Rocas e Noronha: Patrim\u00f4nio natural da humanidade \u2013 Podcast Golfinhos de Noronha #08\",\"datePublished\":\"2022-04-03T19:13:46+00:00\",\"dateModified\":\"2025-08-11T19:17:12+00:00\",\"mainEntityOfPage\":{\"@id\":\"https:\\\/\\\/golfinhorotador.org.br\\\/2022\\\/04\\\/03\\\/rocas-e-noronha-patrimonio-natural-da-humanidade-podcast-golfinhos-de-noronha-08\\\/\"},\"wordCount\":141,\"commentCount\":0,\"publisher\":{\"@id\":\"https:\\\/\\\/golfinhorotador.org.br\\\/#organization\"},\"image\":{\"@id\":\"https:\\\/\\\/golfinhorotador.org.br\\\/2022\\\/04\\\/03\\\/rocas-e-noronha-patrimonio-natural-da-humanidade-podcast-golfinhos-de-noronha-08\\\/#primaryimage\"},\"thumbnailUrl\":\"https:\\\/\\\/golfinhorotador.org.br\\\/wp-content\\\/uploads\\\/2025\\\/08\\\/pgr-podcast-08-destaque-1400.jpg\",\"articleSection\":[\"Not\u00edcias\",\"Podcast\"],\"inLanguage\":\"en-US\",\"potentialAction\":[{\"@type\":\"CommentAction\",\"name\":\"Comment\",\"target\":[\"https:\\\/\\\/golfinhorotador.org.br\\\/2022\\\/04\\\/03\\\/rocas-e-noronha-patrimonio-natural-da-humanidade-podcast-golfinhos-de-noronha-08\\\/#respond\"]}]},{\"@type\":\"WebPage\",\"@id\":\"https:\\\/\\\/golfinhorotador.org.br\\\/2022\\\/04\\\/03\\\/rocas-e-noronha-patrimonio-natural-da-humanidade-podcast-golfinhos-de-noronha-08\\\/\",\"url\":\"https:\\\/\\\/golfinhorotador.org.br\\\/2022\\\/04\\\/03\\\/rocas-e-noronha-patrimonio-natural-da-humanidade-podcast-golfinhos-de-noronha-08\\\/\",\"name\":\"Rocas e Noronha: Patrim\u00f4nio natural da humanidade \u2013 Podcast Golfinhos de Noronha #08 - Projeto Golfinho Rotador\",\"isPartOf\":{\"@id\":\"https:\\\/\\\/golfinhorotador.org.br\\\/#website\"},\"primaryImageOfPage\":{\"@id\":\"https:\\\/\\\/golfinhorotador.org.br\\\/2022\\\/04\\\/03\\\/rocas-e-noronha-patrimonio-natural-da-humanidade-podcast-golfinhos-de-noronha-08\\\/#primaryimage\"},\"image\":{\"@id\":\"https:\\\/\\\/golfinhorotador.org.br\\\/2022\\\/04\\\/03\\\/rocas-e-noronha-patrimonio-natural-da-humanidade-podcast-golfinhos-de-noronha-08\\\/#primaryimage\"},\"thumbnailUrl\":\"https:\\\/\\\/golfinhorotador.org.br\\\/wp-content\\\/uploads\\\/2025\\\/08\\\/pgr-podcast-08-destaque-1400.jpg\",\"datePublished\":\"2022-04-03T19:13:46+00:00\",\"dateModified\":\"2025-08-11T19:17:12+00:00\",\"breadcrumb\":{\"@id\":\"https:\\\/\\\/golfinhorotador.org.br\\\/2022\\\/04\\\/03\\\/rocas-e-noronha-patrimonio-natural-da-humanidade-podcast-golfinhos-de-noronha-08\\\/#breadcrumb\"},\"inLanguage\":\"en-US\",\"potentialAction\":[{\"@type\":\"ReadAction\",\"target\":[\"https:\\\/\\\/golfinhorotador.org.br\\\/2022\\\/04\\\/03\\\/rocas-e-noronha-patrimonio-natural-da-humanidade-podcast-golfinhos-de-noronha-08\\\/\"]}]},{\"@type\":\"ImageObject\",\"inLanguage\":\"en-US\",\"@id\":\"https:\\\/\\\/golfinhorotador.org.br\\\/2022\\\/04\\\/03\\\/rocas-e-noronha-patrimonio-natural-da-humanidade-podcast-golfinhos-de-noronha-08\\\/#primaryimage\",\"url\":\"https:\\\/\\\/golfinhorotador.org.br\\\/wp-content\\\/uploads\\\/2025\\\/08\\\/pgr-podcast-08-destaque-1400.jpg\",\"contentUrl\":\"https:\\\/\\\/golfinhorotador.org.br\\\/wp-content\\\/uploads\\\/2025\\\/08\\\/pgr-podcast-08-destaque-1400.jpg\",\"width\":1400,\"height\":1400},{\"@type\":\"BreadcrumbList\",\"@id\":\"https:\\\/\\\/golfinhorotador.org.br\\\/2022\\\/04\\\/03\\\/rocas-e-noronha-patrimonio-natural-da-humanidade-podcast-golfinhos-de-noronha-08\\\/#breadcrumb\",\"itemListElement\":[{\"@type\":\"ListItem\",\"position\":1,\"name\":\"In\u00edcio\",\"item\":\"https:\\\/\\\/golfinhorotador.org.br\\\/en\\\/home\\\/\"},{\"@type\":\"ListItem\",\"position\":2,\"name\":\"Rocas e Noronha: Patrim\u00f4nio natural da humanidade \u2013 Podcast Golfinhos de Noronha #08\"}]},{\"@type\":\"WebSite\",\"@id\":\"https:\\\/\\\/golfinhorotador.org.br\\\/#website\",\"url\":\"https:\\\/\\\/golfinhorotador.org.br\\\/\",\"name\":\"Projeto Golfinho Rotador\",\"description\":\"Fernando de Noronha\",\"publisher\":{\"@id\":\"https:\\\/\\\/golfinhorotador.org.br\\\/#organization\"},\"potentialAction\":[{\"@type\":\"SearchAction\",\"target\":{\"@type\":\"EntryPoint\",\"urlTemplate\":\"https:\\\/\\\/golfinhorotador.org.br\\\/?s={search_term_string}\"},\"query-input\":{\"@type\":\"PropertyValueSpecification\",\"valueRequired\":true,\"valueName\":\"search_term_string\"}}],\"inLanguage\":\"en-US\"},{\"@type\":\"Organization\",\"@id\":\"https:\\\/\\\/golfinhorotador.org.br\\\/#organization\",\"name\":\"Projeto Golfinho Rotador\",\"url\":\"https:\\\/\\\/golfinhorotador.org.br\\\/\",\"logo\":{\"@type\":\"ImageObject\",\"inLanguage\":\"en-US\",\"@id\":\"https:\\\/\\\/golfinhorotador.org.br\\\/#\\\/schema\\\/logo\\\/image\\\/\",\"url\":\"https:\\\/\\\/golfinhorotador.org.br\\\/wp-content\\\/uploads\\\/2025\\\/07\\\/Logo-PGR-2025-512.png\",\"contentUrl\":\"https:\\\/\\\/golfinhorotador.org.br\\\/wp-content\\\/uploads\\\/2025\\\/07\\\/Logo-PGR-2025-512.png\",\"width\":512,\"height\":512,\"caption\":\"Projeto Golfinho Rotador\"},\"image\":{\"@id\":\"https:\\\/\\\/golfinhorotador.org.br\\\/#\\\/schema\\\/logo\\\/image\\\/\"},\"sameAs\":[\"https:\\\/\\\/www.facebook.com\\\/Projeto-Golfinho-Rotador-155695874539813\",\"https:\\\/\\\/x.com\\\/golfinhorotador\",\"https:\\\/\\\/www.instagram.com\\\/golfinhorotador\\\/\",\"https:\\\/\\\/www.youtube.com\\\/channel\\\/UCYw-aMfBHbkUU_DimpWJzbw\",\"https:\\\/\\\/www.tiktok.com\\\/@golfinhorotador\"]},{\"@type\":\"Person\",\"@id\":\"https:\\\/\\\/golfinhorotador.org.br\\\/#\\\/schema\\\/person\\\/31c9f545fc127c9e21fc1c5f001269db\",\"name\":\"Projeto Golfinho Rotador\",\"image\":{\"@type\":\"ImageObject\",\"inLanguage\":\"en-US\",\"@id\":\"https:\\\/\\\/secure.gravatar.com\\\/avatar\\\/4e2f6bba9197287956dc1c931a4caed810b09aec9b8f38aa913bd11926fd05d2?s=96&d=mm&r=g\",\"url\":\"https:\\\/\\\/secure.gravatar.com\\\/avatar\\\/4e2f6bba9197287956dc1c931a4caed810b09aec9b8f38aa913bd11926fd05d2?s=96&d=mm&r=g\",\"contentUrl\":\"https:\\\/\\\/secure.gravatar.com\\\/avatar\\\/4e2f6bba9197287956dc1c931a4caed810b09aec9b8f38aa913bd11926fd05d2?s=96&d=mm&r=g\",\"caption\":\"Projeto Golfinho Rotador\"},\"url\":\"https:\\\/\\\/golfinhorotador.org.br\\\/en\\\/author\\\/projeto-golfinho-rotador\\\/\"}]}<\/script>\n<!-- \/ Yoast SEO plugin. -->","yoast_head_json":{"title":"Rocas e Noronha: Patrim\u00f4nio natural da humanidade \u2013 Podcast Golfinhos de Noronha #08 - Projeto Golfinho Rotador","robots":{"index":"index","follow":"follow","max-snippet":"max-snippet:-1","max-image-preview":"max-image-preview:large","max-video-preview":"max-video-preview:-1"},"canonical":"https:\/\/golfinhorotador.org.br\/2022\/04\/03\/rocas-e-noronha-patrimonio-natural-da-humanidade-podcast-golfinhos-de-noronha-08\/","og_locale":"en_US","og_type":"article","og_title":"Rocas e Noronha: Patrim\u00f4nio natural da humanidade \u2013 Podcast Golfinhos de Noronha #08 - Projeto Golfinho Rotador","og_description":"Dois o\u00e1sis no Atl\u00e2ntico Sul ligados por uma cadeia de montanhas submarinas, chamada de Cadeia Fernando de Noronha. Esse epis\u00f3dio fala das pesquisas de dois cientistas Mirella Costa e Rafael Pinheiro nesses dois pontos emersos da cadeia, abordando v\u00e1rias curiosidades e a import\u00e2ncia de sua conserva\u00e7\u00e3o. @labogeo @mirellabfcosta @pinheirointheocean @cynthiagerling @golfinhorotador @maurizeliabrito #projetogolfinhorotador tem #patroci\u0301nioPetrobras [&hellip;]","og_url":"https:\/\/golfinhorotador.org.br\/2022\/04\/03\/rocas-e-noronha-patrimonio-natural-da-humanidade-podcast-golfinhos-de-noronha-08\/","og_site_name":"Projeto Golfinho Rotador","article_publisher":"https:\/\/www.facebook.com\/Projeto-Golfinho-Rotador-155695874539813","article_published_time":"2022-04-03T19:13:46+00:00","article_modified_time":"2025-08-11T19:17:12+00:00","og_image":[{"width":1400,"height":1400,"url":"https:\/\/golfinhorotador.org.br\/wp-content\/uploads\/2025\/08\/pgr-podcast-08-destaque-1400.jpg","type":"image\/jpeg"}],"author":"Projeto Golfinho Rotador","twitter_card":"summary_large_image","twitter_creator":"@golfinhorotador","twitter_site":"@golfinhorotador","twitter_misc":{"Written by":"Projeto Golfinho Rotador","Est. reading time":"1 minute"},"schema":{"@context":"https:\/\/schema.org","@graph":[{"@type":"Article","@id":"https:\/\/golfinhorotador.org.br\/2022\/04\/03\/rocas-e-noronha-patrimonio-natural-da-humanidade-podcast-golfinhos-de-noronha-08\/#article","isPartOf":{"@id":"https:\/\/golfinhorotador.org.br\/2022\/04\/03\/rocas-e-noronha-patrimonio-natural-da-humanidade-podcast-golfinhos-de-noronha-08\/"},"author":{"name":"Projeto Golfinho Rotador","@id":"https:\/\/golfinhorotador.org.br\/#\/schema\/person\/31c9f545fc127c9e21fc1c5f001269db"},"headline":"Rocas e Noronha: Patrim\u00f4nio natural da humanidade \u2013 Podcast Golfinhos de Noronha #08","datePublished":"2022-04-03T19:13:46+00:00","dateModified":"2025-08-11T19:17:12+00:00","mainEntityOfPage":{"@id":"https:\/\/golfinhorotador.org.br\/2022\/04\/03\/rocas-e-noronha-patrimonio-natural-da-humanidade-podcast-golfinhos-de-noronha-08\/"},"wordCount":141,"commentCount":0,"publisher":{"@id":"https:\/\/golfinhorotador.org.br\/#organization"},"image":{"@id":"https:\/\/golfinhorotador.org.br\/2022\/04\/03\/rocas-e-noronha-patrimonio-natural-da-humanidade-podcast-golfinhos-de-noronha-08\/#primaryimage"},"thumbnailUrl":"https:\/\/golfinhorotador.org.br\/wp-content\/uploads\/2025\/08\/pgr-podcast-08-destaque-1400.jpg","articleSection":["Not\u00edcias","Podcast"],"inLanguage":"en-US","potentialAction":[{"@type":"CommentAction","name":"Comment","target":["https:\/\/golfinhorotador.org.br\/2022\/04\/03\/rocas-e-noronha-patrimonio-natural-da-humanidade-podcast-golfinhos-de-noronha-08\/#respond"]}]},{"@type":"WebPage","@id":"https:\/\/golfinhorotador.org.br\/2022\/04\/03\/rocas-e-noronha-patrimonio-natural-da-humanidade-podcast-golfinhos-de-noronha-08\/","url":"https:\/\/golfinhorotador.org.br\/2022\/04\/03\/rocas-e-noronha-patrimonio-natural-da-humanidade-podcast-golfinhos-de-noronha-08\/","name":"Rocas e Noronha: Patrim\u00f4nio natural da humanidade \u2013 Podcast Golfinhos de Noronha #08 - Projeto Golfinho Rotador","isPartOf":{"@id":"https:\/\/golfinhorotador.org.br\/#website"},"primaryImageOfPage":{"@id":"https:\/\/golfinhorotador.org.br\/2022\/04\/03\/rocas-e-noronha-patrimonio-natural-da-humanidade-podcast-golfinhos-de-noronha-08\/#primaryimage"},"image":{"@id":"https:\/\/golfinhorotador.org.br\/2022\/04\/03\/rocas-e-noronha-patrimonio-natural-da-humanidade-podcast-golfinhos-de-noronha-08\/#primaryimage"},"thumbnailUrl":"https:\/\/golfinhorotador.org.br\/wp-content\/uploads\/2025\/08\/pgr-podcast-08-destaque-1400.jpg","datePublished":"2022-04-03T19:13:46+00:00","dateModified":"2025-08-11T19:17:12+00:00","breadcrumb":{"@id":"https:\/\/golfinhorotador.org.br\/2022\/04\/03\/rocas-e-noronha-patrimonio-natural-da-humanidade-podcast-golfinhos-de-noronha-08\/#breadcrumb"},"inLanguage":"en-US","potentialAction":[{"@type":"ReadAction","target":["https:\/\/golfinhorotador.org.br\/2022\/04\/03\/rocas-e-noronha-patrimonio-natural-da-humanidade-podcast-golfinhos-de-noronha-08\/"]}]},{"@type":"ImageObject","inLanguage":"en-US","@id":"https:\/\/golfinhorotador.org.br\/2022\/04\/03\/rocas-e-noronha-patrimonio-natural-da-humanidade-podcast-golfinhos-de-noronha-08\/#primaryimage","url":"https:\/\/golfinhorotador.org.br\/wp-content\/uploads\/2025\/08\/pgr-podcast-08-destaque-1400.jpg","contentUrl":"https:\/\/golfinhorotador.org.br\/wp-content\/uploads\/2025\/08\/pgr-podcast-08-destaque-1400.jpg","width":1400,"height":1400},{"@type":"BreadcrumbList","@id":"https:\/\/golfinhorotador.org.br\/2022\/04\/03\/rocas-e-noronha-patrimonio-natural-da-humanidade-podcast-golfinhos-de-noronha-08\/#breadcrumb","itemListElement":[{"@type":"ListItem","position":1,"name":"In\u00edcio","item":"https:\/\/golfinhorotador.org.br\/en\/home\/"},{"@type":"ListItem","position":2,"name":"Rocas e Noronha: Patrim\u00f4nio natural da humanidade \u2013 Podcast Golfinhos de Noronha #08"}]},{"@type":"WebSite","@id":"https:\/\/golfinhorotador.org.br\/#website","url":"https:\/\/golfinhorotador.org.br\/","name":"Projeto Golfinho Rotador","description":"Fernando de Noronha","publisher":{"@id":"https:\/\/golfinhorotador.org.br\/#organization"},"potentialAction":[{"@type":"SearchAction","target":{"@type":"EntryPoint","urlTemplate":"https:\/\/golfinhorotador.org.br\/?s={search_term_string}"},"query-input":{"@type":"PropertyValueSpecification","valueRequired":true,"valueName":"search_term_string"}}],"inLanguage":"en-US"},{"@type":"Organization","@id":"https:\/\/golfinhorotador.org.br\/#organization","name":"Projeto Golfinho Rotador","url":"https:\/\/golfinhorotador.org.br\/","logo":{"@type":"ImageObject","inLanguage":"en-US","@id":"https:\/\/golfinhorotador.org.br\/#\/schema\/logo\/image\/","url":"https:\/\/golfinhorotador.org.br\/wp-content\/uploads\/2025\/07\/Logo-PGR-2025-512.png","contentUrl":"https:\/\/golfinhorotador.org.br\/wp-content\/uploads\/2025\/07\/Logo-PGR-2025-512.png","width":512,"height":512,"caption":"Projeto Golfinho Rotador"},"image":{"@id":"https:\/\/golfinhorotador.org.br\/#\/schema\/logo\/image\/"},"sameAs":["https:\/\/www.facebook.com\/Projeto-Golfinho-Rotador-155695874539813","https:\/\/x.com\/golfinhorotador","https:\/\/www.instagram.com\/golfinhorotador\/","https:\/\/www.youtube.com\/channel\/UCYw-aMfBHbkUU_DimpWJzbw","https:\/\/www.tiktok.com\/@golfinhorotador"]},{"@type":"Person","@id":"https:\/\/golfinhorotador.org.br\/#\/schema\/person\/31c9f545fc127c9e21fc1c5f001269db","name":"Projeto Golfinho Rotador","image":{"@type":"ImageObject","inLanguage":"en-US","@id":"https:\/\/secure.gravatar.com\/avatar\/4e2f6bba9197287956dc1c931a4caed810b09aec9b8f38aa913bd11926fd05d2?s=96&d=mm&r=g","url":"https:\/\/secure.gravatar.com\/avatar\/4e2f6bba9197287956dc1c931a4caed810b09aec9b8f38aa913bd11926fd05d2?s=96&d=mm&r=g","contentUrl":"https:\/\/secure.gravatar.com\/avatar\/4e2f6bba9197287956dc1c931a4caed810b09aec9b8f38aa913bd11926fd05d2?s=96&d=mm&r=g","caption":"Projeto Golfinho Rotador"},"url":"https:\/\/golfinhorotador.org.br\/en\/author\/projeto-golfinho-rotador\/"}]}},"_links":{"self":[{"href":"https:\/\/golfinhorotador.org.br\/en\/wp-json\/wp\/v2\/posts\/3184","targetHints":{"allow":["GET"]}}],"collection":[{"href":"https:\/\/golfinhorotador.org.br\/en\/wp-json\/wp\/v2\/posts"}],"about":[{"href":"https:\/\/golfinhorotador.org.br\/en\/wp-json\/wp\/v2\/types\/post"}],"author":[{"embeddable":true,"href":"https:\/\/golfinhorotador.org.br\/en\/wp-json\/wp\/v2\/users\/2"}],"replies":[{"embeddable":true,"href":"https:\/\/golfinhorotador.org.br\/en\/wp-json\/wp\/v2\/comments?post=3184"}],"version-history":[{"count":4,"href":"https:\/\/golfinhorotador.org.br\/en\/wp-json\/wp\/v2\/posts\/3184\/revisions"}],"predecessor-version":[{"id":3192,"href":"https:\/\/golfinhorotador.org.br\/en\/wp-json\/wp\/v2\/posts\/3184\/revisions\/3192"}],"wp:featuredmedia":[{"embeddable":true,"href":"https:\/\/golfinhorotador.org.br\/en\/wp-json\/wp\/v2\/media\/3187"}],"wp:attachment":[{"href":"https:\/\/golfinhorotador.org.br\/en\/wp-json\/wp\/v2\/media?parent=3184"}],"wp:term":[{"taxonomy":"category","embeddable":true,"href":"https:\/\/golfinhorotador.org.br\/en\/wp-json\/wp\/v2\/categories?post=3184"},{"taxonomy":"post_tag","embeddable":true,"href":"https:\/\/golfinhorotador.org.br\/en\/wp-json\/wp\/v2\/tags?post=3184"}],"curies":[{"name":"wp","href":"https:\/\/api.w.org\/{rel}","templated":true}]}}